{"id":68425,"date":"2016-04-05T09:06:53","date_gmt":"2016-04-05T12:06:53","guid":{"rendered":"http:\/\/www.eltrabajo.cl\/portal\/?p=68425"},"modified":"2016-04-05T09:06:54","modified_gmt":"2016-04-05T12:06:54","slug":"demandan-a-empresa-de-radiotaxis-por-discriminar-a-joven-en-silla-de-ruedas","status":"publish","type":"post","link":"https:\/\/eltrabajo.cl\/portal\/demandan-a-empresa-de-radiotaxis-por-discriminar-a-joven-en-silla-de-ruedas\/","title":{"rendered":"Demandan a empresa de radiotaxis por discriminar a joven en silla de ruedas"},"content":{"rendered":"<p><strong>El afectado C\u00e9sar Arancibia dijo que la idea es sentar un presente para que no haya m\u00e1s discriminaci\u00f3n en contra de personas que movilizan en silla de ruedas.<\/strong><br \/>\n<strong>LOS ANDES.-<\/strong> Una acci\u00f3n judicial en virtud de la ley de discapacidad en contra de la empresa de radiotaxis \u2018Amanecer\u2019 present\u00f3 el Presidente del Centro de Discapacitados \u2018Esperanza Nuestra\u2019, C\u00e9sar Arancibia, porque uno de sus choferes se neg\u00f3 a trasladarlo por ser minusv\u00e1lido.<br \/>\nLa acci\u00f3n fue presentada en el Juzgado de Polic\u00eda Local y fue patrocinada por el Servicio Nacional de la Discapacidad.<br \/>\nSeg\u00fan coment\u00f3 C\u00e9sar Arancibia Lobos, la situaci\u00f3n se origin\u00f3 luego que solicitara un m\u00f3vil a la empresa para que lo trasladara desde su domicilio en el condominio Monte Verde hasta la sede del Centro de Discapacitados ubicado en avenida Argentina.<br \/>\nManifest\u00f3 que cuando lleg\u00f3 el taxi, \u00e9l se subi\u00f3 en el asiento del copiloto y fue all\u00ed que el conductor le dijo que para otra ocasi\u00f3n cuando llamara a la central de la empresa dijera que era minusv\u00e1lido, \u201cporque yo no llevo personas con sillas de ruedas\u201d.<br \/>\nA ra\u00edz de ello es que se produjo una discusi\u00f3n con el chofer, tras lo cual decidi\u00f3 bajarse advirti\u00e9ndole que lo denunciar\u00eda.<br \/>\nEllo motiv\u00f3 la ira del chofer que sac\u00f3 la silla de ruedas del maletero donde la hab\u00eda puesto su madre y no se la acerc\u00f3 para poderse bajar del auto y subirse a ella.<br \/>\nSu madre debi\u00f3 acercarle la silla al veh\u00edculo y fue en ese instante cuando \u00e9l se sub\u00eda que le pidi\u00f3 que anotara la patente del m\u00f3vil, ante lo cual el chofer exaltado inici\u00f3 la marcha sin esperar a que se subiera, poniendo en riesgo su integridad f\u00edsica.<br \/>\nTras ello el conductor escap\u00f3 a toda velocidad en direcci\u00f3n a San Vicente a fin de evitar que le tomaran la patente.<br \/>\nArancibia sostuvo que a trav\u00e9s de esta acci\u00f3n legal busca que hechos como \u00e9ste no vuelvan a afectar a otras personas con discapacidad y tampoco a adultos mayores y mujeres que andan con coches.<br \/>\nAgreg\u00f3 que esta situaci\u00f3n lo dej\u00f3 muy frustrado y sicol\u00f3gicamente mal por haber sido discriminado, ya que incluso cuando llam\u00f3 a la empresa para obtener los antecedentes del chofer se los negaron.<br \/>\nPor su parte el abogado de la Corporaci\u00f3n de Asistencia Judicial de Valpara\u00edso, Iv\u00e1n Gonz\u00e1lez, quien trabaja en convenio con el Senadis, manifest\u00f3 que esta acci\u00f3n legal busca poner en el tapete la discriminaci\u00f3n que sufren a diario los discapacitados en el transporte p\u00fablico.<br \/>\nAgreg\u00f3 que en el caso particular de C\u00e9sar, el conductor del taxi le exig\u00eda que no usara silla de ruedas y dada su condici\u00f3n no podr\u00eda desplazarse, \u201cy el punto es por qu\u00e9 se establecen requisitos arbitrarios y por eso hoy d\u00eda estamos reivindicando el derecho de C\u00e9sar a acceder al transporte p\u00fablico en condiciones dignas, pues no estamos pidiendo un favor ni una preferencia, sino que accedan en igualdad de condiciones al transporte p\u00fablico\u201d.<br \/>\nPrecis\u00f3 que con esta denuncia p\u00fablica buscan castigar a las empresas de transporte p\u00fablico que no respetan y discriminan a las personas discapacitadas.<br \/>\nDijo que C\u00e9sar era cliente habitual de esta empresa y nunca antes hab\u00eda tenido problemas, \u201cpero basta que una vez se produzca para que se estigmatice a estas personas y ellas tengan temor a salir a la calle\u201d.<br \/>\nIndic\u00f3 que C\u00e9sar tiene derechos y esperan que se apliquen las m\u00e1ximas multas en el ordenamiento jur\u00eddico por esta discriminaci\u00f3n que sufri\u00f3.<br \/>\n\u201cAdem\u00e1s la empresa se comport\u00f3 muy mal despu\u00e9s de la discriminaci\u00f3n porque nunca quiso entregar los datos del chofer, ni el n\u00famero de m\u00f3vil ni a qu\u00e9 hora hab\u00eda salido y por eso lo que estamos haciendo es demandar a la empresa que est\u00e1 encubriendo al discriminador\u201d, explic\u00f3.<\/p>\n<figure id=\"attachment_68426\" aria-describedby=\"caption-attachment-68426\" style=\"width: 530px\" class=\"wp-caption alignleft\"><a href=\"http:\/\/www.eltrabajo.cl\/portal\/demandan-a-empresa-de-radiotaxis-por-discriminar-a-joven-en-silla-de-ruedas\/querella-taxi\/\" rel=\"attachment wp-att-68426\"><img data-recalc-dims=\"1\" loading=\"lazy\" decoding=\"async\" class=\"size-full wp-image-68426\" src=\"https:\/\/i0.wp.com\/www.eltrabajo.cl\/portal\/wp-content\/uploads\/2016\/04\/Querella-Taxi.jpg?resize=530%2C348\" alt=\"C\u00e9sar Arancibia, presidente del Centro de Discapacitados \u2018Esperanza Nuestra\u2019 junto al abogado de la Corporaci\u00f3n de Asistencia Judicial de Valpara\u00edso Iv\u00e1n Gonz\u00e1lez, realiz\u00f3 una acci\u00f3n judicial contra un chofer de taxi por discriminaci\u00f3n.\" width=\"530\" height=\"348\" srcset=\"https:\/\/i0.wp.com\/eltrabajo.cl\/portal\/wp-content\/uploads\/2016\/04\/Querella-Taxi.jpg?w=530&amp;ssl=1 530w, https:\/\/i0.wp.com\/eltrabajo.cl\/portal\/wp-content\/uploads\/2016\/04\/Querella-Taxi.jpg?resize=200%2C131&amp;ssl=1 200w, https:\/\/i0.wp.com\/eltrabajo.cl\/portal\/wp-content\/uploads\/2016\/04\/Querella-Taxi.jpg?resize=300%2C197&amp;ssl=1 300w, https:\/\/i0.wp.com\/eltrabajo.cl\/portal\/wp-content\/uploads\/2016\/04\/Querella-Taxi.jpg?resize=228%2C150&amp;ssl=1 228w, https:\/\/i0.wp.com\/eltrabajo.cl\/portal\/wp-content\/uploads\/2016\/04\/Querella-Taxi.jpg?resize=400%2C263&amp;ssl=1 400w\" sizes=\"auto, (max-width: 530px) 100vw, 530px\" \/><\/a><figcaption id=\"caption-attachment-68426\" class=\"wp-caption-text\">C\u00e9sar Arancibia, presidente del Centro de Discapacitados \u2018Esperanza Nuestra\u2019 junto al abogado de la Corporaci\u00f3n de Asistencia Judicial de Valpara\u00edso Iv\u00e1n Gonz\u00e1lez, realiz\u00f3 una acci\u00f3n judicial contra un chofer de taxi por discriminaci\u00f3n.<\/figcaption><\/figure>\n","protected":false},"excerpt":{"rendered":"<p>El afectado C\u00e9sar Arancibia dijo que la idea es sentar un presente para que no haya m\u00e1s discriminaci\u00f3n en contra de personas que movilizan en silla de ruedas. LOS ANDES.- Una acci\u00f3n&#8230;<\/p>\n","protected":false},"author":1,"featured_media":68426,"comment_status":"open","ping_status":"open","sticky":false,"template":"","format":"standard","meta":{"advanced_seo_description":"","jetpack_seo_html_title":"","jetpack_seo_noindex":false,"_jetpack_memberships_contains_paid_content":false,"footnotes":""},"categories":[15],"tags":[],"class_list":["post-68425","post","type-post","status-publish","format-standard","has-post-thumbnail","hentry","category-comunidad"],"jetpack_featured_media_url":"https:\/\/i0.wp.com\/eltrabajo.cl\/portal\/wp-content\/uploads\/2016\/04\/Querella-Taxi.jpg?fit=530%2C348&ssl=1","jetpack_sharing_enabled":true,"jetpack_likes_enabled":true,"jetpack-related-posts":[],"_links":{"self":[{"href":"https:\/\/eltrabajo.cl\/portal\/wp-json\/wp\/v2\/posts\/68425","targetHints":{"allow":["GET"]}}],"collection":[{"href":"https:\/\/eltrabajo.cl\/portal\/wp-json\/wp\/v2\/posts"}],"about":[{"href":"https:\/\/eltrabajo.cl\/portal\/wp-json\/wp\/v2\/types\/post"}],"author":[{"embeddable":true,"href":"https:\/\/eltrabajo.cl\/portal\/wp-json\/wp\/v2\/users\/1"}],"replies":[{"embeddable":true,"href":"https:\/\/eltrabajo.cl\/portal\/wp-json\/wp\/v2\/comments?post=68425"}],"version-history":[{"count":0,"href":"https:\/\/eltrabajo.cl\/portal\/wp-json\/wp\/v2\/posts\/68425\/revisions"}],"wp:featuredmedia":[{"embeddable":true,"href":"https:\/\/eltrabajo.cl\/portal\/wp-json\/wp\/v2\/media\/68426"}],"wp:attachment":[{"href":"https:\/\/eltrabajo.cl\/portal\/wp-json\/wp\/v2\/media?parent=68425"}],"wp:term":[{"taxonomy":"category","embeddable":true,"href":"https:\/\/eltrabajo.cl\/portal\/wp-json\/wp\/v2\/categories?post=68425"},{"taxonomy":"post_tag","embeddable":true,"href":"https:\/\/eltrabajo.cl\/portal\/wp-json\/wp\/v2\/tags?post=68425"}],"curies":[{"name":"wp","href":"https:\/\/api.w.org\/{rel}","templated":true}]}}