{"id":68437,"date":"2016-04-06T08:59:11","date_gmt":"2016-04-06T11:59:11","guid":{"rendered":"http:\/\/www.eltrabajo.cl\/portal\/?p=68437"},"modified":"2016-04-06T08:59:11","modified_gmt":"2016-04-06T11:59:11","slug":"santa-maria-acordo-no-autorizar-publicidad-electoral-en-espacios-publicos","status":"publish","type":"post","link":"https:\/\/eltrabajo.cl\/portal\/santa-maria-acordo-no-autorizar-publicidad-electoral-en-espacios-publicos\/","title":{"rendered":"Santa Mar\u00eda acord\u00f3 no autorizar publicidad electoral en espacios p\u00fablicos"},"content":{"rendered":"<p><strong>SANTA MAR\u00cdA.-<\/strong> El concejo municipal de la comuna determin\u00f3 no autorizar la instalaci\u00f3n de publicidad electoral en los espacios p\u00fablicos para las pr\u00f3ximas elecciones municipales.<br \/>\nLa medida se adopt\u00f3 luego de analizar en sesi\u00f3n de concejo, las diferentes situaciones que se dan una vez que termina el proceso eleccionario y que dicen relaci\u00f3n principalmente con la contaminaci\u00f3n visual, los rayados, el uso indebido de estructuras.<br \/>\nSeg\u00fan lo se\u00f1al\u00f3 el alcalde Claudio Zurita, la idea es privilegiar la limpieza, el cuidado y la seguridad de los espacios p\u00fablicos. La experiencia ha demostrado que existen algunos candidatos, que por ejemplo ubican sus \u2018palomas\u2019 en lugares que obstaculizan la visi\u00f3n de los automovilistas y peatones. En otros casos utilizan postes de tendido el\u00e9ctrico lo que involucra un tema de seguridad tanto para quienes los instalan como para quienes transitan por las veredas y que adem\u00e1s en algunos casos, ni siquiera hacen retiro de ese tipo de publicidad instalada. Todo lo anterior sin considerar lo sucias que quedan las arterias principales de la comuna durante ese proceso.<br \/>\nFinalmente el edil se\u00f1al\u00f3 que se podr\u00e1 instalar publicidad electoral, s\u00f3lo en recintos privados o casas particulares debidamente autorizadas por sus due\u00f1os.<\/p>\n<figure id=\"attachment_68438\" aria-describedby=\"caption-attachment-68438\" style=\"width: 530px\" class=\"wp-caption alignleft\"><a href=\"http:\/\/www.eltrabajo.cl\/portal\/santa-maria-acordo-no-autorizar-publicidad-electoral-en-espacios-publicos\/plaza-santa-maria\/\" rel=\"attachment wp-att-68438\"><img data-recalc-dims=\"1\" loading=\"lazy\" decoding=\"async\" class=\"size-full wp-image-68438\" src=\"https:\/\/i0.wp.com\/www.eltrabajo.cl\/portal\/wp-content\/uploads\/2016\/04\/Plaza-Santa-Maria.jpg?resize=530%2C348\" alt=\"El concejo municipal de Santa Mar\u00eda, acord\u00f3 prohibir la instalaci\u00f3n de propaganda electoral en los espacios p\u00fablicos.\" width=\"530\" height=\"348\" srcset=\"https:\/\/i0.wp.com\/eltrabajo.cl\/portal\/wp-content\/uploads\/2016\/04\/Plaza-Santa-Maria.jpg?w=530&amp;ssl=1 530w, https:\/\/i0.wp.com\/eltrabajo.cl\/portal\/wp-content\/uploads\/2016\/04\/Plaza-Santa-Maria.jpg?resize=200%2C131&amp;ssl=1 200w, https:\/\/i0.wp.com\/eltrabajo.cl\/portal\/wp-content\/uploads\/2016\/04\/Plaza-Santa-Maria.jpg?resize=300%2C197&amp;ssl=1 300w, https:\/\/i0.wp.com\/eltrabajo.cl\/portal\/wp-content\/uploads\/2016\/04\/Plaza-Santa-Maria.jpg?resize=228%2C150&amp;ssl=1 228w, https:\/\/i0.wp.com\/eltrabajo.cl\/portal\/wp-content\/uploads\/2016\/04\/Plaza-Santa-Maria.jpg?resize=400%2C263&amp;ssl=1 400w\" sizes=\"auto, (max-width: 530px) 100vw, 530px\" \/><\/a><figcaption id=\"caption-attachment-68438\" class=\"wp-caption-text\">El concejo municipal de Santa Mar\u00eda, acord\u00f3 prohibir la instalaci\u00f3n de propaganda electoral en los espacios p\u00fablicos.<\/figcaption><\/figure>\n","protected":false},"excerpt":{"rendered":"<p>SANTA MAR\u00cdA.- El concejo municipal de la comuna determin\u00f3 no autorizar la instalaci\u00f3n de publicidad electoral en los espacios p\u00fablicos para las pr\u00f3ximas elecciones municipales. La medida se adopt\u00f3 luego de analizar&#8230;<\/p>\n","protected":false},"author":1,"featured_media":68438,"comment_status":"open","ping_status":"open","sticky":false,"template":"","format":"standard","meta":{"advanced_seo_description":"","jetpack_seo_html_title":"","jetpack_seo_noindex":false,"_jetpack_memberships_contains_paid_content":false,"footnotes":""},"categories":[1],"tags":[],"class_list":["post-68437","post","type-post","status-publish","format-standard","has-post-thumbnail","hentry","category-cronica"],"jetpack_featured_media_url":"https:\/\/i0.wp.com\/eltrabajo.cl\/portal\/wp-content\/uploads\/2016\/04\/Plaza-Santa-Maria.jpg?fit=530%2C348&ssl=1","jetpack_sharing_enabled":true,"jetpack_likes_enabled":true,"jetpack-related-posts":[],"_links":{"self":[{"href":"https:\/\/eltrabajo.cl\/portal\/wp-json\/wp\/v2\/posts\/68437","targetHints":{"allow":["GET"]}}],"collection":[{"href":"https:\/\/eltrabajo.cl\/portal\/wp-json\/wp\/v2\/posts"}],"about":[{"href":"https:\/\/eltrabajo.cl\/portal\/wp-json\/wp\/v2\/types\/post"}],"author":[{"embeddable":true,"href":"https:\/\/eltrabajo.cl\/portal\/wp-json\/wp\/v2\/users\/1"}],"replies":[{"embeddable":true,"href":"https:\/\/eltrabajo.cl\/portal\/wp-json\/wp\/v2\/comments?post=68437"}],"version-history":[{"count":0,"href":"https:\/\/eltrabajo.cl\/portal\/wp-json\/wp\/v2\/posts\/68437\/revisions"}],"wp:featuredmedia":[{"embeddable":true,"href":"https:\/\/eltrabajo.cl\/portal\/wp-json\/wp\/v2\/media\/68438"}],"wp:attachment":[{"href":"https:\/\/eltrabajo.cl\/portal\/wp-json\/wp\/v2\/media?parent=68437"}],"wp:term":[{"taxonomy":"category","embeddable":true,"href":"https:\/\/eltrabajo.cl\/portal\/wp-json\/wp\/v2\/categories?post=68437"},{"taxonomy":"post_tag","embeddable":true,"href":"https:\/\/eltrabajo.cl\/portal\/wp-json\/wp\/v2\/tags?post=68437"}],"curies":[{"name":"wp","href":"https:\/\/api.w.org\/{rel}","templated":true}]}}