{"id":68441,"date":"2016-04-06T09:00:46","date_gmt":"2016-04-06T12:00:46","guid":{"rendered":"http:\/\/www.eltrabajo.cl\/portal\/?p=68441"},"modified":"2016-04-06T09:00:46","modified_gmt":"2016-04-06T12:00:46","slug":"opel-llega-a-regiones-ampliando-su-red-a-34-puntos-de-venta","status":"publish","type":"post","link":"https:\/\/eltrabajo.cl\/portal\/opel-llega-a-regiones-ampliando-su-red-a-34-puntos-de-venta\/","title":{"rendered":"Opel llega a regiones ampliando su red a 34 puntos de venta"},"content":{"rendered":"<p><strong>En el marco del 4\u00ba aniversario de la marca en Chile:<\/strong><br \/>\nLa compa\u00f1\u00eda alemana se incorporar\u00e1 a puntos de venta de la red de concesionarios Chevrolet, expandiendo su presencia en la V, VI, VII, VIII y Regi\u00f3n Metropolitana.<br \/>\nCon el objetivo de ampliar la presencia de la marca en el pa\u00eds, Opel anunci\u00f3 que ampliar\u00e1 su red de concesionarios a trav\u00e9s de la incorporaci\u00f3n de su portafolio de autom\u00f3viles en 26 puntos de ventas de Chevrolet adicionales a los existentes, ambas marcas aunadas bajo la compa\u00f1\u00eda General Motors, lo que permitir\u00e1 llegar por primera vez a la VI y VII regiones adem\u00e1s de ampliar su presencia en las regiones V, VIII y RM.<br \/>\nLa iniciativa surge en el marco del cuarto aniversario desde que la marca regres\u00f3 a Chile, y busca generar un plan piloto que ampl\u00ede la llegada de Opel en puntos estrat\u00e9gicos del pa\u00eds. El objetivo es que los consumidores tengan la posibilidad de acceder a la tecnolog\u00eda y dise\u00f1o innovador que entregan los autom\u00f3viles de la marca alemana.<br \/>\nLos modelos que llegan a regiones son el Corsa, Mokka y Astra, y se podr\u00e1n encontrar en los distintos concesionarios de Inalco, Melhuish, Coseche y Kovacs de Quillota, San Felipe, Los Andes, Quilpu\u00e9, Vi\u00f1a del Mar, Valpara\u00edso, Rancagua, Talca, Curic\u00f3, Linares, Chill\u00e1n y Concepci\u00f3n.<br \/>\n\u201cCon esta decisi\u00f3n esperamos hacer crecer a la familia Opel, llevando a regiones los pilares que definen a nuestra marca: Emocionante, Alem\u00e1n y Cercano. Con esto marcamos un antes y un despu\u00e9s en la historia de la compa\u00f1\u00eda en el pa\u00eds,\u201d afirm\u00f3 Mauricio Diuana, Gerente Comercial de Opel Chile.<br \/>\nEsta iniciativa se trata de un hito en la historia de Opel en Chile, ya que es la primera vez que se instala fuera de las grandes ciudades, como Santiago, Vi\u00f1a del Mar y Concepci\u00f3n, en una apuesta por la descentralizaci\u00f3n y por impulsar el pilar de cercan\u00eda que define a la marca a nivel mundial.<\/p>\n<figure id=\"attachment_68442\" aria-describedby=\"caption-attachment-68442\" style=\"width: 530px\" class=\"wp-caption alignleft\"><a href=\"http:\/\/www.eltrabajo.cl\/portal\/opel-llega-a-regiones-ampliando-su-red-a-34-puntos-de-venta\/mauricio-diuana-gerente-comercial-opel-1\/\" rel=\"attachment wp-att-68442\"><img data-recalc-dims=\"1\" loading=\"lazy\" decoding=\"async\" class=\"size-full wp-image-68442\" src=\"https:\/\/i0.wp.com\/www.eltrabajo.cl\/portal\/wp-content\/uploads\/2016\/04\/Mauricio-Diuana-Gerente-Comercial-Opel-1.jpg?resize=530%2C350\" alt=\"Mauricio Diuana, Gerente Comercial de Opel Chile.\" width=\"530\" height=\"350\" srcset=\"https:\/\/i0.wp.com\/eltrabajo.cl\/portal\/wp-content\/uploads\/2016\/04\/Mauricio-Diuana-Gerente-Comercial-Opel-1.jpg?w=530&amp;ssl=1 530w, https:\/\/i0.wp.com\/eltrabajo.cl\/portal\/wp-content\/uploads\/2016\/04\/Mauricio-Diuana-Gerente-Comercial-Opel-1.jpg?resize=200%2C132&amp;ssl=1 200w, https:\/\/i0.wp.com\/eltrabajo.cl\/portal\/wp-content\/uploads\/2016\/04\/Mauricio-Diuana-Gerente-Comercial-Opel-1.jpg?resize=300%2C198&amp;ssl=1 300w, https:\/\/i0.wp.com\/eltrabajo.cl\/portal\/wp-content\/uploads\/2016\/04\/Mauricio-Diuana-Gerente-Comercial-Opel-1.jpg?resize=227%2C150&amp;ssl=1 227w, https:\/\/i0.wp.com\/eltrabajo.cl\/portal\/wp-content\/uploads\/2016\/04\/Mauricio-Diuana-Gerente-Comercial-Opel-1.jpg?resize=400%2C264&amp;ssl=1 400w\" sizes=\"auto, (max-width: 530px) 100vw, 530px\" \/><\/a><figcaption id=\"caption-attachment-68442\" class=\"wp-caption-text\">Mauricio Diuana, Gerente Comercial de Opel Chile.<\/figcaption><\/figure>\n","protected":false},"excerpt":{"rendered":"<p>En el marco del 4\u00ba aniversario de la marca en Chile: La compa\u00f1\u00eda alemana se incorporar\u00e1 a puntos de venta de la red de concesionarios Chevrolet, expandiendo su presencia en la V,&#8230;<\/p>\n","protected":false},"author":1,"featured_media":68442,"comment_status":"open","ping_status":"open","sticky":false,"template":"","format":"standard","meta":{"advanced_seo_description":"","jetpack_seo_html_title":"","jetpack_seo_noindex":false,"_jetpack_memberships_contains_paid_content":false,"footnotes":""},"categories":[1],"tags":[],"class_list":["post-68441","post","type-post","status-publish","format-standard","has-post-thumbnail","hentry","category-cronica"],"jetpack_featured_media_url":"https:\/\/i0.wp.com\/eltrabajo.cl\/portal\/wp-content\/uploads\/2016\/04\/Mauricio-Diuana-Gerente-Comercial-Opel-1.jpg?fit=530%2C350&ssl=1","jetpack_sharing_enabled":true,"jetpack_likes_enabled":true,"jetpack-related-posts":[],"_links":{"self":[{"href":"https:\/\/eltrabajo.cl\/portal\/wp-json\/wp\/v2\/posts\/68441","targetHints":{"allow":["GET"]}}],"collection":[{"href":"https:\/\/eltrabajo.cl\/portal\/wp-json\/wp\/v2\/posts"}],"about":[{"href":"https:\/\/eltrabajo.cl\/portal\/wp-json\/wp\/v2\/types\/post"}],"author":[{"embeddable":true,"href":"https:\/\/eltrabajo.cl\/portal\/wp-json\/wp\/v2\/users\/1"}],"replies":[{"embeddable":true,"href":"https:\/\/eltrabajo.cl\/portal\/wp-json\/wp\/v2\/comments?post=68441"}],"version-history":[{"count":0,"href":"https:\/\/eltrabajo.cl\/portal\/wp-json\/wp\/v2\/posts\/68441\/revisions"}],"wp:featuredmedia":[{"embeddable":true,"href":"https:\/\/eltrabajo.cl\/portal\/wp-json\/wp\/v2\/media\/68442"}],"wp:attachment":[{"href":"https:\/\/eltrabajo.cl\/portal\/wp-json\/wp\/v2\/media?parent=68441"}],"wp:term":[{"taxonomy":"category","embeddable":true,"href":"https:\/\/eltrabajo.cl\/portal\/wp-json\/wp\/v2\/categories?post=68441"},{"taxonomy":"post_tag","embeddable":true,"href":"https:\/\/eltrabajo.cl\/portal\/wp-json\/wp\/v2\/tags?post=68441"}],"curies":[{"name":"wp","href":"https:\/\/api.w.org\/{rel}","templated":true}]}}