{"id":68445,"date":"2016-04-06T09:02:25","date_gmt":"2016-04-06T12:02:25","guid":{"rendered":"http:\/\/www.eltrabajo.cl\/portal\/?p=68445"},"modified":"2016-04-06T09:02:25","modified_gmt":"2016-04-06T12:02:25","slug":"vecinos-acusan-abandono-de-espacio-publico-en-villa-peter-horn-de-rinconada-de-silva","status":"publish","type":"post","link":"https:\/\/eltrabajo.cl\/portal\/vecinos-acusan-abandono-de-espacio-publico-en-villa-peter-horn-de-rinconada-de-silva\/","title":{"rendered":"Vecinos acusan abandono de espacio p\u00fablico en villa Peter Horn de Rinconada de Silva"},"content":{"rendered":"<p><strong>Mois\u00e9s Lorca Lobos afirm\u00f3 que detr\u00e1s de la sede vecinal, un espacio que puede ser destinado para la recreaci\u00f3n de ni\u00f1os y j\u00f3venes se est\u00e1 convirtiendo en un micro basural y acus\u00f3 trato prepotente del presidente de la Junta de Vecinos.<\/strong><br \/>\n<strong>PUTAENDO.-<\/strong> Asegurando estar cansado de diversas situaciones que lo han afectado en su cotidianidad al ser una persona que debe seguir un tratamiento por una enfermedad que lo aqueja, Mois\u00e9s Lorca Lobos, residente de la villa Peter Horn de Rinconada de Silva, denunci\u00f3 que hoy los ni\u00f1os y j\u00f3venes del sector deben jugar en la calle pues no cuentan con un espacio para recrearse, cuestionando que detr\u00e1s de la sede vecinal existe un espacio que puede ser destinado para este fin y que hoy se est\u00e1 convirtiendo en un micro basural.<br \/>\nJunto con ello, el denunciante acus\u00f3 un trato d\u00e9spota por parte del presidente de la junta de vecinos del sector, al momento de plantearle su inquietud.<br \/>\nLorca asegur\u00f3 que diariamente muchos ni\u00f1os practican f\u00fatbol en el pasaje donde reside, y en su caso, por distintos motivos la pelota cae en su propiedad, y con la mejor disposici\u00f3n siempre la devuelve, pero producto de un estricto tratamiento m\u00e9dico muchas veces a las 21:00 horas debe estar durmiendo y se repite la misma situaci\u00f3n transcurrido ese horario, motivo por el cual y como una manera de evitar que los ni\u00f1os jueguen en la calle, y entendiendo que tras la sede de la junta de vecinos a\u00fan est\u00e1n los viejos arcos, donde siempre los j\u00f3venes jugaban en ese lugar a pesar que es de tierra, se acerc\u00f3 al presidente de la junta de vecinos para expresarle esta situaci\u00f3n y plantarle la recuperaci\u00f3n del espacio.<\/p>\n<p><strong>\u201cV\u00c1YASE A RECLAMAR DONDE QUIERA\u201d<\/strong><br \/>\n\u201cSoy un vecino que se lleva muy bien con los dem\u00e1s, la gente me conoce pues trabaj\u00e9 muchos a\u00f1os con la Sra. Liliana y don Guillermo en el Restaurant Lilianett. Soy muy respetuoso de todas las personas, y con ese mismo respeto y en forma muy educada me acerqu\u00e9 a conversar con don Ren\u00e9 Reyes y le dije que c\u00f3mo era posible que incluso tras un box de atenci\u00f3n m\u00e9dica existiera este micro basural, donde incluso hay veh\u00edculos que pr\u00e1cticamente est\u00e1n abandonados y un mont\u00edculo de tierra que entiendo era para nivelar ese patio, y la respuesta que recib\u00ed de \u00e9l fue decepcionante, porque en forma muy prepotente me dijo que yo soy un mal vecino y que \u00e9l hace lo que quiere y que fuera a reclamar donde yo quisiera, lo que considero una falta de respeto, pues mi \u00fanica intenci\u00f3n era tratar de explicar un problema para favorecer a los ni\u00f1os de la poblaci\u00f3n, lo que no significa atacarlo a \u00e9l, a la junta de vecinos o el entorno\u201d, expres\u00f3 Mois\u00e9s Lorca.<br \/>\nEl denunciante sostuvo que tras recibir esta respuesta por parte del dirigente, acudi\u00f3 a conversar con el alcalde Guillermo Reyes, quien atendi\u00f3 su planteamiento y se comprometi\u00f3 a enviar maquinaria para despejar el lugar una vez que los vecinos del sector se re\u00fanan para tomar un acuerdo<br \/>\nFinalmente, Mois\u00e9s Lorca agradeci\u00f3 la disposici\u00f3n de la autoridad comunal e insisti\u00f3 en que \u00e9l no puede hacer las cosas por su cuenta, motivo por el cual lament\u00f3 la actitud y el trato del presidente de la Junta de Vecinos de villa Peter Horn.<br \/>\n<strong>Patricio Gallardo M.<\/strong><\/p>\n<figure id=\"attachment_68446\" aria-describedby=\"caption-attachment-68446\" style=\"width: 530px\" class=\"wp-caption alignleft\"><a href=\"http:\/\/www.eltrabajo.cl\/portal\/vecinos-acusan-abandono-de-espacio-publico-en-villa-peter-horn-de-rinconada-de-silva\/terreno\/\" rel=\"attachment wp-att-68446\"><img data-recalc-dims=\"1\" loading=\"lazy\" decoding=\"async\" class=\"size-full wp-image-68446\" src=\"https:\/\/i0.wp.com\/www.eltrabajo.cl\/portal\/wp-content\/uploads\/2016\/04\/Terreno.jpg?resize=530%2C348\" alt=\"En la villa Peter Horn de Rinconada de Silva, detr\u00e1s de la sede vecinal, hay un terreno que se est\u00e1 transformando en un micro basural y que, seg\u00fan Mois\u00e9s Lorca, podr\u00eda ser utilizado por los j\u00f3venes del sector para recrearse.\" width=\"530\" height=\"348\" srcset=\"https:\/\/i0.wp.com\/eltrabajo.cl\/portal\/wp-content\/uploads\/2016\/04\/Terreno.jpg?w=530&amp;ssl=1 530w, https:\/\/i0.wp.com\/eltrabajo.cl\/portal\/wp-content\/uploads\/2016\/04\/Terreno.jpg?resize=200%2C131&amp;ssl=1 200w, https:\/\/i0.wp.com\/eltrabajo.cl\/portal\/wp-content\/uploads\/2016\/04\/Terreno.jpg?resize=300%2C197&amp;ssl=1 300w, https:\/\/i0.wp.com\/eltrabajo.cl\/portal\/wp-content\/uploads\/2016\/04\/Terreno.jpg?resize=228%2C150&amp;ssl=1 228w, https:\/\/i0.wp.com\/eltrabajo.cl\/portal\/wp-content\/uploads\/2016\/04\/Terreno.jpg?resize=400%2C263&amp;ssl=1 400w\" sizes=\"auto, (max-width: 530px) 100vw, 530px\" \/><\/a><figcaption id=\"caption-attachment-68446\" class=\"wp-caption-text\">En la villa Peter Horn de Rinconada de Silva, detr\u00e1s de la sede vecinal, hay un terreno que se est\u00e1 transformando en un micro basural y que, seg\u00fan Mois\u00e9s Lorca, podr\u00eda ser utilizado por los j\u00f3venes del sector para recrearse.<\/figcaption><\/figure>\n","protected":false},"excerpt":{"rendered":"<p>Mois\u00e9s Lorca Lobos afirm\u00f3 que detr\u00e1s de la sede vecinal, un espacio que puede ser destinado para la recreaci\u00f3n de ni\u00f1os y j\u00f3venes se est\u00e1 convirtiendo en un micro basural y acus\u00f3&#8230;<\/p>\n","protected":false},"author":1,"featured_media":68446,"comment_status":"open","ping_status":"open","sticky":false,"template":"","format":"standard","meta":{"advanced_seo_description":"","jetpack_seo_html_title":"","jetpack_seo_noindex":false,"_jetpack_memberships_contains_paid_content":false,"footnotes":""},"categories":[15],"tags":[],"class_list":["post-68445","post","type-post","status-publish","format-standard","has-post-thumbnail","hentry","category-comunidad"],"jetpack_featured_media_url":"https:\/\/i0.wp.com\/eltrabajo.cl\/portal\/wp-content\/uploads\/2016\/04\/Terreno.jpg?fit=530%2C348&ssl=1","jetpack_sharing_enabled":true,"jetpack_likes_enabled":true,"jetpack-related-posts":[],"_links":{"self":[{"href":"https:\/\/eltrabajo.cl\/portal\/wp-json\/wp\/v2\/posts\/68445","targetHints":{"allow":["GET"]}}],"collection":[{"href":"https:\/\/eltrabajo.cl\/portal\/wp-json\/wp\/v2\/posts"}],"about":[{"href":"https:\/\/eltrabajo.cl\/portal\/wp-json\/wp\/v2\/types\/post"}],"author":[{"embeddable":true,"href":"https:\/\/eltrabajo.cl\/portal\/wp-json\/wp\/v2\/users\/1"}],"replies":[{"embeddable":true,"href":"https:\/\/eltrabajo.cl\/portal\/wp-json\/wp\/v2\/comments?post=68445"}],"version-history":[{"count":0,"href":"https:\/\/eltrabajo.cl\/portal\/wp-json\/wp\/v2\/posts\/68445\/revisions"}],"wp:featuredmedia":[{"embeddable":true,"href":"https:\/\/eltrabajo.cl\/portal\/wp-json\/wp\/v2\/media\/68446"}],"wp:attachment":[{"href":"https:\/\/eltrabajo.cl\/portal\/wp-json\/wp\/v2\/media?parent=68445"}],"wp:term":[{"taxonomy":"category","embeddable":true,"href":"https:\/\/eltrabajo.cl\/portal\/wp-json\/wp\/v2\/categories?post=68445"},{"taxonomy":"post_tag","embeddable":true,"href":"https:\/\/eltrabajo.cl\/portal\/wp-json\/wp\/v2\/tags?post=68445"}],"curies":[{"name":"wp","href":"https:\/\/api.w.org\/{rel}","templated":true}]}}