{"id":68449,"date":"2016-04-06T09:04:44","date_gmt":"2016-04-06T12:04:44","guid":{"rendered":"http:\/\/www.eltrabajo.cl\/portal\/?p=68449"},"modified":"2016-04-06T09:04:44","modified_gmt":"2016-04-06T12:04:44","slug":"a-fines-de-este-mes-comenzara-a-atender-la-primera-farmacia-municipal-de-aconcagua","status":"publish","type":"post","link":"https:\/\/eltrabajo.cl\/portal\/a-fines-de-este-mes-comenzara-a-atender-la-primera-farmacia-municipal-de-aconcagua\/","title":{"rendered":"A fines de este mes comenzar\u00e1 a atender la primera Farmacia Municipal de Aconcagua"},"content":{"rendered":"<p><strong>Ya fue solicitado a Cenabast el primer stock de medicamentos, los cuales, podr\u00e1n ser adquiridos s\u00f3lo presentando la receta m\u00e9dica. Adem\u00e1s se confirm\u00f3 que junto con los f\u00e1rmacos, se vender\u00e1n pa\u00f1ales para adultos.<\/strong><\/p>\n<p>Much\u00edsimas expresiones de alegr\u00eda y de felicitaci\u00f3n por parte de vecinos que transitaban por el centro de San Felipe, recibi\u00f3 el alcalde Patricio Freire al visitar la ma\u00f1ana de este martes, acompa\u00f1ado del concejal Dante Rodr\u00edguez y la directora de Salud Municipal, la enfermera Marcela Brito S\u00e1ez, las instalaciones de la calle Traslavi\u00f1a donde a fines de este mes comenzar\u00e1 a atender la Farmacia Municipal de San Felipe, la primera del Valle de Aconcagua y la segunda de la Regi\u00f3n de Valpara\u00edso, despu\u00e9s de Vi\u00f1a del Mar.<br \/>\nMarcela Brito S\u00e1ez, aprovech\u00f3 de ratificar que la iniciativa beneficiar\u00e1 a principalmente a los usuarios de Fonasa y en caso de alg\u00fan evento particular, de un vecino o vecina perteneciente al sistema privado, \u00e9ste se evaluar\u00e1 y se apoyar\u00e1, siguiendo la l\u00ednea de atenci\u00f3n que el municipio tiene en la actualidad.<br \/>\nLa profesional afirm\u00f3 que \u201cexisten 11 farmacias ya funcionando en el pa\u00eds, nosotros al parecer vamos a ser la n\u00famero 12 y dentro de ellas hay cuatro modelos diferentes, la nuestra se encuentra enmarcada en la que beneficia a los usuarios del sistema p\u00fablico de salud, como nuestro primer foco. No obstante, habiendo alg\u00fan requerimiento espec\u00edfico en aquellas patolog\u00edas que necesitan medicamentos de alta cuant\u00eda, podemos hacer las gestiones para poder incorporarlos\u201d, sostuvo.<br \/>\n\u201cEn nuestra comuna, el 80 % de nuestros vecinos pertenecen a Fonasa, en este momento ir\u00e1 a destinada a esos usuarios (as), si viene alg\u00fan privado lo evaluamos, porque hay que recordar que esta iniciativa tiene un objetivo social, ese es el prop\u00f3sito, pero si alguien necesita apoyo se lo vamos a entregar\u201d, agreg\u00f3 la personera.<br \/>\nDe acuerdo a lo informado por Brito, la inversi\u00f3n inicial del municipio para la adquisici\u00f3n del primer stock de medicamentos, bordea los 9 millones de pesos, con un costo total de la implementaci\u00f3n de la Farmacia de 34 millones de pesos y una proyecci\u00f3n de mantenci\u00f3n anual cercana a los 45 millones de pesos.<br \/>\nEn relaci\u00f3n con la adquisici\u00f3n de f\u00e1rmacos, la profesional asegur\u00f3 que ya se encuentra hecho el primer pedido y se espera su llegada durante los pr\u00f3ximos d\u00edas. Adem\u00e1s confirm\u00f3 que los proveedores de remedios ser\u00e1n la Cenabast (Central Nacional de Abastecimiento) y algunas entidades privadas que les garantizan la disponibilidad de medicamentos en un corto plazo.<br \/>\nCabe destacar que lo f\u00e1rmacos a disposici\u00f3n de los vecinos sanfelipe\u00f1os, deben ser comprados con la respectiva receta m\u00e9dica, esto con el fin de evitar la automedicaci\u00f3n y la reventa de algunos remedios de mayor costo. Adem\u00e1s, Brito confirm\u00f3 que junto con los medicamentos, se pondr\u00e1n a la venta pa\u00f1ales, hecho que fundament\u00f3 en que \u201cespecialmente pensando en nuestros adultos mayores, lo hemos conversado con nuestro alcalde, un prop\u00f3sito que a \u00e9l bastante le interesa es saber c\u00f3mo podemos ir apoy\u00e1ndolos, pacientes postrados, que sabemos el costo que significa su cuidado, por lo tanto s\u00ed vamos a proveerlos\u201d, concluy\u00f3.<\/p>\n<figure id=\"attachment_68450\" aria-describedby=\"caption-attachment-68450\" style=\"width: 530px\" class=\"wp-caption alignleft\"><a href=\"http:\/\/www.eltrabajo.cl\/portal\/a-fines-de-este-mes-comenzara-a-atender-la-primera-farmacia-municipal-de-aconcagua\/portadilla-alternativa-foto-1\/\" rel=\"attachment wp-att-68450\"><img data-recalc-dims=\"1\" loading=\"lazy\" decoding=\"async\" class=\"size-full wp-image-68450\" src=\"https:\/\/i0.wp.com\/www.eltrabajo.cl\/portal\/wp-content\/uploads\/2016\/04\/portadilla-ALTERNATIVA-FOTO-1.jpg?resize=530%2C349\" alt=\"Alcalde de San Felipe Patricio Freire, junto a la directora de Salud Municipal Marcela Brito y el concejal Dante Rodr\u00edguez visitaron las instalaciones de la Farmacia Popular ubicada en Traslavi\u00f1a 1376.\" width=\"530\" height=\"349\" srcset=\"https:\/\/i0.wp.com\/eltrabajo.cl\/portal\/wp-content\/uploads\/2016\/04\/portadilla-ALTERNATIVA-FOTO-1.jpg?w=530&amp;ssl=1 530w, https:\/\/i0.wp.com\/eltrabajo.cl\/portal\/wp-content\/uploads\/2016\/04\/portadilla-ALTERNATIVA-FOTO-1.jpg?resize=200%2C132&amp;ssl=1 200w, https:\/\/i0.wp.com\/eltrabajo.cl\/portal\/wp-content\/uploads\/2016\/04\/portadilla-ALTERNATIVA-FOTO-1.jpg?resize=300%2C198&amp;ssl=1 300w, https:\/\/i0.wp.com\/eltrabajo.cl\/portal\/wp-content\/uploads\/2016\/04\/portadilla-ALTERNATIVA-FOTO-1.jpg?resize=228%2C150&amp;ssl=1 228w, https:\/\/i0.wp.com\/eltrabajo.cl\/portal\/wp-content\/uploads\/2016\/04\/portadilla-ALTERNATIVA-FOTO-1.jpg?resize=400%2C263&amp;ssl=1 400w\" sizes=\"auto, (max-width: 530px) 100vw, 530px\" \/><\/a><figcaption id=\"caption-attachment-68450\" class=\"wp-caption-text\">Alcalde de San Felipe Patricio Freire, junto a la directora de Salud Municipal Marcela Brito y el concejal Dante Rodr\u00edguez visitaron las instalaciones de la Farmacia Popular ubicada en Traslavi\u00f1a 1376.<\/figcaption><\/figure>\n","protected":false},"excerpt":{"rendered":"<p>Ya fue solicitado a Cenabast el primer stock de medicamentos, los cuales, podr\u00e1n ser adquiridos s\u00f3lo presentando la receta m\u00e9dica. Adem\u00e1s se confirm\u00f3 que junto con los f\u00e1rmacos, se vender\u00e1n pa\u00f1ales para&#8230;<\/p>\n","protected":false},"author":1,"featured_media":68450,"comment_status":"open","ping_status":"open","sticky":false,"template":"","format":"standard","meta":{"advanced_seo_description":"","jetpack_seo_html_title":"","jetpack_seo_noindex":false,"_jetpack_memberships_contains_paid_content":false,"footnotes":""},"categories":[1],"tags":[],"class_list":["post-68449","post","type-post","status-publish","format-standard","has-post-thumbnail","hentry","category-cronica"],"jetpack_featured_media_url":"https:\/\/i0.wp.com\/eltrabajo.cl\/portal\/wp-content\/uploads\/2016\/04\/portadilla-ALTERNATIVA-FOTO-1.jpg?fit=530%2C349&ssl=1","jetpack_sharing_enabled":true,"jetpack_likes_enabled":true,"jetpack-related-posts":[],"_links":{"self":[{"href":"https:\/\/eltrabajo.cl\/portal\/wp-json\/wp\/v2\/posts\/68449","targetHints":{"allow":["GET"]}}],"collection":[{"href":"https:\/\/eltrabajo.cl\/portal\/wp-json\/wp\/v2\/posts"}],"about":[{"href":"https:\/\/eltrabajo.cl\/portal\/wp-json\/wp\/v2\/types\/post"}],"author":[{"embeddable":true,"href":"https:\/\/eltrabajo.cl\/portal\/wp-json\/wp\/v2\/users\/1"}],"replies":[{"embeddable":true,"href":"https:\/\/eltrabajo.cl\/portal\/wp-json\/wp\/v2\/comments?post=68449"}],"version-history":[{"count":0,"href":"https:\/\/eltrabajo.cl\/portal\/wp-json\/wp\/v2\/posts\/68449\/revisions"}],"wp:featuredmedia":[{"embeddable":true,"href":"https:\/\/eltrabajo.cl\/portal\/wp-json\/wp\/v2\/media\/68450"}],"wp:attachment":[{"href":"https:\/\/eltrabajo.cl\/portal\/wp-json\/wp\/v2\/media?parent=68449"}],"wp:term":[{"taxonomy":"category","embeddable":true,"href":"https:\/\/eltrabajo.cl\/portal\/wp-json\/wp\/v2\/categories?post=68449"},{"taxonomy":"post_tag","embeddable":true,"href":"https:\/\/eltrabajo.cl\/portal\/wp-json\/wp\/v2\/tags?post=68449"}],"curies":[{"name":"wp","href":"https:\/\/api.w.org\/{rel}","templated":true}]}}