{"id":68453,"date":"2016-04-06T09:12:51","date_gmt":"2016-04-06T12:12:51","guid":{"rendered":"http:\/\/www.eltrabajo.cl\/portal\/?p=68453"},"modified":"2016-04-06T09:12:52","modified_gmt":"2016-04-06T12:12:52","slug":"las-modernas-92-viviendas-del-proyecto-futura-casa-seran-antisismicas","status":"publish","type":"post","link":"https:\/\/eltrabajo.cl\/portal\/las-modernas-92-viviendas-del-proyecto-futura-casa-seran-antisismicas\/","title":{"rendered":"Las modernas 92 viviendas del proyecto Futura Casa ser\u00e1n antis\u00edsmicas"},"content":{"rendered":"<p><strong>Arquitectos muestran las maquetas a Diario El Trabajo:<\/strong><br \/>\nFaltan s\u00f3lo once meses para que el proyecto de vivienda Futura Casa est\u00e9 totalmente terminado, son viviendas para 92 familias, las que fueron estafadas por Egis Daniela hace algunos a\u00f1os. Hoy en Diario El Trabajo te presentamos detalles de estos modern\u00edsimos m\u00f3dulos habitacionales, los que fueron llamados \u2018Duplex Valle\u2019 por sus creadores, los arquitectos sanfelipe\u00f1os Claudia Vergara y Nicol\u00e1s Jim\u00e9nez, quienes dise\u00f1aron el proyecto en su totalidad.<\/p>\n<p><strong>YA EN PROCESO<\/strong><br \/>\nLa iniciativa comenz\u00f3 obras a mediados de junio y debieran terminar durante el primer semestre del 2017. Consiste en viviendas de dos niveles, de 59,8 m2, con estar-comedor, tres dormitorios, ba\u00f1o, cocina y logia. A esto se agrega obras de equipamiento comunitario, como \u00e1reas verdes y una sede social.<br \/>\nEl proyecto es financiado por el Ministerio de Vivienda y Urbanismo, con una inversi\u00f3n que supera los $2.000 millones. A esto se sumaron las gestiones realizadas por la Gobernaci\u00f3n Provincial, el municipio y la Subdere, quienes aportaron para la adquisici\u00f3n del terreno y para la concreci\u00f3n de la iniciativa.<br \/>\nLa empresa a cargo de las obras es Santa Adriana S.A. y el trabajo social lo realiza la Oficina de Vivienda de la Municipalidad de San Felipe.<br \/>\n\u00abEste es un proyecto muy interesante, pues al ser una edificaci\u00f3n alta, favorece en la cantidad del bono que reciben estas familias, porque la idea actual del Gobierno no es la de expandir las nuevas poblaciones, como era el caso de los \u2018guetos\u2019 que ahora existen en Santiago, ahora se busca que sean m\u00e1s altos los proyectos\u00bb, coment\u00f3 a Diario El Trabajo la arquitecto Claudia Vergara, jefa del proyecto.<\/p>\n<p><strong>CARACTER\u00cdSTICAS<\/strong><br \/>\nEl proyecto Futura Casa est\u00e1 ubicado en Calle Enc\u00f3n N\u00b053, sector nor oriente de la ciudad, el cual consta de una superficie total de 11.501,73 m2 (1,15 hect\u00e1reas). El Comit\u00e9 cuenta con personalidad jur\u00eddica N\u00b01169 del 13 de agosto del 2010 con Rut N\u00ba65.035.506-7, de San Felipe.<br \/>\nSeg\u00fan inform\u00f3 Nicol\u00e1s Jim\u00e9nez, otro de los arquitectos del proyecto, \u00abcomo una manera de tomar este proyecto y desarrollarlo como un ejercicio de dise\u00f1o donde se privilegie la armon\u00eda e imagen urbana se plante\u00f3 seguir con un sistema de pareos en base a un Modelo D\u00faplex desarrollado bajo un m\u00f3dulo que contempla cuatro viviendas de dos pisos cada una, siendo el primer nivel y la mitad del segundo parte de una residencia, mientras que la otra mitad m\u00e1s el segundo piso en mansarda, conformar\u00eda la segunda vivienda\u00bb, dijo Jim\u00e9nez.<br \/>\nSobre las caracter\u00edsticas de los materiales del proyecto, la arquitecto agreg\u00f3 que \u00abla materialidad de las viviendas es en base a muros perimetrales y cortafuegos de alba\u00f1iler\u00eda armada de ladrillo hecho a m\u00e1quina, a la vista. Divisiones interiores en tabiquer\u00eda de madera revestidas con planchas de yeso cart\u00f3n de 8 mm. de espesor. En zonas h\u00famedas se considera fibrocemento de 6mm. de espesor como revestimiento. Cielos y aislaci\u00f3n t\u00e9rmica de acuerdo a norma, Cubierta en fierro galvanizado ondulado y pavimentos en radier afinado. Instalaciones sanitarias y el\u00e9ctricas. Terminaci\u00f3n obra gruesa habitable. Urbanizaci\u00f3n b\u00e1sica en base a calzadas en asfalto, soleras con zarpas, aceras de hormig\u00f3n, postaci\u00f3n y alumbrado p\u00fablico, red p\u00fablica de agua potable y alcantarillado. \u00c1reas verdes y equipamiento comunitario de acuerdo a normativa vigente. Esperamos que estas casas est\u00e9n terminadas para marzo de 2017\u00bb, detall\u00f3 finalmente Claudia Vergara.<br \/>\n<strong>Roberto Gonz\u00e1lez Short<\/strong><br \/>\n<strong>rgonzalez@eltrabajo.cl<\/strong><\/p>\n<figure id=\"attachment_68455\" aria-describedby=\"caption-attachment-68455\" style=\"width: 530px\" class=\"wp-caption alignleft\"><a href=\"http:\/\/www.eltrabajo.cl\/portal\/las-modernas-92-viviendas-del-proyecto-futura-casa-seran-antisismicas\/futura33\/\" rel=\"attachment wp-att-68455\"><img data-recalc-dims=\"1\" loading=\"lazy\" decoding=\"async\" class=\"size-full wp-image-68455\" src=\"https:\/\/i0.wp.com\/www.eltrabajo.cl\/portal\/wp-content\/uploads\/2016\/04\/Futura33.jpg?resize=530%2C350\" alt=\"UN SUE\u00d1O POSIBLE.- As\u00ed se ver\u00e1 a partir de marzo de 2017 el proyecto Futura Casa de San Felipe.\" width=\"530\" height=\"350\" srcset=\"https:\/\/i0.wp.com\/eltrabajo.cl\/portal\/wp-content\/uploads\/2016\/04\/Futura33.jpg?w=530&amp;ssl=1 530w, https:\/\/i0.wp.com\/eltrabajo.cl\/portal\/wp-content\/uploads\/2016\/04\/Futura33.jpg?resize=200%2C132&amp;ssl=1 200w, https:\/\/i0.wp.com\/eltrabajo.cl\/portal\/wp-content\/uploads\/2016\/04\/Futura33.jpg?resize=300%2C198&amp;ssl=1 300w, https:\/\/i0.wp.com\/eltrabajo.cl\/portal\/wp-content\/uploads\/2016\/04\/Futura33.jpg?resize=227%2C150&amp;ssl=1 227w, https:\/\/i0.wp.com\/eltrabajo.cl\/portal\/wp-content\/uploads\/2016\/04\/Futura33.jpg?resize=400%2C264&amp;ssl=1 400w\" sizes=\"auto, (max-width: 530px) 100vw, 530px\" \/><\/a><figcaption id=\"caption-attachment-68455\" class=\"wp-caption-text\">UN SUE\u00d1O POSIBLE.- As\u00ed se ver\u00e1 a partir de marzo de 2017 el proyecto Futura Casa de San Felipe.<\/figcaption><\/figure>\n<figure id=\"attachment_68456\" aria-describedby=\"caption-attachment-68456\" style=\"width: 528px\" class=\"wp-caption alignleft\"><a href=\"http:\/\/www.eltrabajo.cl\/portal\/las-modernas-92-viviendas-del-proyecto-futura-casa-seran-antisismicas\/maqueta33-2\/\" rel=\"attachment wp-att-68456\"><img data-recalc-dims=\"1\" loading=\"lazy\" decoding=\"async\" class=\"size-full wp-image-68456\" src=\"https:\/\/i0.wp.com\/www.eltrabajo.cl\/portal\/wp-content\/uploads\/2016\/04\/Maqueta33.jpg?resize=528%2C350\" alt=\"LOS GENIOS.- Los arquitectos Nicol\u00e1s Jim\u00e9nez y Claudia Vergara muestran a Diario El Trabajo el trabajo de maquetas, hechas previo a que iniciara el proyecto.\" width=\"528\" height=\"350\" srcset=\"https:\/\/i0.wp.com\/eltrabajo.cl\/portal\/wp-content\/uploads\/2016\/04\/Maqueta33.jpg?w=528&amp;ssl=1 528w, https:\/\/i0.wp.com\/eltrabajo.cl\/portal\/wp-content\/uploads\/2016\/04\/Maqueta33.jpg?resize=200%2C133&amp;ssl=1 200w, https:\/\/i0.wp.com\/eltrabajo.cl\/portal\/wp-content\/uploads\/2016\/04\/Maqueta33.jpg?resize=300%2C199&amp;ssl=1 300w, https:\/\/i0.wp.com\/eltrabajo.cl\/portal\/wp-content\/uploads\/2016\/04\/Maqueta33.jpg?resize=226%2C150&amp;ssl=1 226w, https:\/\/i0.wp.com\/eltrabajo.cl\/portal\/wp-content\/uploads\/2016\/04\/Maqueta33.jpg?resize=400%2C265&amp;ssl=1 400w\" sizes=\"auto, (max-width: 528px) 100vw, 528px\" \/><\/a><figcaption id=\"caption-attachment-68456\" class=\"wp-caption-text\">LOS GENIOS.- Los arquitectos Nicol\u00e1s Jim\u00e9nez y Claudia Vergara muestran a Diario El Trabajo el trabajo de maquetas, hechas previo a que iniciara el proyecto.<\/figcaption><\/figure>\n<figure id=\"attachment_68454\" aria-describedby=\"caption-attachment-68454\" style=\"width: 530px\" class=\"wp-caption alignleft\"><a href=\"http:\/\/www.eltrabajo.cl\/portal\/las-modernas-92-viviendas-del-proyecto-futura-casa-seran-antisismicas\/visita33\/\" rel=\"attachment wp-att-68454\"><img data-recalc-dims=\"1\" loading=\"lazy\" decoding=\"async\" class=\"size-full wp-image-68454\" src=\"https:\/\/i0.wp.com\/www.eltrabajo.cl\/portal\/wp-content\/uploads\/2016\/04\/Visita33.jpg?resize=530%2C350\" alt=\"YA EN PROCESO.- Recientemente las autoridades visitaron este proyecto para inspeccionar cada detalle.\" width=\"530\" height=\"350\" srcset=\"https:\/\/i0.wp.com\/eltrabajo.cl\/portal\/wp-content\/uploads\/2016\/04\/Visita33.jpg?w=530&amp;ssl=1 530w, https:\/\/i0.wp.com\/eltrabajo.cl\/portal\/wp-content\/uploads\/2016\/04\/Visita33.jpg?resize=200%2C132&amp;ssl=1 200w, https:\/\/i0.wp.com\/eltrabajo.cl\/portal\/wp-content\/uploads\/2016\/04\/Visita33.jpg?resize=300%2C198&amp;ssl=1 300w, https:\/\/i0.wp.com\/eltrabajo.cl\/portal\/wp-content\/uploads\/2016\/04\/Visita33.jpg?resize=227%2C150&amp;ssl=1 227w, https:\/\/i0.wp.com\/eltrabajo.cl\/portal\/wp-content\/uploads\/2016\/04\/Visita33.jpg?resize=400%2C264&amp;ssl=1 400w\" sizes=\"auto, (max-width: 530px) 100vw, 530px\" \/><\/a><figcaption id=\"caption-attachment-68454\" class=\"wp-caption-text\">YA EN PROCESO.- Recientemente las autoridades visitaron este proyecto para inspeccionar cada detalle.<\/figcaption><\/figure>\n","protected":false},"excerpt":{"rendered":"<p>Arquitectos muestran las maquetas a Diario El Trabajo: Faltan s\u00f3lo once meses para que el proyecto de vivienda Futura Casa est\u00e9 totalmente terminado, son viviendas para 92 familias, las que fueron estafadas&#8230;<\/p>\n","protected":false},"author":1,"featured_media":68454,"comment_status":"open","ping_status":"open","sticky":false,"template":"","format":"standard","meta":{"advanced_seo_description":"","jetpack_seo_html_title":"","jetpack_seo_noindex":false,"_jetpack_memberships_contains_paid_content":false,"footnotes":""},"categories":[15],"tags":[],"class_list":["post-68453","post","type-post","status-publish","format-standard","has-post-thumbnail","hentry","category-comunidad"],"jetpack_featured_media_url":"https:\/\/i0.wp.com\/eltrabajo.cl\/portal\/wp-content\/uploads\/2016\/04\/Visita33.jpg?fit=530%2C350&ssl=1","jetpack_sharing_enabled":true,"jetpack_likes_enabled":true,"jetpack-related-posts":[],"_links":{"self":[{"href":"https:\/\/eltrabajo.cl\/portal\/wp-json\/wp\/v2\/posts\/68453","targetHints":{"allow":["GET"]}}],"collection":[{"href":"https:\/\/eltrabajo.cl\/portal\/wp-json\/wp\/v2\/posts"}],"about":[{"href":"https:\/\/eltrabajo.cl\/portal\/wp-json\/wp\/v2\/types\/post"}],"author":[{"embeddable":true,"href":"https:\/\/eltrabajo.cl\/portal\/wp-json\/wp\/v2\/users\/1"}],"replies":[{"embeddable":true,"href":"https:\/\/eltrabajo.cl\/portal\/wp-json\/wp\/v2\/comments?post=68453"}],"version-history":[{"count":0,"href":"https:\/\/eltrabajo.cl\/portal\/wp-json\/wp\/v2\/posts\/68453\/revisions"}],"wp:featuredmedia":[{"embeddable":true,"href":"https:\/\/eltrabajo.cl\/portal\/wp-json\/wp\/v2\/media\/68454"}],"wp:attachment":[{"href":"https:\/\/eltrabajo.cl\/portal\/wp-json\/wp\/v2\/media?parent=68453"}],"wp:term":[{"taxonomy":"category","embeddable":true,"href":"https:\/\/eltrabajo.cl\/portal\/wp-json\/wp\/v2\/categories?post=68453"},{"taxonomy":"post_tag","embeddable":true,"href":"https:\/\/eltrabajo.cl\/portal\/wp-json\/wp\/v2\/tags?post=68453"}],"curies":[{"name":"wp","href":"https:\/\/api.w.org\/{rel}","templated":true}]}}