{"id":68459,"date":"2016-04-06T09:15:03","date_gmt":"2016-04-06T12:15:03","guid":{"rendered":"http:\/\/www.eltrabajo.cl\/portal\/?p=68459"},"modified":"2016-04-06T09:15:03","modified_gmt":"2016-04-06T12:15:03","slug":"en-riesgo-vital-se-encuentra-adulto-mayor-tras-incendio-de-su-mediagua","status":"publish","type":"post","link":"https:\/\/eltrabajo.cl\/portal\/en-riesgo-vital-se-encuentra-adulto-mayor-tras-incendio-de-su-mediagua\/","title":{"rendered":"En riesgo vital se encuentra adulto mayor tras incendio de su mediagua"},"content":{"rendered":"<p><strong>Fue rescatado de entre las llamas por una vecina.<\/strong><br \/>\n<strong>LOS ANDES.<\/strong>&#8211; Internado con riesgo vital en la unidad de cirug\u00eda del Hospital San Juan de Dios permanece el anciano Juan Francisco Liber\u00f3n Villarroel, de 86 a\u00f1os, quien sufri\u00f3 graves quemaduras al incendiarse su mediagua ubicada en un predio de la comuna la comuna de Rinconada.<br \/>\nConforme a lo manifestado por testigos, todo parti\u00f3 a eso de las 16 horas en un terreno ubicado en la calle Las Bandurrias N\u00ba 120 de esa comuna, cuando lleg\u00f3 al lugar el due\u00f1o que comenz\u00f3 a quemar basuras y otros desechos como cartones y muebles en desuso que estaban en el lugar.<br \/>\nPara avivar el fuego habr\u00eda utilizado alg\u00fan tipo de combustible por lo cual las llamas alcanzaron una altura de m\u00e1s de cinco metros.<br \/>\nPosteriormente el propietario se retir\u00f3 del lugar dejando que el fuego consumiera los desperdicios, sin embargo el fuerte viento reinante hizo que las llamas alcanzaran un pastizal cercano y una mediagua que estaban en el mismo terreno y que era habitada por el anciano.<br \/>\nCerca de las 20 horas una vecina que reside en el mismo terreno y su hijo de 18 a\u00f1os quienes llegaron al lugar y vieron la mediagua envuelta en llamas y a pesar de ello lograron ingresar y rescatar al abuelo, \u00e9l presentaba quemaduras en gran parte de su cuerpo y cuero cabelludo.<br \/>\nLa mujer tom\u00f3 contacto con Bomberos de Rinconada quienes raudamente acudieron al lugar para controlar el fuego.<br \/>\nAsimismo lleg\u00f3 una ambulancia del Samu cuyos param\u00e9dicos estabilizaron al octogenario y luego lo trasladaron hasta el Hospital San Juan de Dios donde qued\u00f3 internado con diagn\u00f3stico reservado y en riesgo vital.<br \/>\nPersonal de la Tenencia de Carabineros de esa comuna se constituy\u00f3 en el lugar y adopt\u00f3 el procedimiento de rigor empadronando testigos quienes vieron al propietario del terreno iniciar la quema.<br \/>\nEstos antecedentes fueron remitidos al fiscal de turno Alberto Gertosio para que se dispongas de las diligencias correspondientes a fin de aclarar los hechos.<\/p>\n<figure id=\"attachment_68460\" aria-describedby=\"caption-attachment-68460\" style=\"width: 530px\" class=\"wp-caption alignleft\"><a href=\"http:\/\/www.eltrabajo.cl\/portal\/en-riesgo-vital-se-encuentra-adulto-mayor-tras-incendio-de-su-mediagua\/bejares10\/\" rel=\"attachment wp-att-68460\"><img data-recalc-dims=\"1\" loading=\"lazy\" decoding=\"async\" class=\"size-full wp-image-68460\" src=\"https:\/\/i0.wp.com\/www.eltrabajo.cl\/portal\/wp-content\/uploads\/2016\/04\/bejares10.jpg?resize=530%2C349\" alt=\"El incendio se habr\u00eda producido cuando el due\u00f1o del sitio comenz\u00f3 a quemar basuras y otros desechos que estaban en el lugar utilizando, aparentemente, alg\u00fan tipo de combustible que propag\u00f3 las llamas hasta la mediagua.\" width=\"530\" height=\"349\" srcset=\"https:\/\/i0.wp.com\/eltrabajo.cl\/portal\/wp-content\/uploads\/2016\/04\/bejares10.jpg?w=530&amp;ssl=1 530w, https:\/\/i0.wp.com\/eltrabajo.cl\/portal\/wp-content\/uploads\/2016\/04\/bejares10.jpg?resize=200%2C132&amp;ssl=1 200w, https:\/\/i0.wp.com\/eltrabajo.cl\/portal\/wp-content\/uploads\/2016\/04\/bejares10.jpg?resize=300%2C198&amp;ssl=1 300w, https:\/\/i0.wp.com\/eltrabajo.cl\/portal\/wp-content\/uploads\/2016\/04\/bejares10.jpg?resize=228%2C150&amp;ssl=1 228w, https:\/\/i0.wp.com\/eltrabajo.cl\/portal\/wp-content\/uploads\/2016\/04\/bejares10.jpg?resize=400%2C263&amp;ssl=1 400w\" sizes=\"auto, (max-width: 530px) 100vw, 530px\" \/><\/a><figcaption id=\"caption-attachment-68460\" class=\"wp-caption-text\">El incendio se habr\u00eda producido cuando el due\u00f1o del sitio comenz\u00f3 a quemar basuras y otros desechos que estaban en el lugar utilizando, aparentemente, alg\u00fan tipo de combustible que propag\u00f3 las llamas hasta la mediagua.<\/figcaption><\/figure>\n","protected":false},"excerpt":{"rendered":"<p>Fue rescatado de entre las llamas por una vecina. LOS ANDES.&#8211; Internado con riesgo vital en la unidad de cirug\u00eda del Hospital San Juan de Dios permanece el anciano Juan Francisco Liber\u00f3n&#8230;<\/p>\n","protected":false},"author":1,"featured_media":68460,"comment_status":"open","ping_status":"open","sticky":false,"template":"","format":"standard","meta":{"advanced_seo_description":"","jetpack_seo_html_title":"","jetpack_seo_noindex":false,"_jetpack_memberships_contains_paid_content":false,"footnotes":""},"categories":[21],"tags":[],"class_list":["post-68459","post","type-post","status-publish","format-standard","has-post-thumbnail","hentry","category-policial"],"jetpack_featured_media_url":"https:\/\/i0.wp.com\/eltrabajo.cl\/portal\/wp-content\/uploads\/2016\/04\/bejares10.jpg?fit=530%2C349&ssl=1","jetpack_sharing_enabled":true,"jetpack_likes_enabled":true,"jetpack-related-posts":[],"_links":{"self":[{"href":"https:\/\/eltrabajo.cl\/portal\/wp-json\/wp\/v2\/posts\/68459","targetHints":{"allow":["GET"]}}],"collection":[{"href":"https:\/\/eltrabajo.cl\/portal\/wp-json\/wp\/v2\/posts"}],"about":[{"href":"https:\/\/eltrabajo.cl\/portal\/wp-json\/wp\/v2\/types\/post"}],"author":[{"embeddable":true,"href":"https:\/\/eltrabajo.cl\/portal\/wp-json\/wp\/v2\/users\/1"}],"replies":[{"embeddable":true,"href":"https:\/\/eltrabajo.cl\/portal\/wp-json\/wp\/v2\/comments?post=68459"}],"version-history":[{"count":0,"href":"https:\/\/eltrabajo.cl\/portal\/wp-json\/wp\/v2\/posts\/68459\/revisions"}],"wp:featuredmedia":[{"embeddable":true,"href":"https:\/\/eltrabajo.cl\/portal\/wp-json\/wp\/v2\/media\/68460"}],"wp:attachment":[{"href":"https:\/\/eltrabajo.cl\/portal\/wp-json\/wp\/v2\/media?parent=68459"}],"wp:term":[{"taxonomy":"category","embeddable":true,"href":"https:\/\/eltrabajo.cl\/portal\/wp-json\/wp\/v2\/categories?post=68459"},{"taxonomy":"post_tag","embeddable":true,"href":"https:\/\/eltrabajo.cl\/portal\/wp-json\/wp\/v2\/tags?post=68459"}],"curies":[{"name":"wp","href":"https:\/\/api.w.org\/{rel}","templated":true}]}}