{"id":68463,"date":"2016-04-06T09:16:59","date_gmt":"2016-04-06T12:16:59","guid":{"rendered":"http:\/\/www.eltrabajo.cl\/portal\/?p=68463"},"modified":"2016-04-06T09:16:59","modified_gmt":"2016-04-06T12:16:59","slug":"bailarines-de-pasion-industrialina-viajan-a-duao-a-defender-su-titulo","status":"publish","type":"post","link":"https:\/\/eltrabajo.cl\/portal\/bailarines-de-pasion-industrialina-viajan-a-duao-a-defender-su-titulo\/","title":{"rendered":"Bailarines de Pasi\u00f3n Industrialina viajan a Duao a defender su t\u00edtulo"},"content":{"rendered":"<p><strong>Son campeones nacionales de danza folkl\u00f3rica:<\/strong><br \/>\nEl pr\u00f3ximo mi\u00e9rcoles 13 de abril partir\u00e1n de San Felipe los estudiantes de la Escuela Industrial hacia su similar de San Jos\u00e9 de Duao, con miras a defender su t\u00edtulo de Campeones Nacionales de Folklore 2015, status que ganaron el a\u00f1o pasado en esa ciudad. La competencia ser\u00e1 a muerte, con 19 escuelas agr\u00edcolas m\u00e1s de todo Chile, por lo que desde hace semanas est\u00e1n ensayando casi a tiempo completo.<br \/>\nDiario El Trabajo habl\u00f3 ayer martes con estudiantes y la instructora de folklore y canto, Guisel Sep\u00falveda, sobre las caracter\u00edsticas de esta jornada nacional. \u00abEn estas competencias nacionales de folklore est\u00e1n participando alumnos de 1\u00ba a 4\u00ba medio de la Red SNA Educa de todo el pa\u00eds. El m\u00e1ximo de estudiantes en escena no puede superar los 15 integrantes y no ser\u00e1n grupos de menos de diez miembros. Nuestra agrupaci\u00f3n, Pasi\u00f3n Industrialina, deber\u00e1 interpretar bailes pascuenses, a todas las escuelas se nos evaluar\u00e1 en Coordinaci\u00f3n, Sincronizaci\u00f3n, Limpieza, Claridad de los movimientos, Vestuario, Dise\u00f1o coreogr\u00e1fico y Dominio Esc\u00e9nico\u00bb, dijo Sep\u00falveda a Diario El Trabajo.<br \/>\nAl primer lugar se le entregar\u00e1n $420.000; al segundo $330.000 y $250.000 al tercer lugar. Tambi\u00e9n, ser\u00e1n tres las colleras que viajar\u00e1n a este evento, seis con caballos, y en la parte de folklore ser\u00e1n seis parejas, o sea, 18 industrialinos en total, m\u00e1s la profesora Sep\u00falveda. Los d\u00edas del evento ser\u00e1n jueves 14 y viernes 15.<br \/>\n<strong>Roberto Gonz\u00e1lez Short<\/strong><br \/>\n<strong>rgonzalez@eltrabajo.cl<\/strong><\/p>\n<figure id=\"attachment_68464\" aria-describedby=\"caption-attachment-68464\" style=\"width: 530px\" class=\"wp-caption alignleft\"><a href=\"http:\/\/www.eltrabajo.cl\/portal\/bailarines-de-pasion-industrialina-viajan-a-duao-a-defender-su-titulo\/colleras33\/\" rel=\"attachment wp-att-68464\"><img data-recalc-dims=\"1\" loading=\"lazy\" decoding=\"async\" class=\"size-full wp-image-68464\" src=\"https:\/\/i0.wp.com\/www.eltrabajo.cl\/portal\/wp-content\/uploads\/2016\/04\/Colleras33.jpg?resize=530%2C350\" alt=\"NUESTRAS COLLERAS.- Ellos tambi\u00e9n participar\u00e1n con sus caballos sanfelipe\u00f1os en la parte de rodeo.\" width=\"530\" height=\"350\" srcset=\"https:\/\/i0.wp.com\/eltrabajo.cl\/portal\/wp-content\/uploads\/2016\/04\/Colleras33.jpg?w=530&amp;ssl=1 530w, https:\/\/i0.wp.com\/eltrabajo.cl\/portal\/wp-content\/uploads\/2016\/04\/Colleras33.jpg?resize=200%2C132&amp;ssl=1 200w, https:\/\/i0.wp.com\/eltrabajo.cl\/portal\/wp-content\/uploads\/2016\/04\/Colleras33.jpg?resize=300%2C198&amp;ssl=1 300w, https:\/\/i0.wp.com\/eltrabajo.cl\/portal\/wp-content\/uploads\/2016\/04\/Colleras33.jpg?resize=227%2C150&amp;ssl=1 227w, https:\/\/i0.wp.com\/eltrabajo.cl\/portal\/wp-content\/uploads\/2016\/04\/Colleras33.jpg?resize=400%2C264&amp;ssl=1 400w\" sizes=\"auto, (max-width: 530px) 100vw, 530px\" \/><\/a><figcaption id=\"caption-attachment-68464\" class=\"wp-caption-text\">NUESTRAS COLLERAS.- Ellos tambi\u00e9n participar\u00e1n con sus caballos sanfelipe\u00f1os en la parte de rodeo.<\/figcaption><\/figure>\n<figure id=\"attachment_68465\" aria-describedby=\"caption-attachment-68465\" style=\"width: 530px\" class=\"wp-caption alignleft\"><a href=\"http:\/\/www.eltrabajo.cl\/portal\/bailarines-de-pasion-industrialina-viajan-a-duao-a-defender-su-titulo\/pasion33\/\" rel=\"attachment wp-att-68465\"><img data-recalc-dims=\"1\" loading=\"lazy\" decoding=\"async\" class=\"size-full wp-image-68465\" src=\"https:\/\/i0.wp.com\/www.eltrabajo.cl\/portal\/wp-content\/uploads\/2016\/04\/Pasion33.jpg?resize=530%2C349\" alt=\"PASI\u00d3N INDUSTRIALINA.- Ellos son los bailarines que en 2015 ganaron el campeonato nacional de folklore, este a\u00f1o buscan defenderlo con su gran talento.\" width=\"530\" height=\"349\" srcset=\"https:\/\/i0.wp.com\/eltrabajo.cl\/portal\/wp-content\/uploads\/2016\/04\/Pasion33.jpg?w=530&amp;ssl=1 530w, https:\/\/i0.wp.com\/eltrabajo.cl\/portal\/wp-content\/uploads\/2016\/04\/Pasion33.jpg?resize=200%2C132&amp;ssl=1 200w, https:\/\/i0.wp.com\/eltrabajo.cl\/portal\/wp-content\/uploads\/2016\/04\/Pasion33.jpg?resize=300%2C198&amp;ssl=1 300w, https:\/\/i0.wp.com\/eltrabajo.cl\/portal\/wp-content\/uploads\/2016\/04\/Pasion33.jpg?resize=228%2C150&amp;ssl=1 228w, https:\/\/i0.wp.com\/eltrabajo.cl\/portal\/wp-content\/uploads\/2016\/04\/Pasion33.jpg?resize=400%2C263&amp;ssl=1 400w\" sizes=\"auto, (max-width: 530px) 100vw, 530px\" \/><\/a><figcaption id=\"caption-attachment-68465\" class=\"wp-caption-text\">PASI\u00d3N INDUSTRIALINA.- Ellos son los bailarines que en 2015 ganaron el campeonato nacional de folklore, este a\u00f1o buscan defenderlo con su gran talento.<\/figcaption><\/figure>\n","protected":false},"excerpt":{"rendered":"<p>Son campeones nacionales de danza folkl\u00f3rica: El pr\u00f3ximo mi\u00e9rcoles 13 de abril partir\u00e1n de San Felipe los estudiantes de la Escuela Industrial hacia su similar de San Jos\u00e9 de Duao, con miras&#8230;<\/p>\n","protected":false},"author":1,"featured_media":68465,"comment_status":"open","ping_status":"open","sticky":false,"template":"","format":"standard","meta":{"advanced_seo_description":"","jetpack_seo_html_title":"","jetpack_seo_noindex":false,"_jetpack_memberships_contains_paid_content":false,"footnotes":""},"categories":[15],"tags":[],"class_list":["post-68463","post","type-post","status-publish","format-standard","has-post-thumbnail","hentry","category-comunidad"],"jetpack_featured_media_url":"https:\/\/i0.wp.com\/eltrabajo.cl\/portal\/wp-content\/uploads\/2016\/04\/Pasion33.jpg?fit=530%2C349&ssl=1","jetpack_sharing_enabled":true,"jetpack_likes_enabled":true,"jetpack-related-posts":[],"_links":{"self":[{"href":"https:\/\/eltrabajo.cl\/portal\/wp-json\/wp\/v2\/posts\/68463","targetHints":{"allow":["GET"]}}],"collection":[{"href":"https:\/\/eltrabajo.cl\/portal\/wp-json\/wp\/v2\/posts"}],"about":[{"href":"https:\/\/eltrabajo.cl\/portal\/wp-json\/wp\/v2\/types\/post"}],"author":[{"embeddable":true,"href":"https:\/\/eltrabajo.cl\/portal\/wp-json\/wp\/v2\/users\/1"}],"replies":[{"embeddable":true,"href":"https:\/\/eltrabajo.cl\/portal\/wp-json\/wp\/v2\/comments?post=68463"}],"version-history":[{"count":0,"href":"https:\/\/eltrabajo.cl\/portal\/wp-json\/wp\/v2\/posts\/68463\/revisions"}],"wp:featuredmedia":[{"embeddable":true,"href":"https:\/\/eltrabajo.cl\/portal\/wp-json\/wp\/v2\/media\/68465"}],"wp:attachment":[{"href":"https:\/\/eltrabajo.cl\/portal\/wp-json\/wp\/v2\/media?parent=68463"}],"wp:term":[{"taxonomy":"category","embeddable":true,"href":"https:\/\/eltrabajo.cl\/portal\/wp-json\/wp\/v2\/categories?post=68463"},{"taxonomy":"post_tag","embeddable":true,"href":"https:\/\/eltrabajo.cl\/portal\/wp-json\/wp\/v2\/tags?post=68463"}],"curies":[{"name":"wp","href":"https:\/\/api.w.org\/{rel}","templated":true}]}}