{"id":68468,"date":"2016-04-06T09:18:43","date_gmt":"2016-04-06T12:18:43","guid":{"rendered":"http:\/\/www.eltrabajo.cl\/portal\/?p=68468"},"modified":"2016-04-06T09:18:43","modified_gmt":"2016-04-06T12:18:43","slug":"utilizaba-ciber-para-vender-marihuana-a-jovenes-y-menores-de-edad","status":"publish","type":"post","link":"https:\/\/eltrabajo.cl\/portal\/utilizaba-ciber-para-vender-marihuana-a-jovenes-y-menores-de-edad\/","title":{"rendered":"Utilizaba \u2018ciber\u2019 para vender marihuana a j\u00f3venes y menores de edad"},"content":{"rendered":"<p><strong>OS7 incaut\u00f3 300 gramos de esta sustancia en local de Catemu:<\/strong><br \/>\nSujeto de 29 a\u00f1os de edad fue formalizado en tribunales por el delito de tr\u00e1fico de drogas. Efectivos policiales decomisaron adem\u00e1s una pesa digital y dinero en efectivo atribuible a la venta de esta sustancia il\u00edcita.<br \/>\nEl Juzgado de Garant\u00eda de San Felipe dej\u00f3 con arresto domiciliario nocturno y firma semanal a un hombre de 29 a\u00f1os que fue formalizado por el delito de tr\u00e1fico de drogas. Los hechos habr\u00edan ocurrido al interior de un ciber de propiedad del imputado que es acusado de proveer de marihuana a menores de edad en la comuna de Catemu.<br \/>\nSeg\u00fan Carabineros, las diligencias se efectuaron la tarde de este lunes a cargo de la secci\u00f3n de OS7 de la polic\u00eda uniformada, quienes se trasladaron hasta la calle Arturo Prat de esa localidad al mantener informaci\u00f3n de la venta de sustancias il\u00edcitas en un local proveedor de internet.<br \/>\nA trav\u00e9s de una orden judicial de entrada y registro, la polic\u00eda uniformada incaut\u00f3 un total de 300 gramos de marihuana elaborada, una pesa digital utilizada para dosificaci\u00f3n de la droga y la suma de $198.000 en efectivo atribuibles a la comercializaci\u00f3n del estupefaciente.<br \/>\nLos oficiales informaron que el detenido, identificado como Fabi\u00e1n Alejandro E.P. de 29 a\u00f1os de edad, vend\u00eda marihuana a j\u00f3venes y menores de edad que concurr\u00edan hasta este local simulando hacer uso de internet.<br \/>\nLa Fiscal\u00eda, que abordar\u00e1 la investigaci\u00f3n del caso, orden\u00f3 que el acusado fuera sometido a control de detenci\u00f3n la ma\u00f1ana de ayer martes en el Juzgado de Garant\u00eda de San Felipe, siendo formalizado por el delito de tr\u00e1fico de drogas.<br \/>\nNo obstante por carecer de antecedentes delictuales, el tribunal asign\u00f3 cautelares m\u00ednimas al imputado ordenando su reclusi\u00f3n domiciliaria desde las 22:00 horas hasta las 06:00 horas de la ma\u00f1ana del d\u00eda siguiente y firma semanal en Carabineros durante el per\u00edodo que se mantenga la investigaci\u00f3n por parte de la Fiscal\u00eda.<br \/>\n<strong>Pablo Salinas Sald\u00edas<\/strong><\/p>\n<figure id=\"attachment_68469\" aria-describedby=\"caption-attachment-68469\" style=\"width: 530px\" class=\"wp-caption alignleft\"><a href=\"http:\/\/www.eltrabajo.cl\/portal\/utilizaba-ciber-para-vender-marihuana-a-jovenes-y-menores-de-edad\/marihuana-ciber-catemu\/\" rel=\"attachment wp-att-68469\"><img data-recalc-dims=\"1\" loading=\"lazy\" decoding=\"async\" class=\"size-full wp-image-68469\" src=\"https:\/\/i0.wp.com\/www.eltrabajo.cl\/portal\/wp-content\/uploads\/2016\/04\/MARIHUANA-CIBER-CATEMU.jpg?resize=530%2C348\" alt=\"Efectivos de OS7 de Carabineros incautaron 300 gramos de marihuana elaborada, una pesa digital y $198.000 en efectivo, pruebas para establecer el tr\u00e1fico de drogas.\" width=\"530\" height=\"348\" srcset=\"https:\/\/i0.wp.com\/eltrabajo.cl\/portal\/wp-content\/uploads\/2016\/04\/MARIHUANA-CIBER-CATEMU.jpg?w=530&amp;ssl=1 530w, https:\/\/i0.wp.com\/eltrabajo.cl\/portal\/wp-content\/uploads\/2016\/04\/MARIHUANA-CIBER-CATEMU.jpg?resize=200%2C131&amp;ssl=1 200w, https:\/\/i0.wp.com\/eltrabajo.cl\/portal\/wp-content\/uploads\/2016\/04\/MARIHUANA-CIBER-CATEMU.jpg?resize=300%2C197&amp;ssl=1 300w, https:\/\/i0.wp.com\/eltrabajo.cl\/portal\/wp-content\/uploads\/2016\/04\/MARIHUANA-CIBER-CATEMU.jpg?resize=228%2C150&amp;ssl=1 228w, https:\/\/i0.wp.com\/eltrabajo.cl\/portal\/wp-content\/uploads\/2016\/04\/MARIHUANA-CIBER-CATEMU.jpg?resize=400%2C263&amp;ssl=1 400w\" sizes=\"auto, (max-width: 530px) 100vw, 530px\" \/><\/a><figcaption id=\"caption-attachment-68469\" class=\"wp-caption-text\">Efectivos de OS7 de Carabineros incautaron 300 gramos de marihuana elaborada, una pesa digital y $198.000 en efectivo, pruebas para establecer el tr\u00e1fico de drogas.<\/figcaption><\/figure>\n","protected":false},"excerpt":{"rendered":"<p>OS7 incaut\u00f3 300 gramos de esta sustancia en local de Catemu: Sujeto de 29 a\u00f1os de edad fue formalizado en tribunales por el delito de tr\u00e1fico de drogas. Efectivos policiales decomisaron adem\u00e1s&#8230;<\/p>\n","protected":false},"author":1,"featured_media":68469,"comment_status":"open","ping_status":"open","sticky":false,"template":"","format":"standard","meta":{"advanced_seo_description":"","jetpack_seo_html_title":"","jetpack_seo_noindex":false,"_jetpack_memberships_contains_paid_content":false,"footnotes":""},"categories":[21],"tags":[],"class_list":["post-68468","post","type-post","status-publish","format-standard","has-post-thumbnail","hentry","category-policial"],"jetpack_featured_media_url":"https:\/\/i0.wp.com\/eltrabajo.cl\/portal\/wp-content\/uploads\/2016\/04\/MARIHUANA-CIBER-CATEMU.jpg?fit=530%2C348&ssl=1","jetpack_sharing_enabled":true,"jetpack_likes_enabled":true,"jetpack-related-posts":[],"_links":{"self":[{"href":"https:\/\/eltrabajo.cl\/portal\/wp-json\/wp\/v2\/posts\/68468","targetHints":{"allow":["GET"]}}],"collection":[{"href":"https:\/\/eltrabajo.cl\/portal\/wp-json\/wp\/v2\/posts"}],"about":[{"href":"https:\/\/eltrabajo.cl\/portal\/wp-json\/wp\/v2\/types\/post"}],"author":[{"embeddable":true,"href":"https:\/\/eltrabajo.cl\/portal\/wp-json\/wp\/v2\/users\/1"}],"replies":[{"embeddable":true,"href":"https:\/\/eltrabajo.cl\/portal\/wp-json\/wp\/v2\/comments?post=68468"}],"version-history":[{"count":0,"href":"https:\/\/eltrabajo.cl\/portal\/wp-json\/wp\/v2\/posts\/68468\/revisions"}],"wp:featuredmedia":[{"embeddable":true,"href":"https:\/\/eltrabajo.cl\/portal\/wp-json\/wp\/v2\/media\/68469"}],"wp:attachment":[{"href":"https:\/\/eltrabajo.cl\/portal\/wp-json\/wp\/v2\/media?parent=68468"}],"wp:term":[{"taxonomy":"category","embeddable":true,"href":"https:\/\/eltrabajo.cl\/portal\/wp-json\/wp\/v2\/categories?post=68468"},{"taxonomy":"post_tag","embeddable":true,"href":"https:\/\/eltrabajo.cl\/portal\/wp-json\/wp\/v2\/tags?post=68468"}],"curies":[{"name":"wp","href":"https:\/\/api.w.org\/{rel}","templated":true}]}}