{"id":68472,"date":"2016-04-06T09:24:24","date_gmt":"2016-04-06T12:24:24","guid":{"rendered":"http:\/\/www.eltrabajo.cl\/portal\/?p=68472"},"modified":"2016-04-06T09:24:24","modified_gmt":"2016-04-06T12:24:24","slug":"pdi-recupero-en-santiago-angeles-robados-en-iglesia-de-el-almendral","status":"publish","type":"post","link":"https:\/\/eltrabajo.cl\/portal\/pdi-recupero-en-santiago-angeles-robados-en-iglesia-de-el-almendral\/","title":{"rendered":"PDI recuper\u00f3 en Santiago \u00e1ngeles robados en iglesia de El Almendral"},"content":{"rendered":"<p><strong>Reliquias de madera las vend\u00edan en $30 millones:<\/strong><br \/>\nEn un extraordinario trabajo de Inteligencia desarrollado y ejecutado por el Grupo Especial de Bienes Robados, dependiente de la Unidad de Robos de la PDI de Los Andes, durante la tarde de ayer martes en Renca, en Santiago, se llev\u00f3 a efecto la captura de un hombre, supuesto due\u00f1o de una tienda de antig\u00fcedades, quien ten\u00eda en su poder, en su casa habitaci\u00f3n ubicada en Avenida Pedro Aguirre Cerda, Renca, nada m\u00e1s y nada menos que los dos \u00e1ngeles antiqu\u00edsimos de madera, que hab\u00edan sido robados en horas de la ma\u00f1ana del mi\u00e9rcoles 5 de agosto de 2009, desde el recinto religioso ubicado en El Almendral.<\/p>\n<p><strong>COBRABAN UNOS\u00a0$30 MILLONES<\/strong><br \/>\n\u00abEl local de antig\u00fcedades en donde estuvieron buen tiempo, y desde donde fueron luego trasladadas a la casa de habitaci\u00f3n del due\u00f1o del local, est\u00e1 ubicado en las cercan\u00edas de Parque Los Reyes, en la ciudad capital. Ambos \u00e1ngeles estaban siendo subastados en el mercado negro en unos $30 millones, ya hab\u00edan sido raspados, le hab\u00edan quitado el color blanco; desaparecido la cruz en la mano de uno de los alados, y les hab\u00edan aplicado un proceso de barniz para envejecerlos m\u00e1s, para que no fueran reconocidos\u00bb, inform\u00f3 a Diario El Trabajo una fuente extraoficial de alta confiabilidad.<br \/>\nSeg\u00fan esta misma fuente, fueron dos meses de investigaci\u00f3n y rastreo de los \u00e1ngeles los que se debieron emplear a fondo para dar finalmente con el paradero de estas reliquias.<br \/>\nLas im\u00e1genes miden 1,60 metros de altura, tallados en madera y fueron ubicados all\u00ed el mismo a\u00f1o en que fue construido el templo en 1872. Las estatuas no solo tienen un valor patrimonial, sino que tambi\u00e9n monetario, estando avaluadas en casi $8 millones cada una al momento de ser robados hace siete a\u00f1os.<\/p>\n<p><strong>P\u00c1RROCO FELIZ<\/strong><br \/>\nDiario El Trabajo habl\u00f3 en horas de la tarde con el p\u00e1rroco de la Iglesia San Antonio de Padua de El Almendral, Eugenio Duque, quien estaba muy contento por la noticia: \u00abEstoy m\u00e1s que feliz, fueron recuperados nuestros \u00e1ngeles, un trabajo excelente el que la PDI hizo, doy gracias a Dios primeramente, a un informante confidencial que dio una importante pista al grupo investigador, felicito a los agentes policiales, definitivamente hay que estar alegre\u00bb, dijo Duque emocionado.<br \/>\nLa persona a quien se le decomisaron estos \u00e1ngeles, fue detenida y formalizada por el delito de Receptaci\u00f3n, quedando con Firma mensual ante los tribunales.<br \/>\nSeg\u00fan se inform\u00f3, hoy mi\u00e9rcoles a las 11:00 horas en la PDI de Los Andes, las estatuas ser\u00e1n entregadas a los representantes de la Iglesia Cat\u00f3lica, en este caso a Monse\u00f1or Cristian Contreras y al mismo p\u00e1rroco Eugenio Duque.<br \/>\n<strong>REPORTE ESPECIAL<\/strong><br \/>\n<strong>Roberto Gonz\u00e1lez Short<\/strong><br \/>\n<strong>rgonzalez@eltrabajo.cl<\/strong><\/p>\n<figure id=\"attachment_68473\" aria-describedby=\"caption-attachment-68473\" style=\"width: 530px\" class=\"wp-caption alignleft\"><a href=\"http:\/\/www.eltrabajo.cl\/portal\/pdi-recupero-en-santiago-angeles-robados-en-iglesia-de-el-almendral\/a1-2\/\" rel=\"attachment wp-att-68473\"><img data-recalc-dims=\"1\" loading=\"lazy\" decoding=\"async\" class=\"size-full wp-image-68473\" src=\"https:\/\/i0.wp.com\/www.eltrabajo.cl\/portal\/wp-content\/uploads\/2016\/04\/a1.jpg?resize=530%2C348\" alt=\"ECUPERADO.- Aqu\u00ed tenemos a uno de los \u00e1ngeles recuperados por el Grupo Especial de Bienes Robados, dependiente de la Unidad de Robos de la PDI de Los Andes.\" width=\"530\" height=\"348\" srcset=\"https:\/\/i0.wp.com\/eltrabajo.cl\/portal\/wp-content\/uploads\/2016\/04\/a1.jpg?w=530&amp;ssl=1 530w, https:\/\/i0.wp.com\/eltrabajo.cl\/portal\/wp-content\/uploads\/2016\/04\/a1.jpg?resize=200%2C131&amp;ssl=1 200w, https:\/\/i0.wp.com\/eltrabajo.cl\/portal\/wp-content\/uploads\/2016\/04\/a1.jpg?resize=300%2C197&amp;ssl=1 300w, https:\/\/i0.wp.com\/eltrabajo.cl\/portal\/wp-content\/uploads\/2016\/04\/a1.jpg?resize=228%2C150&amp;ssl=1 228w, https:\/\/i0.wp.com\/eltrabajo.cl\/portal\/wp-content\/uploads\/2016\/04\/a1.jpg?resize=400%2C263&amp;ssl=1 400w\" sizes=\"auto, (max-width: 530px) 100vw, 530px\" \/><\/a><figcaption id=\"caption-attachment-68473\" class=\"wp-caption-text\">ECUPERADO.- Aqu\u00ed tenemos a uno de los \u00e1ngeles recuperados por el Grupo Especial de Bienes Robados, dependiente de la Unidad de Robos de la PDI de Los Andes.<\/figcaption><\/figure>\n<figure id=\"attachment_68474\" aria-describedby=\"caption-attachment-68474\" style=\"width: 530px\" class=\"wp-caption alignleft\"><a href=\"http:\/\/www.eltrabajo.cl\/portal\/pdi-recupero-en-santiago-angeles-robados-en-iglesia-de-el-almendral\/a2\/\" rel=\"attachment wp-att-68474\"><img data-recalc-dims=\"1\" loading=\"lazy\" decoding=\"async\" class=\"size-full wp-image-68474\" src=\"https:\/\/i0.wp.com\/www.eltrabajo.cl\/portal\/wp-content\/uploads\/2016\/04\/a2.jpg?resize=530%2C349\" alt=\"SER\u00c1N BIENVENIDOS.- Estos \u00e1ngeles antes eran blancos, ahora lucen al natural como estatuas muy diferentes.\" width=\"530\" height=\"349\" srcset=\"https:\/\/i0.wp.com\/eltrabajo.cl\/portal\/wp-content\/uploads\/2016\/04\/a2.jpg?w=530&amp;ssl=1 530w, https:\/\/i0.wp.com\/eltrabajo.cl\/portal\/wp-content\/uploads\/2016\/04\/a2.jpg?resize=200%2C132&amp;ssl=1 200w, https:\/\/i0.wp.com\/eltrabajo.cl\/portal\/wp-content\/uploads\/2016\/04\/a2.jpg?resize=300%2C198&amp;ssl=1 300w, https:\/\/i0.wp.com\/eltrabajo.cl\/portal\/wp-content\/uploads\/2016\/04\/a2.jpg?resize=228%2C150&amp;ssl=1 228w, https:\/\/i0.wp.com\/eltrabajo.cl\/portal\/wp-content\/uploads\/2016\/04\/a2.jpg?resize=400%2C263&amp;ssl=1 400w\" sizes=\"auto, (max-width: 530px) 100vw, 530px\" \/><\/a><figcaption id=\"caption-attachment-68474\" class=\"wp-caption-text\">SER\u00c1N BIENVENIDOS.- Estos \u00e1ngeles antes eran blancos, ahora lucen al natural como estatuas muy diferentes.<\/figcaption><\/figure>\n<figure id=\"attachment_68475\" aria-describedby=\"caption-attachment-68475\" style=\"width: 530px\" class=\"wp-caption alignleft\"><a href=\"http:\/\/www.eltrabajo.cl\/portal\/pdi-recupero-en-santiago-angeles-robados-en-iglesia-de-el-almendral\/porta-templo-almendral-con-angeles-copia\/\" rel=\"attachment wp-att-68475\"><img data-recalc-dims=\"1\" loading=\"lazy\" decoding=\"async\" class=\"size-full wp-image-68475\" src=\"https:\/\/i0.wp.com\/www.eltrabajo.cl\/portal\/wp-content\/uploads\/2016\/04\/porta-templo-almendral-con-angeles-copia.jpg?resize=530%2C349\" alt=\"REGRESARON.- As\u00ed luc\u00edan los \u00e1ngeles cuando embellec\u00edan el frontis de la iglesia de El Almendral, ambos finalmente regresar\u00e1n hoy a su casa de origen.\" width=\"530\" height=\"349\" srcset=\"https:\/\/i0.wp.com\/eltrabajo.cl\/portal\/wp-content\/uploads\/2016\/04\/porta-templo-almendral-con-angeles-copia.jpg?w=530&amp;ssl=1 530w, https:\/\/i0.wp.com\/eltrabajo.cl\/portal\/wp-content\/uploads\/2016\/04\/porta-templo-almendral-con-angeles-copia.jpg?resize=200%2C132&amp;ssl=1 200w, https:\/\/i0.wp.com\/eltrabajo.cl\/portal\/wp-content\/uploads\/2016\/04\/porta-templo-almendral-con-angeles-copia.jpg?resize=300%2C198&amp;ssl=1 300w, https:\/\/i0.wp.com\/eltrabajo.cl\/portal\/wp-content\/uploads\/2016\/04\/porta-templo-almendral-con-angeles-copia.jpg?resize=228%2C150&amp;ssl=1 228w, https:\/\/i0.wp.com\/eltrabajo.cl\/portal\/wp-content\/uploads\/2016\/04\/porta-templo-almendral-con-angeles-copia.jpg?resize=400%2C263&amp;ssl=1 400w\" sizes=\"auto, (max-width: 530px) 100vw, 530px\" \/><\/a><figcaption id=\"caption-attachment-68475\" class=\"wp-caption-text\">REGRESARON.- As\u00ed luc\u00edan los \u00e1ngeles cuando embellec\u00edan el frontis de la iglesia de El Almendral, ambos finalmente regresar\u00e1n hoy a su casa de origen.<\/figcaption><\/figure>\n","protected":false},"excerpt":{"rendered":"<p>Reliquias de madera las vend\u00edan en $30 millones: En un extraordinario trabajo de Inteligencia desarrollado y ejecutado por el Grupo Especial de Bienes Robados, dependiente de la Unidad de Robos de la&#8230;<\/p>\n","protected":false},"author":1,"featured_media":68475,"comment_status":"open","ping_status":"open","sticky":false,"template":"","format":"standard","meta":{"advanced_seo_description":"","jetpack_seo_html_title":"","jetpack_seo_noindex":false,"_jetpack_memberships_contains_paid_content":false,"footnotes":""},"categories":[21],"tags":[],"class_list":["post-68472","post","type-post","status-publish","format-standard","has-post-thumbnail","hentry","category-policial"],"jetpack_featured_media_url":"https:\/\/i0.wp.com\/eltrabajo.cl\/portal\/wp-content\/uploads\/2016\/04\/porta-templo-almendral-con-angeles-copia.jpg?fit=530%2C349&ssl=1","jetpack_sharing_enabled":true,"jetpack_likes_enabled":true,"jetpack-related-posts":[],"_links":{"self":[{"href":"https:\/\/eltrabajo.cl\/portal\/wp-json\/wp\/v2\/posts\/68472","targetHints":{"allow":["GET"]}}],"collection":[{"href":"https:\/\/eltrabajo.cl\/portal\/wp-json\/wp\/v2\/posts"}],"about":[{"href":"https:\/\/eltrabajo.cl\/portal\/wp-json\/wp\/v2\/types\/post"}],"author":[{"embeddable":true,"href":"https:\/\/eltrabajo.cl\/portal\/wp-json\/wp\/v2\/users\/1"}],"replies":[{"embeddable":true,"href":"https:\/\/eltrabajo.cl\/portal\/wp-json\/wp\/v2\/comments?post=68472"}],"version-history":[{"count":0,"href":"https:\/\/eltrabajo.cl\/portal\/wp-json\/wp\/v2\/posts\/68472\/revisions"}],"wp:featuredmedia":[{"embeddable":true,"href":"https:\/\/eltrabajo.cl\/portal\/wp-json\/wp\/v2\/media\/68475"}],"wp:attachment":[{"href":"https:\/\/eltrabajo.cl\/portal\/wp-json\/wp\/v2\/media?parent=68472"}],"wp:term":[{"taxonomy":"category","embeddable":true,"href":"https:\/\/eltrabajo.cl\/portal\/wp-json\/wp\/v2\/categories?post=68472"},{"taxonomy":"post_tag","embeddable":true,"href":"https:\/\/eltrabajo.cl\/portal\/wp-json\/wp\/v2\/tags?post=68472"}],"curies":[{"name":"wp","href":"https:\/\/api.w.org\/{rel}","templated":true}]}}