{"id":68489,"date":"2016-04-07T09:21:14","date_gmt":"2016-04-07T12:21:14","guid":{"rendered":"http:\/\/www.eltrabajo.cl\/portal\/?p=68489"},"modified":"2016-04-07T09:21:14","modified_gmt":"2016-04-07T12:21:14","slug":"nuevas-filtraciones-de-embalse-chacrillas-frenan-llenado-hasta-septiembre","status":"publish","type":"post","link":"https:\/\/eltrabajo.cl\/portal\/nuevas-filtraciones-de-embalse-chacrillas-frenan-llenado-hasta-septiembre\/","title":{"rendered":"Nuevas filtraciones de Embalse Chacrillas frenan llenado hasta septiembre"},"content":{"rendered":"<p><strong>Dirigentes de la Junta de Vigilancia del R\u00edo Putaendo se mostraron sorprendidos por lo ocurrido e indicaron que no se podr\u00e1 llenar el embalse, pues al haber mayor presi\u00f3n de agua se registrar\u00e1n m\u00e1s filtraciones.<\/strong><br \/>\n<strong>PUTAENDO.-<\/strong> Una mala noticia afecta a los regantes de la comuna, luego que se diera a conocer que se detect\u00f3 una nueva fisura al interior de la mega obra, esta vez en la caverna de v\u00e1lvulas, motivo por el cual Chacrillas no podr\u00e1 ser llenado hasta los meses de agosto o septiembre de este a\u00f1o.<br \/>\nAs\u00ed lo dio a conocer Miguel Vega, Presidente de la Junta de Vigilancia del R\u00edo Putaendo, quien afirm\u00f3 que lamentablemente han aparecido nuevas filtraciones dentro de la caverna de v\u00e1lvulas, lo que se torna preocupante porque hoy el embalse est\u00e1 pr\u00e1cticamente vac\u00edo y si se acumula agua habr\u00e1 m\u00e1s presi\u00f3n y m\u00e1s filtraciones. Por esta situaci\u00f3n, el embalse podr\u00e1 llenarse entre agosto o septiembre, hecho que significar\u00e1 que el agua proveniente las lluvias que se registren en invierno no podr\u00e1n ser acumuladas.<br \/>\nEl dirigente sostuvo que lo positivo es que la empresa que se encuentra aplicando las inyecciones al interior del embalse sellar\u00e1 las filtraciones, que se financiar\u00e1n con recursos que ya est\u00e1n asignados, eximiendo a los regantes de la comuna de incurrir en gastos para tal efecto.<br \/>\nFinalmente, Miguel Vega precis\u00f3 que el viernes pasado la Direcci\u00f3n de Obras Hidr\u00e1ulicas les confirm\u00f3 que ya se encuentra una arque\u00f3loga trabajando en el sitio arqueol\u00f3gico encontrado en la cortina del embalse para culminar el levantamiento en un plazo de 30 d\u00edas.<br \/>\n<strong>Patricio Gallardo M.<\/strong><\/p>\n<figure id=\"attachment_68490\" aria-describedby=\"caption-attachment-68490\" style=\"width: 530px\" class=\"wp-caption alignleft\"><a href=\"http:\/\/www.eltrabajo.cl\/portal\/nuevas-filtraciones-de-embalse-chacrillas-frenan-llenado-hasta-septiembre\/embalse-chacrillas-4\/\" rel=\"attachment wp-att-68490\"><img data-recalc-dims=\"1\" loading=\"lazy\" decoding=\"async\" class=\"size-full wp-image-68490\" src=\"https:\/\/i0.wp.com\/www.eltrabajo.cl\/portal\/wp-content\/uploads\/2016\/04\/Embalse-chacrillas.jpg?resize=530%2C349\" alt=\"Debido a nuevas filtraciones de agua, el embalse Chacrillas no podr\u00e1 acumular el agua de las lluvias de invierno. \" width=\"530\" height=\"349\" srcset=\"https:\/\/i0.wp.com\/eltrabajo.cl\/portal\/wp-content\/uploads\/2016\/04\/Embalse-chacrillas.jpg?w=530&amp;ssl=1 530w, https:\/\/i0.wp.com\/eltrabajo.cl\/portal\/wp-content\/uploads\/2016\/04\/Embalse-chacrillas.jpg?resize=200%2C132&amp;ssl=1 200w, https:\/\/i0.wp.com\/eltrabajo.cl\/portal\/wp-content\/uploads\/2016\/04\/Embalse-chacrillas.jpg?resize=300%2C198&amp;ssl=1 300w, https:\/\/i0.wp.com\/eltrabajo.cl\/portal\/wp-content\/uploads\/2016\/04\/Embalse-chacrillas.jpg?resize=228%2C150&amp;ssl=1 228w, https:\/\/i0.wp.com\/eltrabajo.cl\/portal\/wp-content\/uploads\/2016\/04\/Embalse-chacrillas.jpg?resize=400%2C263&amp;ssl=1 400w\" sizes=\"auto, (max-width: 530px) 100vw, 530px\" \/><\/a><figcaption id=\"caption-attachment-68490\" class=\"wp-caption-text\">Debido a nuevas filtraciones de agua, el embalse Chacrillas no podr\u00e1 acumular el agua de las lluvias de invierno.<\/figcaption><\/figure>\n","protected":false},"excerpt":{"rendered":"<p>Dirigentes de la Junta de Vigilancia del R\u00edo Putaendo se mostraron sorprendidos por lo ocurrido e indicaron que no se podr\u00e1 llenar el embalse, pues al haber mayor presi\u00f3n de agua se&#8230;<\/p>\n","protected":false},"author":1,"featured_media":68490,"comment_status":"open","ping_status":"open","sticky":false,"template":"","format":"standard","meta":{"advanced_seo_description":"","jetpack_seo_html_title":"","jetpack_seo_noindex":false,"_jetpack_memberships_contains_paid_content":false,"footnotes":""},"categories":[1],"tags":[],"class_list":["post-68489","post","type-post","status-publish","format-standard","has-post-thumbnail","hentry","category-cronica"],"jetpack_featured_media_url":"https:\/\/i0.wp.com\/eltrabajo.cl\/portal\/wp-content\/uploads\/2016\/04\/Embalse-chacrillas.jpg?fit=530%2C349&ssl=1","jetpack_sharing_enabled":true,"jetpack_likes_enabled":true,"jetpack-related-posts":[],"_links":{"self":[{"href":"https:\/\/eltrabajo.cl\/portal\/wp-json\/wp\/v2\/posts\/68489","targetHints":{"allow":["GET"]}}],"collection":[{"href":"https:\/\/eltrabajo.cl\/portal\/wp-json\/wp\/v2\/posts"}],"about":[{"href":"https:\/\/eltrabajo.cl\/portal\/wp-json\/wp\/v2\/types\/post"}],"author":[{"embeddable":true,"href":"https:\/\/eltrabajo.cl\/portal\/wp-json\/wp\/v2\/users\/1"}],"replies":[{"embeddable":true,"href":"https:\/\/eltrabajo.cl\/portal\/wp-json\/wp\/v2\/comments?post=68489"}],"version-history":[{"count":0,"href":"https:\/\/eltrabajo.cl\/portal\/wp-json\/wp\/v2\/posts\/68489\/revisions"}],"wp:featuredmedia":[{"embeddable":true,"href":"https:\/\/eltrabajo.cl\/portal\/wp-json\/wp\/v2\/media\/68490"}],"wp:attachment":[{"href":"https:\/\/eltrabajo.cl\/portal\/wp-json\/wp\/v2\/media?parent=68489"}],"wp:term":[{"taxonomy":"category","embeddable":true,"href":"https:\/\/eltrabajo.cl\/portal\/wp-json\/wp\/v2\/categories?post=68489"},{"taxonomy":"post_tag","embeddable":true,"href":"https:\/\/eltrabajo.cl\/portal\/wp-json\/wp\/v2\/tags?post=68489"}],"curies":[{"name":"wp","href":"https:\/\/api.w.org\/{rel}","templated":true}]}}