{"id":68493,"date":"2016-04-07T09:24:22","date_gmt":"2016-04-07T12:24:22","guid":{"rendered":"http:\/\/www.eltrabajo.cl\/portal\/?p=68493"},"modified":"2016-04-07T09:24:22","modified_gmt":"2016-04-07T12:24:22","slug":"con-cortes-de-transito-comienzan-obras-de-mejoras-en-pavimento-de-ruta-60-ch","status":"publish","type":"post","link":"https:\/\/eltrabajo.cl\/portal\/con-cortes-de-transito-comienzan-obras-de-mejoras-en-pavimento-de-ruta-60-ch\/","title":{"rendered":"Con cortes de tr\u00e1nsito comienzan obras de mejoras en pavimento de ruta 60 CH"},"content":{"rendered":"<p>Una inversi\u00f3n que supera los $ 374 millones desarrollar\u00e1 el Ministerio de Obras P\u00fablicas a trav\u00e9s de la Direcci\u00f3n de Vialidad en obras de mejoramiento de los pavimentos de la Ruta 60 CH en el sector Palomar en la comuna de Panquehue.<br \/>\nLos trabajos consisten en el reemplazo de losas da\u00f1adas, bacheos, reparaci\u00f3n de bermas y obras de seguridad vial, entre otros. Y se extender\u00e1n por 5 meses.<br \/>\nClaudia Lizama, jefa provincial de la Direcci\u00f3n de Vialidad del Ministerio de Obras P\u00fablicas explic\u00f3 que las obras se extender\u00e1n por una longitud de 3,8 kil\u00f3metros y se desarrollar\u00e1n con el tr\u00e1nsito diferido. Precis\u00f3 que se trabajar\u00e1 en tramos de no m\u00e1s de 500 metros inici\u00e1ndose este jueves 7 de abril en el sector del servicentro, por la pista que va de Panquehue a San Felipe.<br \/>\nLa profesional precis\u00f3 que la duraci\u00f3n de las interrupciones de tr\u00e1nsito se ir\u00e1n evaluando de acuerdo a los flujos y llam\u00f3 a la comunidad a tomar en cuenta este aspecto en sus desplazamientos.<br \/>\n\u201cSolicitamos a la comunidad considerar en sus tiempos de desplazamiento los trabajos que se van a realizar, especialmente a las personas de las comunas de Llay Llay y Catemu ya que en alg\u00fan minuto se van a ver enfrentados con trabajos y as\u00ed disminuir el impacto de estas obras que van en directo beneficio de la comunidad aconcag\u00fcina y de la poblaci\u00f3n flotante que transita por nuestros caminos y la ruta 60 CH\u201d, dijo.<br \/>\nLas obras se desarrollar\u00e1n de d\u00eda y de noche y paralelamente incluir\u00e1n la poda y corta de \u00e1rboles ubicados en la faja fiscal que presentan riesgo de ca\u00edda generan problemas de seguridad vial en el sector Lo Campo. Las especies ser\u00e1n repuestas de acuerdo a las disposiciones de Conaf.<\/p>\n<figure id=\"attachment_68494\" aria-describedby=\"caption-attachment-68494\" style=\"width: 530px\" class=\"wp-caption alignleft\"><a href=\"http:\/\/www.eltrabajo.cl\/portal\/con-cortes-de-transito-comienzan-obras-de-mejoras-en-pavimento-de-ruta-60-ch\/trabajos-ruta\/\" rel=\"attachment wp-att-68494\"><img data-recalc-dims=\"1\" loading=\"lazy\" decoding=\"async\" class=\"size-full wp-image-68494\" src=\"https:\/\/i0.wp.com\/www.eltrabajo.cl\/portal\/wp-content\/uploads\/2016\/04\/trabajos-ruta.jpg?resize=530%2C349\" alt=\"Trabajos tienen una inversi\u00f3n de $374 millones y se desarrollar\u00e1n con interrupciones de tr\u00e1nsito focalizadas y de acuerdo a los flujos. (Referencial)\" width=\"530\" height=\"349\" srcset=\"https:\/\/i0.wp.com\/eltrabajo.cl\/portal\/wp-content\/uploads\/2016\/04\/trabajos-ruta.jpg?w=530&amp;ssl=1 530w, https:\/\/i0.wp.com\/eltrabajo.cl\/portal\/wp-content\/uploads\/2016\/04\/trabajos-ruta.jpg?resize=200%2C132&amp;ssl=1 200w, https:\/\/i0.wp.com\/eltrabajo.cl\/portal\/wp-content\/uploads\/2016\/04\/trabajos-ruta.jpg?resize=300%2C198&amp;ssl=1 300w, https:\/\/i0.wp.com\/eltrabajo.cl\/portal\/wp-content\/uploads\/2016\/04\/trabajos-ruta.jpg?resize=228%2C150&amp;ssl=1 228w, https:\/\/i0.wp.com\/eltrabajo.cl\/portal\/wp-content\/uploads\/2016\/04\/trabajos-ruta.jpg?resize=400%2C263&amp;ssl=1 400w\" sizes=\"auto, (max-width: 530px) 100vw, 530px\" \/><\/a><figcaption id=\"caption-attachment-68494\" class=\"wp-caption-text\">Trabajos tienen una inversi\u00f3n de $374 millones y se desarrollar\u00e1n con interrupciones de tr\u00e1nsito focalizadas y de acuerdo a los flujos. (Referencial)<\/figcaption><\/figure>\n","protected":false},"excerpt":{"rendered":"<p>Una inversi\u00f3n que supera los $ 374 millones desarrollar\u00e1 el Ministerio de Obras P\u00fablicas a trav\u00e9s de la Direcci\u00f3n de Vialidad en obras de mejoramiento de los pavimentos de la Ruta 60&#8230;<\/p>\n","protected":false},"author":1,"featured_media":68494,"comment_status":"open","ping_status":"open","sticky":false,"template":"","format":"standard","meta":{"advanced_seo_description":"","jetpack_seo_html_title":"","jetpack_seo_noindex":false,"_jetpack_memberships_contains_paid_content":false,"footnotes":""},"categories":[1],"tags":[],"class_list":["post-68493","post","type-post","status-publish","format-standard","has-post-thumbnail","hentry","category-cronica"],"jetpack_featured_media_url":"https:\/\/i0.wp.com\/eltrabajo.cl\/portal\/wp-content\/uploads\/2016\/04\/trabajos-ruta.jpg?fit=530%2C349&ssl=1","jetpack_sharing_enabled":true,"jetpack_likes_enabled":true,"jetpack-related-posts":[],"_links":{"self":[{"href":"https:\/\/eltrabajo.cl\/portal\/wp-json\/wp\/v2\/posts\/68493","targetHints":{"allow":["GET"]}}],"collection":[{"href":"https:\/\/eltrabajo.cl\/portal\/wp-json\/wp\/v2\/posts"}],"about":[{"href":"https:\/\/eltrabajo.cl\/portal\/wp-json\/wp\/v2\/types\/post"}],"author":[{"embeddable":true,"href":"https:\/\/eltrabajo.cl\/portal\/wp-json\/wp\/v2\/users\/1"}],"replies":[{"embeddable":true,"href":"https:\/\/eltrabajo.cl\/portal\/wp-json\/wp\/v2\/comments?post=68493"}],"version-history":[{"count":0,"href":"https:\/\/eltrabajo.cl\/portal\/wp-json\/wp\/v2\/posts\/68493\/revisions"}],"wp:featuredmedia":[{"embeddable":true,"href":"https:\/\/eltrabajo.cl\/portal\/wp-json\/wp\/v2\/media\/68494"}],"wp:attachment":[{"href":"https:\/\/eltrabajo.cl\/portal\/wp-json\/wp\/v2\/media?parent=68493"}],"wp:term":[{"taxonomy":"category","embeddable":true,"href":"https:\/\/eltrabajo.cl\/portal\/wp-json\/wp\/v2\/categories?post=68493"},{"taxonomy":"post_tag","embeddable":true,"href":"https:\/\/eltrabajo.cl\/portal\/wp-json\/wp\/v2\/tags?post=68493"}],"curies":[{"name":"wp","href":"https:\/\/api.w.org\/{rel}","templated":true}]}}