{"id":68497,"date":"2016-04-07T09:26:28","date_gmt":"2016-04-07T12:26:28","guid":{"rendered":"http:\/\/www.eltrabajo.cl\/portal\/?p=68497"},"modified":"2016-04-07T09:26:28","modified_gmt":"2016-04-07T12:26:28","slug":"pdi-hizo-entrega-de-los-angeles-recuperados-a-parroco-eugenio-duque","status":"publish","type":"post","link":"https:\/\/eltrabajo.cl\/portal\/pdi-hizo-entrega-de-los-angeles-recuperados-a-parroco-eugenio-duque\/","title":{"rendered":"PDI hizo entrega de los \u00e1ngeles recuperados a p\u00e1rroco Eugenio Duque"},"content":{"rendered":"<p><strong>Ser\u00e1n reinstalados el 13 de junio en Iglesia San Antonio de Padua:<\/strong><br \/>\n<strong>LOS ANDES.-<\/strong> Luego que en Santiago este martes el Grupo Especial de Bienes Robados, dependiente de la Unidad de Robos de la PDI de Los Andes diera el magistral golpe operativo para recuperar los dos \u00e1ngeles de madera que hab\u00edan sido robados en agosto de 2009 desde la parroquia San Antonio de Padua en El Almendral, la ma\u00f1ana de ayer mi\u00e9rcoles se procedi\u00f3, por parte del subprefecto Juan S\u00e1nchez, jefe de la Brigada de Robos de la PDI, hizo entrega oficial de las estatuas al p\u00e1rroco de la iglesia de El Almendral, Eugenio Duque.<\/p>\n<p><strong>INFORME POLICIAL<\/strong><br \/>\n\u00abEstoy muy agradecido con el excelente trabajo de cada uno de los agentes de la PDI, quienes hicieron posible el recuperar este patrimonio cultural nacional, pues en 1972 nuestra parroquia fue declarada Monumento Nacional, estos muchachos no descansan, ni d\u00edas domingos ni feriados, la PDI siempre est\u00e1 de manera silenciosa haciendo su labor de manera profesional. Esperamos reinaugurar la instalaci\u00f3n de estas estructuras el 13 de junio, d\u00eda de San Antonio de Padua\u00bb, dijo el religioso.<br \/>\nPor su parte el subprefecto S\u00e1nchez, explic\u00f3 a los medios que \u00abfue un trabajo de investigaci\u00f3n y seguimiento el que hizo nuestra Unidad de Robos, eran dos esculturas italianas del siglo 18 las que nuestros agentes recuperaron de una casa en Renca, Santiago. Hay un detenido de 36 a\u00f1os, quien se dedica a restaurar antig\u00fcedades, esta persona no tiene antecedentes\u00bb, inform\u00f3 S\u00e1nchez.<br \/>\nRoberto Gonz\u00e1lez Short<br \/>\nrgonzalez@eltrabajo.cl<\/p>\n<figure id=\"attachment_68498\" aria-describedby=\"caption-attachment-68498\" style=\"width: 530px\" class=\"wp-caption alignleft\"><a href=\"http:\/\/www.eltrabajo.cl\/portal\/pdi-hizo-entrega-de-los-angeles-recuperados-a-parroco-eugenio-duque\/ala33\/\" rel=\"attachment wp-att-68498\"><img data-recalc-dims=\"1\" loading=\"lazy\" decoding=\"async\" class=\"size-full wp-image-68498\" src=\"https:\/\/i0.wp.com\/www.eltrabajo.cl\/portal\/wp-content\/uploads\/2016\/04\/Ala33.jpg?resize=530%2C348\" alt=\"FUERTE VIENTO.- Lamentablemente, el viento era tan fuerte que tir\u00f3 a una de las esculturas al suelo, se quebr\u00f3 un ala, pero ser\u00e1 restaurada.\" width=\"530\" height=\"348\" srcset=\"https:\/\/i0.wp.com\/eltrabajo.cl\/portal\/wp-content\/uploads\/2016\/04\/Ala33.jpg?w=530&amp;ssl=1 530w, https:\/\/i0.wp.com\/eltrabajo.cl\/portal\/wp-content\/uploads\/2016\/04\/Ala33.jpg?resize=200%2C131&amp;ssl=1 200w, https:\/\/i0.wp.com\/eltrabajo.cl\/portal\/wp-content\/uploads\/2016\/04\/Ala33.jpg?resize=300%2C197&amp;ssl=1 300w, https:\/\/i0.wp.com\/eltrabajo.cl\/portal\/wp-content\/uploads\/2016\/04\/Ala33.jpg?resize=228%2C150&amp;ssl=1 228w, https:\/\/i0.wp.com\/eltrabajo.cl\/portal\/wp-content\/uploads\/2016\/04\/Ala33.jpg?resize=400%2C263&amp;ssl=1 400w\" sizes=\"auto, (max-width: 530px) 100vw, 530px\" \/><\/a><figcaption id=\"caption-attachment-68498\" class=\"wp-caption-text\">FUERTE VIENTO.- Lamentablemente, el viento era tan fuerte que tir\u00f3 a una de las esculturas al suelo, se quebr\u00f3 un ala, pero ser\u00e1 restaurada.<\/figcaption><\/figure>\n<figure id=\"attachment_68499\" aria-describedby=\"caption-attachment-68499\" style=\"width: 530px\" class=\"wp-caption alignleft\"><a href=\"http:\/\/www.eltrabajo.cl\/portal\/pdi-hizo-entrega-de-los-angeles-recuperados-a-parroco-eugenio-duque\/angeles1\/\" rel=\"attachment wp-att-68499\"><img data-recalc-dims=\"1\" loading=\"lazy\" decoding=\"async\" class=\"size-full wp-image-68499\" src=\"https:\/\/i0.wp.com\/www.eltrabajo.cl\/portal\/wp-content\/uploads\/2016\/04\/Angeles1.jpg?resize=530%2C348\" alt=\"REGRESARON.- Momentos en que el subprefecto Juan S\u00e1nchez hizo entrega de los \u00e1ngeles al p\u00e1rroco Eugenio Duque.\" width=\"530\" height=\"348\" srcset=\"https:\/\/i0.wp.com\/eltrabajo.cl\/portal\/wp-content\/uploads\/2016\/04\/Angeles1.jpg?w=530&amp;ssl=1 530w, https:\/\/i0.wp.com\/eltrabajo.cl\/portal\/wp-content\/uploads\/2016\/04\/Angeles1.jpg?resize=200%2C131&amp;ssl=1 200w, https:\/\/i0.wp.com\/eltrabajo.cl\/portal\/wp-content\/uploads\/2016\/04\/Angeles1.jpg?resize=300%2C197&amp;ssl=1 300w, https:\/\/i0.wp.com\/eltrabajo.cl\/portal\/wp-content\/uploads\/2016\/04\/Angeles1.jpg?resize=228%2C150&amp;ssl=1 228w, https:\/\/i0.wp.com\/eltrabajo.cl\/portal\/wp-content\/uploads\/2016\/04\/Angeles1.jpg?resize=400%2C263&amp;ssl=1 400w\" sizes=\"auto, (max-width: 530px) 100vw, 530px\" \/><\/a><figcaption id=\"caption-attachment-68499\" class=\"wp-caption-text\">REGRESARON.- Momentos en que el subprefecto Juan S\u00e1nchez hizo entrega de los \u00e1ngeles al p\u00e1rroco Eugenio Duque.<\/figcaption><\/figure>\n","protected":false},"excerpt":{"rendered":"<p>Ser\u00e1n reinstalados el 13 de junio en Iglesia San Antonio de Padua: LOS ANDES.- Luego que en Santiago este martes el Grupo Especial de Bienes Robados, dependiente de la Unidad de Robos&#8230;<\/p>\n","protected":false},"author":1,"featured_media":68499,"comment_status":"open","ping_status":"open","sticky":false,"template":"","format":"standard","meta":{"advanced_seo_description":"","jetpack_seo_html_title":"","jetpack_seo_noindex":false,"_jetpack_memberships_contains_paid_content":false,"footnotes":""},"categories":[15],"tags":[],"class_list":["post-68497","post","type-post","status-publish","format-standard","has-post-thumbnail","hentry","category-comunidad"],"jetpack_featured_media_url":"https:\/\/i0.wp.com\/eltrabajo.cl\/portal\/wp-content\/uploads\/2016\/04\/Angeles1.jpg?fit=530%2C348&ssl=1","jetpack_sharing_enabled":true,"jetpack_likes_enabled":true,"jetpack-related-posts":[],"_links":{"self":[{"href":"https:\/\/eltrabajo.cl\/portal\/wp-json\/wp\/v2\/posts\/68497","targetHints":{"allow":["GET"]}}],"collection":[{"href":"https:\/\/eltrabajo.cl\/portal\/wp-json\/wp\/v2\/posts"}],"about":[{"href":"https:\/\/eltrabajo.cl\/portal\/wp-json\/wp\/v2\/types\/post"}],"author":[{"embeddable":true,"href":"https:\/\/eltrabajo.cl\/portal\/wp-json\/wp\/v2\/users\/1"}],"replies":[{"embeddable":true,"href":"https:\/\/eltrabajo.cl\/portal\/wp-json\/wp\/v2\/comments?post=68497"}],"version-history":[{"count":0,"href":"https:\/\/eltrabajo.cl\/portal\/wp-json\/wp\/v2\/posts\/68497\/revisions"}],"wp:featuredmedia":[{"embeddable":true,"href":"https:\/\/eltrabajo.cl\/portal\/wp-json\/wp\/v2\/media\/68499"}],"wp:attachment":[{"href":"https:\/\/eltrabajo.cl\/portal\/wp-json\/wp\/v2\/media?parent=68497"}],"wp:term":[{"taxonomy":"category","embeddable":true,"href":"https:\/\/eltrabajo.cl\/portal\/wp-json\/wp\/v2\/categories?post=68497"},{"taxonomy":"post_tag","embeddable":true,"href":"https:\/\/eltrabajo.cl\/portal\/wp-json\/wp\/v2\/tags?post=68497"}],"curies":[{"name":"wp","href":"https:\/\/api.w.org\/{rel}","templated":true}]}}