{"id":68502,"date":"2016-04-07T09:28:57","date_gmt":"2016-04-07T12:28:57","guid":{"rendered":"http:\/\/www.eltrabajo.cl\/portal\/?p=68502"},"modified":"2016-04-07T09:28:57","modified_gmt":"2016-04-07T12:28:57","slug":"vecinos-denuncian-supuestos-malos-tratos-de-medico-de-urgencia-de-putaendo","status":"publish","type":"post","link":"https:\/\/eltrabajo.cl\/portal\/vecinos-denuncian-supuestos-malos-tratos-de-medico-de-urgencia-de-putaendo\/","title":{"rendered":"Vecinos denuncian supuestos malos tratos de m\u00e9dico de urgencia de Putaendo"},"content":{"rendered":"<p><strong>Varios usuarios acusan falta de empat\u00eda por parte del facultativo, despreocupaci\u00f3n y mala atenci\u00f3n dirigida a ni\u00f1os y personas de la tercera edad.<\/strong><br \/>\n<strong>PUTAENDO.-<\/strong> Al menos tres residentes de la localidad de Piguch\u00e9n denunciaron p\u00fablicamente lo que consideran una mala atenci\u00f3n en el \u00e1mbito profesional y un p\u00e9simo trato hacia sus familiares por parte de un m\u00e9dico que atiende en el Servicio de Urgencia del Hospital San Antonio.<br \/>\nLa Sra. Ana Mar\u00eda Berr\u00edos asegur\u00f3 que su madre, de casi 80 a\u00f1os de edad, ha estado internada varias veces en el Hospital San Antonio y debido a varias complicaciones, habitualmente debe ser trasladada en ambulancia hasta el recinto de salud.<br \/>\nLa denunciante sostuvo que si bien es cierto como familia entienden que el estado de salud de su madre es complejo, el trato que han recibido por parte del Dr. Javier Segovia no es el m\u00e1s adecuado, poniendo como ejemplo que el profesional no la atiende con prolijidad y s\u00f3lo ordena que se le administre suero, y a diferencia de otros m\u00e9dicos, no tiene la empat\u00eda de explicarle a la familia cu\u00e1l es el padecimiento de su madre.<br \/>\nBerr\u00edos indic\u00f3 que no es primera vez que ocurren estos hechos con el mismo m\u00e9dico, al cual acusa de entregar una mala atenci\u00f3n al p\u00fablico en general y de mantener una actitud que tild\u00f3 como d\u00e9spota hacia los usuarios, sobre todo con ni\u00f1os y adultos mayores.<br \/>\nAnte esta situaci\u00f3n, la denunciante destac\u00f3 el buen trato que han recibido por parte de otros facultativos y personal del Hospital San Antonio de Putaendo, motivo por el cual p\u00fablicamente pidi\u00f3 a la instituci\u00f3n que pida al m&#8217;edico cuestionado que mejore el trato con quienes acuden hasta el Servicio de Urgencia y act\u00fae de mejor manera.<br \/>\nUna situaci\u00f3n similar fue la denunciada por la Sra. Evelyn Parra, tambi\u00e9n vecina de la localidad de Piguch\u00e9n, quien asegur\u00f3 que al llevar a su hijo, que presentaba mucha fiebre, al Servicio de Urgencia del Hospital San Antonio en horas de la madrugada, recibiendo como respuesta por parte del mismo facultativo una llamada de atenci\u00f3n por haber acudido a esa hora por un cuadro de fiebre \u00abincluso a m\u00ed me dio la impresi\u00f3n que se molest\u00f3 porque lo despertaron\u00bb, indic\u00f3.<br \/>\nParra lament\u00f3 lo ocurrido y se\u00f1al\u00f3 que nunca antes hab\u00eda pasado por algo parecido en el hospital putaendino, agregando que el citado m\u00e9dico es el \u00fanico profesional del recinto que mantiene un mal trato hacia los usuarios.<br \/>\nAmbas reclamantes junto a otra vecina que pidi\u00f3 reserva de su identidad, declararon que incluso acudir\u00e1n hasta el Concejo Municipal de Putaendo para solicitar la intervenci\u00f3n del alcalde y los concejales, pues aseguran que muchas otras personas han pasado por lo mismo y han decidido no denunciar los hechos.<\/p>\n<p><strong>VERSI\u00d3N DEL HOSPITAL<\/strong><br \/>\nA ra\u00edz de estas denuncias consultamos la versi\u00f3n del Hospital San Antonio de Putaendo, establecimiento que respondi\u00f3 en la persona de la Subdirectora M\u00e9dica, Dra. Brenda Gonz\u00e1lez, quien puntualiz\u00f3 que conversar\u00e1n con el m\u00e9dico aludido, aunque pidi\u00f3 a las denunciantes que formalicen su reclamo en la Oficina de Informaci\u00f3n, Reclamos y Sugerencias (OIRS) disponible en el Hospital, para que de esa manera se puedan recabar los antecedentes correspondientes.<br \/>\n<strong>Patricio Gallardo M.<\/strong><\/p>\n<figure id=\"attachment_68503\" aria-describedby=\"caption-attachment-68503\" style=\"width: 530px\" class=\"wp-caption alignleft\"><a href=\"http:\/\/www.eltrabajo.cl\/portal\/vecinos-denuncian-supuestos-malos-tratos-de-medico-de-urgencia-de-putaendo\/denuncia-mal-trato\/\" rel=\"attachment wp-att-68503\"><img data-recalc-dims=\"1\" loading=\"lazy\" decoding=\"async\" class=\"size-full wp-image-68503\" src=\"https:\/\/i0.wp.com\/www.eltrabajo.cl\/portal\/wp-content\/uploads\/2016\/04\/Denuncia-mal-trato.jpg?resize=530%2C350\" alt=\"La Sra. Ana Mar\u00eda Berr\u00edos junto a madre, de casi 80 a\u00f1os de edad, acusan haber recibido malos tratos de parte del m\u00e9dico que atiende urgencias en el Hospital San Antonio de Putaendo.\" width=\"530\" height=\"350\" srcset=\"https:\/\/i0.wp.com\/eltrabajo.cl\/portal\/wp-content\/uploads\/2016\/04\/Denuncia-mal-trato.jpg?w=530&amp;ssl=1 530w, https:\/\/i0.wp.com\/eltrabajo.cl\/portal\/wp-content\/uploads\/2016\/04\/Denuncia-mal-trato.jpg?resize=200%2C132&amp;ssl=1 200w, https:\/\/i0.wp.com\/eltrabajo.cl\/portal\/wp-content\/uploads\/2016\/04\/Denuncia-mal-trato.jpg?resize=300%2C198&amp;ssl=1 300w, https:\/\/i0.wp.com\/eltrabajo.cl\/portal\/wp-content\/uploads\/2016\/04\/Denuncia-mal-trato.jpg?resize=227%2C150&amp;ssl=1 227w, https:\/\/i0.wp.com\/eltrabajo.cl\/portal\/wp-content\/uploads\/2016\/04\/Denuncia-mal-trato.jpg?resize=400%2C264&amp;ssl=1 400w\" sizes=\"auto, (max-width: 530px) 100vw, 530px\" \/><\/a><figcaption id=\"caption-attachment-68503\" class=\"wp-caption-text\">La Sra. Ana Mar\u00eda Berr\u00edos junto a madre, de casi 80 a\u00f1os de edad, acusan haber recibido malos tratos de parte del m\u00e9dico que atiende urgencias en el Hospital San Antonio de Putaendo.<\/figcaption><\/figure>\n","protected":false},"excerpt":{"rendered":"<p>Varios usuarios acusan falta de empat\u00eda por parte del facultativo, despreocupaci\u00f3n y mala atenci\u00f3n dirigida a ni\u00f1os y personas de la tercera edad. PUTAENDO.- Al menos tres residentes de la localidad de&#8230;<\/p>\n","protected":false},"author":1,"featured_media":68503,"comment_status":"open","ping_status":"open","sticky":false,"template":"","format":"standard","meta":{"advanced_seo_description":"","jetpack_seo_html_title":"","jetpack_seo_noindex":false,"_jetpack_memberships_contains_paid_content":false,"footnotes":""},"categories":[15],"tags":[],"class_list":["post-68502","post","type-post","status-publish","format-standard","has-post-thumbnail","hentry","category-comunidad"],"jetpack_featured_media_url":"https:\/\/i0.wp.com\/eltrabajo.cl\/portal\/wp-content\/uploads\/2016\/04\/Denuncia-mal-trato.jpg?fit=530%2C350&ssl=1","jetpack_sharing_enabled":true,"jetpack_likes_enabled":true,"jetpack-related-posts":[],"_links":{"self":[{"href":"https:\/\/eltrabajo.cl\/portal\/wp-json\/wp\/v2\/posts\/68502","targetHints":{"allow":["GET"]}}],"collection":[{"href":"https:\/\/eltrabajo.cl\/portal\/wp-json\/wp\/v2\/posts"}],"about":[{"href":"https:\/\/eltrabajo.cl\/portal\/wp-json\/wp\/v2\/types\/post"}],"author":[{"embeddable":true,"href":"https:\/\/eltrabajo.cl\/portal\/wp-json\/wp\/v2\/users\/1"}],"replies":[{"embeddable":true,"href":"https:\/\/eltrabajo.cl\/portal\/wp-json\/wp\/v2\/comments?post=68502"}],"version-history":[{"count":0,"href":"https:\/\/eltrabajo.cl\/portal\/wp-json\/wp\/v2\/posts\/68502\/revisions"}],"wp:featuredmedia":[{"embeddable":true,"href":"https:\/\/eltrabajo.cl\/portal\/wp-json\/wp\/v2\/media\/68503"}],"wp:attachment":[{"href":"https:\/\/eltrabajo.cl\/portal\/wp-json\/wp\/v2\/media?parent=68502"}],"wp:term":[{"taxonomy":"category","embeddable":true,"href":"https:\/\/eltrabajo.cl\/portal\/wp-json\/wp\/v2\/categories?post=68502"},{"taxonomy":"post_tag","embeddable":true,"href":"https:\/\/eltrabajo.cl\/portal\/wp-json\/wp\/v2\/tags?post=68502"}],"curies":[{"name":"wp","href":"https:\/\/api.w.org\/{rel}","templated":true}]}}