{"id":68506,"date":"2016-04-07T09:34:54","date_gmt":"2016-04-07T12:34:54","guid":{"rendered":"http:\/\/www.eltrabajo.cl\/portal\/?p=68506"},"modified":"2016-04-07T09:34:54","modified_gmt":"2016-04-07T12:34:54","slug":"femicida-de-rosa-galdames-fue-condenado-a-20-anos-de-carcel","status":"publish","type":"post","link":"https:\/\/eltrabajo.cl\/portal\/femicida-de-rosa-galdames-fue-condenado-a-20-anos-de-carcel\/","title":{"rendered":"Femicida de Rosa Galdames fue condenado a 20 a\u00f1os de c\u00e1rcel"},"content":{"rendered":"<p><strong>Fiscal\u00eda y Sernam conformes con la sentencia:<\/strong><br \/>\nAunque el condenado se excus\u00f3 para no asistir a la lectura de su sentencia, el Tribunal Oral en lo Penal dio a conocer el dictamen judicial que ordena dos d\u00e9cadas tras las rejas tras este horrible homicidio.<br \/>\nSin la presencia del condenado, Ricardo Trist\u00e1n Gallardo Fuentes, el Tribunal Oral en Lo Penal de San Felipe lo sentenci\u00f3 a cumplir una pena de 20 a\u00f1os de presidio mayor en su grado m\u00e1ximo, como autor del delito consumado de Femicidio en contra de Rosa Del Tr\u00e1nsito Galdames Montenegro, asesinada el 25 de febrero del 2014 en la poblaci\u00f3n El Salitre de Llay Llay.<br \/>\nEl fallo judicial ordena al sentenciado cumplir de manera efectiva la pena, descontando los d\u00edas que ha permanecido privado de libertad (desde el 26 de febrero del 2014 a la fecha); es decir, tiene un total de 771 d\u00edas abonados a la condena que dentro de los pr\u00f3ximos d\u00edas deber\u00e1 quedar firme y ejecutoriada, si eventualmente la Defensa no eleva un recurso de nulidad a este juicio.<br \/>\nEl Fiscal Jefe del Ministerio P\u00fablico de San Felipe, Eduardo Fajardo De La Cuba, afirm\u00f3 a Diario El Trabajo que dicha condena lo deja satisfecho al acercarse a la pena que la Fiscal\u00eda requer\u00eda, presidio perpetuo simple, \u201csin embargo el Tribunal acogi\u00f3 dos atenuantes: la colaboraci\u00f3n sustancial y el haberse entregado voluntariamente y colaborar en el juicio. Se acogi\u00f3 una agravante invocada por la Fiscal\u00eda y la parte querellante que es la alevos\u00eda la que fue determinante para aplicar esta pena de 20 a\u00f1os\u201d.<br \/>\nFajardo explic\u00f3 que la diferencia que existe entre esta condena y la de perpetuo simple o calificado, es que al recibir una pena de 20 a\u00f1os, el sentenciado podr\u00eda obtener beneficios intracarcelarios, habiendo cumplido la mitad de la sentencia, de acuerdo a informes sociales emitidos por Gendarmer\u00eda, que escapa a la labor de la Fiscal\u00eda.<\/p>\n<p><strong>EL CRIMEN<\/strong><br \/>\nComo se recordar\u00e1, el femicidio ocurri\u00f3 el 25 de febrero de 2014, cuando a eso de las 19:30 horas, el imputado se entreg\u00f3 voluntariamente en la Tenencia de Carabineros de la comuna de Catemu, confesando haber apu\u00f1alado a su pareja. Seg\u00fan se pudo conocer, Rosa Galdames presentaba tres heridas con un cuchillo cocinero en su espalda y heridas de defensa en sus manos.<br \/>\nAparentemente, el origen del crimen se debi\u00f3 a que la v\u00edctima le habr\u00eda solicitado a su entonces pareja terminar la relaci\u00f3n de convivencia que manten\u00edan durante muchos a\u00f1os, decisi\u00f3n que no fue aceptada por Gallardo, quien tom\u00f3 el arma blanca y atac\u00f3 a su compa\u00f1era de vida hasta darle muerte.<\/p>\n<p><strong>SERNAM PRESENTE<\/strong><br \/>\nValeska Castillo L\u00f3pez, Directora Regional del Sernam, se refiri\u00f3 al t\u00e9rmino de la lectura de sentencia que se hizo justicia por la v\u00edctima asesinada: \u201cPor otra parte sentimos el dolor de perder a una mujer chilena, para nosotros eso no se borra, indistintamente de la sentencia, por eso hacemos un llamado a la ciudadan\u00eda a denunciar estos hechos de violencia para que no sucedan en nuestro pa\u00eds\u201d.<br \/>\nPor la parte querellante del Servicio Nacional de la Mujer, el abogado Edgardo Gonz\u00e1lez destac\u00f3 que la sentencia entrega tranquilidad para la familia porque el tribunal reconoce la extensi\u00f3n del mal causado: \u201cLa condena es un poco m\u00e1s de lo que ten\u00edamos presupuestado por lo que nos deja tranquilos. Esto permite a la familia cerrar un proceso, una etapa y poder dar vuelta una p\u00e1gina. Porque aqu\u00ed adem\u00e1s de un asesinato hay un dolor hacia las hijas y nietas\u201d.<br \/>\nEl profesional destac\u00f3 que dentro de los \u00faltimos a\u00f1os con la colaboraci\u00f3n del Sernam se han obtenido a nivel regional condenas de femicidio, es decir penas desde los 20 a\u00f1os a presidio perpetuo simple: \u201cEntendemos que los tribunales est\u00e1n tomando conciencia de la naturaleza y gravedad de los delitos que se est\u00e1n juzgando\u201d.<\/p>\n<p><span style=\"color: #993300;\"><strong>Yinia Galdames se refiere a la condena del asesino de su madre:\u00a0<\/strong><strong>\u201cEspero que salga en un caj\u00f3n de la c\u00e1rcel\u201d<\/strong><\/span><br \/>\nConmocionada y entre l\u00e1grimas, Yinia Galdames, una de las hijas de Rosa, relata el grave da\u00f1o que tanto ella como todo su entorno familiar, ha sufrido tras el horrible asesinato de su madre, y la fortaleza que debi\u00f3 tener para sobrellevar el proceso que les permiti\u00f3 hacer justicia de este Femicidio. Durante el juicio, luci\u00f3 orgullosa una polera estampada con el rostro de su progenitora con el hashtag #Niunamenos que apunta a los \u00faltimos asesinatos de mujeres en nuestro pa\u00eds.<br \/>\nA pesar que el Tribunal Oral prohibi\u00f3 el ingreso de p\u00fablico a la lectura de sentencia, a fin de evitar conflictos en el interior de la sala entre familiares del condenado y la v\u00edctima, Yinia esper\u00f3 ansiosa junto a sus cercanos en las afueras del centro de justicia, para enterarse de la condena del homicida de su madre.<br \/>\nEn entrevista se\u00f1al\u00f3 estar conforme y en paz con la decisi\u00f3n del tribunal que conden\u00f3 a Ricardo Gallardo a la pena de 20 a\u00f1os, \u201ccuando partimos no esperaba mucho de la justicia y siento que esta condena est\u00e1 bien, es m\u00e1s de lo que yo esperaba, se siente una tranquilidad pensar que son hartos a\u00f1os, creo que el resto de justicia, Dios se va encargar y creo que le va a llegar su hora adentro, el resto lo va a pagar ah\u00ed. Es un viejo enfermizo y espero que salga en un caj\u00f3n de esa c\u00e1rcel, no es que le est\u00e9 deseando la muerte, que quede claro, sino simplemente que le llegue su hora ah\u00ed\u201d.<br \/>\nYinia reflexion\u00f3 muy creyente y tranquila que Dios se encargar\u00e1 de hacer justicia divina tras revelarse durante el juicio que Ricardo Gallardo no expres\u00f3 ning\u00fan sentir de arrepentimiento. \u201cAl escuchar de boca de la psiquiatra que \u00e9l no estaba arrepentido en ning\u00fan momento, al contrario, dijo que mi madre se lo merec\u00eda, que estaba bien muerta y que todas las mujeres que eran infieles merec\u00edan lo peor que les pudiera pasar, esas fueron sus palabras. Yo no soy qui\u00e9n para perdonar, pero nos hizo tanto da\u00f1o que debe pasar un largo tiempo para estar bien uno misma y tratar de perdonar, pero por mi bien y de nosotros como familia\u201d, afirm\u00f3.<br \/>\nMuy emocionada agreg\u00f3 que las familias de mujeres asesinadas deben confiar en la justicia y encomendarse con mucha fe en Dios, \u201cporque las cosas que se hacen, aqu\u00ed se pagan. Yo creo que 20 a\u00f1os es una condena merecida\u201d. Yinia concluy\u00f3 que a\u00fan no logra entender el por qu\u00e9 de lo ocurrido aquel d\u00eda con su madre \u201cpienso que las personas que hacen ese tipo de cosas, parte por una forma de pensar demasiado retr\u00f3grada, son hombres que piensan que las mujeres son de ellos y creo que por ah\u00ed parte, que somos una cosa y somos de su propiedad. Lo de los celos para m\u00ed eso no cuenta, que por eso se pueda matar a una persona\u201d.<br \/>\n<strong>Pablo Salinas Sald\u00edas<\/strong><\/p>\n<div class=\"tiled-gallery type-rectangular tiled-gallery-unresized\" data-original-width=\"640\" data-carousel-extra='null' itemscope itemtype=\"http:\/\/schema.org\/ImageGallery\" > <div class=\"gallery-row\" style=\"width: 640px; height: 284px;\" data-original-width=\"640\" data-original-height=\"284\" > <div class=\"gallery-group images-1\" style=\"width: 428px; height: 284px;\" data-original-width=\"428\" data-original-height=\"284\" > <div class=\"tiled-gallery-item tiled-gallery-item-large\" itemprop=\"associatedMedia\" itemscope itemtype=\"http:\/\/schema.org\/ImageObject\"> <a href=\"https:\/\/eltrabajo.cl\/portal\/femicida-de-rosa-galdames-fue-condenado-a-20-anos-de-carcel\/edgardo-gonzalez\/\" border=\"0\" itemprop=\"url\"> <meta itemprop=\"width\" content=\"424\"> <meta itemprop=\"height\" content=\"280\"> <img decoding=\"async\" class=\"\" data-attachment-id=\"68507\" data-orig-file=\"https:\/\/eltrabajo.cl\/portal\/wp-content\/uploads\/2016\/04\/EDGARDO-GONZALEZ.jpg\" data-orig-size=\"530,350\" data-comments-opened=\"1\" data-image-meta=\"{&quot;aperture&quot;:&quot;0&quot;,&quot;credit&quot;:&quot;&quot;,&quot;camera&quot;:&quot;&quot;,&quot;caption&quot;:&quot;&quot;,&quot;created_timestamp&quot;:&quot;0&quot;,&quot;copyright&quot;:&quot;&quot;,&quot;focal_length&quot;:&quot;0&quot;,&quot;iso&quot;:&quot;0&quot;,&quot;shutter_speed&quot;:&quot;0&quot;,&quot;title&quot;:&quot;&quot;,&quot;orientation&quot;:&quot;0&quot;}\" data-image-title=\"Edgardo Gonz\u00e1lez, abogado querellante del Sernam\" data-image-description=\"&lt;p&gt; Edgardo Gonz\u00e1lez, abogado querellante del Sernam&lt;\/p&gt; \" data-medium-file=\"https:\/\/i0.wp.com\/eltrabajo.cl\/portal\/wp-content\/uploads\/2016\/04\/EDGARDO-GONZALEZ.jpg?fit=300%2C198&#038;ssl=1\" data-large-file=\"https:\/\/i0.wp.com\/eltrabajo.cl\/portal\/wp-content\/uploads\/2016\/04\/EDGARDO-GONZALEZ.jpg?fit=530%2C350&#038;ssl=1\" src=\"https:\/\/i0.wp.com\/eltrabajo.cl\/portal\/wp-content\/uploads\/2016\/04\/EDGARDO-GONZALEZ.jpg?w=424&#038;h=280&#038;ssl=1\" srcset=\"https:\/\/i0.wp.com\/eltrabajo.cl\/portal\/wp-content\/uploads\/2016\/04\/EDGARDO-GONZALEZ.jpg?w=530&amp;ssl=1 530w, https:\/\/i0.wp.com\/eltrabajo.cl\/portal\/wp-content\/uploads\/2016\/04\/EDGARDO-GONZALEZ.jpg?resize=200%2C132&amp;ssl=1 200w, https:\/\/i0.wp.com\/eltrabajo.cl\/portal\/wp-content\/uploads\/2016\/04\/EDGARDO-GONZALEZ.jpg?resize=300%2C198&amp;ssl=1 300w, https:\/\/i0.wp.com\/eltrabajo.cl\/portal\/wp-content\/uploads\/2016\/04\/EDGARDO-GONZALEZ.jpg?resize=227%2C150&amp;ssl=1 227w, https:\/\/i0.wp.com\/eltrabajo.cl\/portal\/wp-content\/uploads\/2016\/04\/EDGARDO-GONZALEZ.jpg?resize=400%2C264&amp;ssl=1 400w\" width=\"424\" height=\"280\" loading=\"lazy\" data-original-width=\"424\" data-original-height=\"280\" itemprop=\"http:\/\/schema.org\/image\" title=\"Edgardo Gonz\u00e1lez, abogado querellante del Sernam\" alt=\"Edgardo Gonz\u00e1lez, abogado querellante del Sernam\" style=\"width: 424px; height: 280px;\" \/> <\/a> <div class=\"tiled-gallery-caption\" itemprop=\"caption description\"> Edgardo Gonz\u00e1lez, abogado querellante del Sernam <\/div> <\/div> <\/div> <!-- close group --> <div class=\"gallery-group images-2\" style=\"width: 212px; height: 284px;\" data-original-width=\"212\" data-original-height=\"284\" > <div class=\"tiled-gallery-item tiled-gallery-item-small\" itemprop=\"associatedMedia\" itemscope itemtype=\"http:\/\/schema.org\/ImageObject\"> <a href=\"https:\/\/eltrabajo.cl\/portal\/femicida-de-rosa-galdames-fue-condenado-a-20-anos-de-carcel\/fiscal-fajardo-9\/\" border=\"0\" itemprop=\"url\"> <meta itemprop=\"width\" content=\"208\"> <meta itemprop=\"height\" content=\"138\"> <img decoding=\"async\" class=\"\" data-attachment-id=\"68508\" data-orig-file=\"https:\/\/eltrabajo.cl\/portal\/wp-content\/uploads\/2016\/04\/FISCAL-FAJARDO.jpg\" data-orig-size=\"528,350\" data-comments-opened=\"1\" data-image-meta=\"{&quot;aperture&quot;:&quot;0&quot;,&quot;credit&quot;:&quot;&quot;,&quot;camera&quot;:&quot;&quot;,&quot;caption&quot;:&quot;&quot;,&quot;created_timestamp&quot;:&quot;0&quot;,&quot;copyright&quot;:&quot;&quot;,&quot;focal_length&quot;:&quot;0&quot;,&quot;iso&quot;:&quot;0&quot;,&quot;shutter_speed&quot;:&quot;0&quot;,&quot;title&quot;:&quot;&quot;,&quot;orientation&quot;:&quot;0&quot;}\" data-image-title=\"Fiscal Jefe de San Felipe, Eduardo Fajardo De La Cuba.\" data-image-description=\"&lt;p&gt;Fiscal Jefe de San Felipe, Eduardo Fajardo De La Cuba.&lt;\/p&gt; \" data-medium-file=\"https:\/\/i0.wp.com\/eltrabajo.cl\/portal\/wp-content\/uploads\/2016\/04\/FISCAL-FAJARDO.jpg?fit=300%2C199&#038;ssl=1\" data-large-file=\"https:\/\/i0.wp.com\/eltrabajo.cl\/portal\/wp-content\/uploads\/2016\/04\/FISCAL-FAJARDO.jpg?fit=528%2C350&#038;ssl=1\" src=\"https:\/\/i0.wp.com\/eltrabajo.cl\/portal\/wp-content\/uploads\/2016\/04\/FISCAL-FAJARDO.jpg?w=208&#038;h=138&#038;ssl=1\" srcset=\"https:\/\/i0.wp.com\/eltrabajo.cl\/portal\/wp-content\/uploads\/2016\/04\/FISCAL-FAJARDO.jpg?w=528&amp;ssl=1 528w, https:\/\/i0.wp.com\/eltrabajo.cl\/portal\/wp-content\/uploads\/2016\/04\/FISCAL-FAJARDO.jpg?resize=200%2C133&amp;ssl=1 200w, https:\/\/i0.wp.com\/eltrabajo.cl\/portal\/wp-content\/uploads\/2016\/04\/FISCAL-FAJARDO.jpg?resize=300%2C199&amp;ssl=1 300w, https:\/\/i0.wp.com\/eltrabajo.cl\/portal\/wp-content\/uploads\/2016\/04\/FISCAL-FAJARDO.jpg?resize=226%2C150&amp;ssl=1 226w, https:\/\/i0.wp.com\/eltrabajo.cl\/portal\/wp-content\/uploads\/2016\/04\/FISCAL-FAJARDO.jpg?resize=400%2C265&amp;ssl=1 400w\" width=\"208\" height=\"138\" loading=\"lazy\" data-original-width=\"208\" data-original-height=\"138\" itemprop=\"http:\/\/schema.org\/image\" title=\"Fiscal Jefe de San Felipe, Eduardo Fajardo De La Cuba.\" alt=\"Fiscal Jefe de San Felipe, Eduardo Fajardo De La Cuba.\" style=\"width: 208px; height: 138px;\" \/> <\/a> <div class=\"tiled-gallery-caption\" itemprop=\"caption description\"> Fiscal Jefe de San Felipe, Eduardo Fajardo De La Cuba. <\/div> <\/div> <div class=\"tiled-gallery-item tiled-gallery-item-small\" itemprop=\"associatedMedia\" itemscope itemtype=\"http:\/\/schema.org\/ImageObject\"> <a href=\"https:\/\/eltrabajo.cl\/portal\/femicida-de-rosa-galdames-fue-condenado-a-20-anos-de-carcel\/grupo-1\/\" border=\"0\" itemprop=\"url\"> <meta itemprop=\"width\" content=\"208\"> <meta itemprop=\"height\" content=\"138\"> <img decoding=\"async\" class=\"\" data-attachment-id=\"68509\" data-orig-file=\"https:\/\/eltrabajo.cl\/portal\/wp-content\/uploads\/2016\/04\/grupo-1.jpg\" data-orig-size=\"530,350\" data-comments-opened=\"1\" data-image-meta=\"{&quot;aperture&quot;:&quot;0&quot;,&quot;credit&quot;:&quot;&quot;,&quot;camera&quot;:&quot;&quot;,&quot;caption&quot;:&quot;&quot;,&quot;created_timestamp&quot;:&quot;0&quot;,&quot;copyright&quot;:&quot;&quot;,&quot;focal_length&quot;:&quot;0&quot;,&quot;iso&quot;:&quot;0&quot;,&quot;shutter_speed&quot;:&quot;0&quot;,&quot;title&quot;:&quot;&quot;,&quot;orientation&quot;:&quot;0&quot;}\" data-image-title=\"Yinia juntos a sus familiares y cercanos asistieron al juicio oral luciendo una polera estampada con el rostro de su madre con un hashtag #Niunamenos en apoyo a las v\u00edctimas de femicidio en nuestro pa\u00eds.\" data-image-description=\"&lt;p&gt;Yinia juntos a sus familiares y cercanos asistieron al juicio oral luciendo una polera estampada con el rostro de su madre con un hashtag #Niunamenos en apoyo a las v\u00edctimas de femicidio en nuestro pa\u00eds.&lt;\/p&gt; \" data-medium-file=\"https:\/\/i0.wp.com\/eltrabajo.cl\/portal\/wp-content\/uploads\/2016\/04\/grupo-1.jpg?fit=300%2C198&#038;ssl=1\" data-large-file=\"https:\/\/i0.wp.com\/eltrabajo.cl\/portal\/wp-content\/uploads\/2016\/04\/grupo-1.jpg?fit=530%2C350&#038;ssl=1\" src=\"https:\/\/i0.wp.com\/eltrabajo.cl\/portal\/wp-content\/uploads\/2016\/04\/grupo-1.jpg?w=208&#038;h=138&#038;ssl=1\" srcset=\"https:\/\/i0.wp.com\/eltrabajo.cl\/portal\/wp-content\/uploads\/2016\/04\/grupo-1.jpg?w=530&amp;ssl=1 530w, https:\/\/i0.wp.com\/eltrabajo.cl\/portal\/wp-content\/uploads\/2016\/04\/grupo-1.jpg?resize=200%2C132&amp;ssl=1 200w, https:\/\/i0.wp.com\/eltrabajo.cl\/portal\/wp-content\/uploads\/2016\/04\/grupo-1.jpg?resize=300%2C198&amp;ssl=1 300w, https:\/\/i0.wp.com\/eltrabajo.cl\/portal\/wp-content\/uploads\/2016\/04\/grupo-1.jpg?resize=227%2C150&amp;ssl=1 227w, https:\/\/i0.wp.com\/eltrabajo.cl\/portal\/wp-content\/uploads\/2016\/04\/grupo-1.jpg?resize=400%2C264&amp;ssl=1 400w\" width=\"208\" height=\"138\" loading=\"lazy\" data-original-width=\"208\" data-original-height=\"138\" itemprop=\"http:\/\/schema.org\/image\" title=\"Yinia juntos a sus familiares y cercanos asistieron al juicio oral luciendo una polera estampada con el rostro de su madre con un hashtag #Niunamenos en apoyo a las v\u00edctimas de femicidio en nuestro pa\u00eds.\" alt=\"Yinia juntos a sus familiares y cercanos asistieron al juicio oral luciendo una polera estampada con el rostro de su madre con un hashtag #Niunamenos en apoyo a las v\u00edctimas de femicidio en nuestro pa\u00eds.\" style=\"width: 208px; height: 138px;\" \/> <\/a> <div class=\"tiled-gallery-caption\" itemprop=\"caption description\"> Yinia juntos a sus familiares y cercanos asistieron al juicio oral luciendo una polera estampada con el rostro de su madre con un hashtag #Niunamenos en apoyo a las v\u00edctimas de femicidio en nuestro pa\u00eds. <\/div> <\/div> <\/div> <!-- close group --> <\/div> <!-- close row --> <div class=\"gallery-row\" style=\"width: 640px; height: 107px;\" data-original-width=\"640\" data-original-height=\"107\" > <div class=\"gallery-group images-1\" style=\"width: 160px; height: 107px;\" data-original-width=\"160\" data-original-height=\"107\" > <div class=\"tiled-gallery-item tiled-gallery-item-small\" itemprop=\"associatedMedia\" itemscope itemtype=\"http:\/\/schema.org\/ImageObject\"> <a href=\"https:\/\/eltrabajo.cl\/portal\/femicida-de-rosa-galdames-fue-condenado-a-20-anos-de-carcel\/porta-yinia-galdames-1\/\" border=\"0\" itemprop=\"url\"> <meta itemprop=\"width\" content=\"156\"> <meta itemprop=\"height\" content=\"103\"> <img decoding=\"async\" class=\"\" data-attachment-id=\"68510\" data-orig-file=\"https:\/\/eltrabajo.cl\/portal\/wp-content\/uploads\/2016\/04\/porta-YINIA-GALDAMES-1.jpg\" data-orig-size=\"530,349\" data-comments-opened=\"1\" data-image-meta=\"{&quot;aperture&quot;:&quot;0&quot;,&quot;credit&quot;:&quot;&quot;,&quot;camera&quot;:&quot;&quot;,&quot;caption&quot;:&quot;&quot;,&quot;created_timestamp&quot;:&quot;0&quot;,&quot;copyright&quot;:&quot;&quot;,&quot;focal_length&quot;:&quot;0&quot;,&quot;iso&quot;:&quot;0&quot;,&quot;shutter_speed&quot;:&quot;0&quot;,&quot;title&quot;:&quot;&quot;,&quot;orientation&quot;:&quot;0&quot;}\" data-image-title=\"Yinia Galdames, hija de la fallecida Rosa Galdames.\" data-image-description=\"&lt;p&gt;Yinia Galdames, hija de la fallecida Rosa Galdames.&lt;\/p&gt; \" data-medium-file=\"https:\/\/i0.wp.com\/eltrabajo.cl\/portal\/wp-content\/uploads\/2016\/04\/porta-YINIA-GALDAMES-1.jpg?fit=300%2C198&#038;ssl=1\" data-large-file=\"https:\/\/i0.wp.com\/eltrabajo.cl\/portal\/wp-content\/uploads\/2016\/04\/porta-YINIA-GALDAMES-1.jpg?fit=530%2C349&#038;ssl=1\" src=\"https:\/\/i0.wp.com\/eltrabajo.cl\/portal\/wp-content\/uploads\/2016\/04\/porta-YINIA-GALDAMES-1.jpg?w=156&#038;h=103&#038;ssl=1\" srcset=\"https:\/\/i0.wp.com\/eltrabajo.cl\/portal\/wp-content\/uploads\/2016\/04\/porta-YINIA-GALDAMES-1.jpg?w=530&amp;ssl=1 530w, https:\/\/i0.wp.com\/eltrabajo.cl\/portal\/wp-content\/uploads\/2016\/04\/porta-YINIA-GALDAMES-1.jpg?resize=200%2C132&amp;ssl=1 200w, https:\/\/i0.wp.com\/eltrabajo.cl\/portal\/wp-content\/uploads\/2016\/04\/porta-YINIA-GALDAMES-1.jpg?resize=300%2C198&amp;ssl=1 300w, https:\/\/i0.wp.com\/eltrabajo.cl\/portal\/wp-content\/uploads\/2016\/04\/porta-YINIA-GALDAMES-1.jpg?resize=228%2C150&amp;ssl=1 228w, https:\/\/i0.wp.com\/eltrabajo.cl\/portal\/wp-content\/uploads\/2016\/04\/porta-YINIA-GALDAMES-1.jpg?resize=400%2C263&amp;ssl=1 400w\" width=\"156\" height=\"103\" loading=\"lazy\" data-original-width=\"156\" data-original-height=\"103\" itemprop=\"http:\/\/schema.org\/image\" title=\"Yinia Galdames, hija de la fallecida Rosa Galdames.\" alt=\"Yinia Galdames, hija de la fallecida Rosa Galdames.\" style=\"width: 156px; height: 103px;\" \/> <\/a> <div class=\"tiled-gallery-caption\" itemprop=\"caption description\"> Yinia Galdames, hija de la fallecida Rosa Galdames. <\/div> <\/div> <\/div> <!-- close group --> <div class=\"gallery-group images-1\" style=\"width: 160px; height: 107px;\" data-original-width=\"160\" data-original-height=\"107\" > <div class=\"tiled-gallery-item tiled-gallery-item-small\" itemprop=\"associatedMedia\" itemscope itemtype=\"http:\/\/schema.org\/ImageObject\"> <a href=\"https:\/\/eltrabajo.cl\/portal\/femicida-de-rosa-galdames-fue-condenado-a-20-anos-de-carcel\/ricardo-gallardo-3\/\" border=\"0\" itemprop=\"url\"> <meta itemprop=\"width\" content=\"156\"> <meta itemprop=\"height\" content=\"103\"> <img decoding=\"async\" class=\"\" data-attachment-id=\"68511\" data-orig-file=\"https:\/\/eltrabajo.cl\/portal\/wp-content\/uploads\/2016\/04\/Ricardo-Gallardo.jpg\" data-orig-size=\"530,349\" data-comments-opened=\"1\" data-image-meta=\"{&quot;aperture&quot;:&quot;0&quot;,&quot;credit&quot;:&quot;&quot;,&quot;camera&quot;:&quot;&quot;,&quot;caption&quot;:&quot;&quot;,&quot;created_timestamp&quot;:&quot;0&quot;,&quot;copyright&quot;:&quot;&quot;,&quot;focal_length&quot;:&quot;0&quot;,&quot;iso&quot;:&quot;0&quot;,&quot;shutter_speed&quot;:&quot;0&quot;,&quot;title&quot;:&quot;&quot;,&quot;orientation&quot;:&quot;0&quot;}\" data-image-title=\"Ricardo Gallardo Fuentes, femicida condenado a 20 a\u00f1os de c\u00e1rcel.\" data-image-description=\"&lt;p&gt;Ricardo Gallardo Fuentes, femicida condenado a 20 a\u00f1os de c\u00e1rcel.&lt;\/p&gt; \" data-medium-file=\"https:\/\/i0.wp.com\/eltrabajo.cl\/portal\/wp-content\/uploads\/2016\/04\/Ricardo-Gallardo.jpg?fit=300%2C198&#038;ssl=1\" data-large-file=\"https:\/\/i0.wp.com\/eltrabajo.cl\/portal\/wp-content\/uploads\/2016\/04\/Ricardo-Gallardo.jpg?fit=530%2C349&#038;ssl=1\" src=\"https:\/\/i0.wp.com\/eltrabajo.cl\/portal\/wp-content\/uploads\/2016\/04\/Ricardo-Gallardo.jpg?w=156&#038;h=103&#038;ssl=1\" srcset=\"https:\/\/i0.wp.com\/eltrabajo.cl\/portal\/wp-content\/uploads\/2016\/04\/Ricardo-Gallardo.jpg?w=530&amp;ssl=1 530w, https:\/\/i0.wp.com\/eltrabajo.cl\/portal\/wp-content\/uploads\/2016\/04\/Ricardo-Gallardo.jpg?resize=200%2C132&amp;ssl=1 200w, https:\/\/i0.wp.com\/eltrabajo.cl\/portal\/wp-content\/uploads\/2016\/04\/Ricardo-Gallardo.jpg?resize=300%2C198&amp;ssl=1 300w, https:\/\/i0.wp.com\/eltrabajo.cl\/portal\/wp-content\/uploads\/2016\/04\/Ricardo-Gallardo.jpg?resize=228%2C150&amp;ssl=1 228w, https:\/\/i0.wp.com\/eltrabajo.cl\/portal\/wp-content\/uploads\/2016\/04\/Ricardo-Gallardo.jpg?resize=400%2C263&amp;ssl=1 400w\" width=\"156\" height=\"103\" loading=\"lazy\" data-original-width=\"156\" data-original-height=\"103\" itemprop=\"http:\/\/schema.org\/image\" title=\"Ricardo Gallardo Fuentes, femicida condenado a 20 a\u00f1os de c\u00e1rcel.\" alt=\"Ricardo Gallardo Fuentes, femicida condenado a 20 a\u00f1os de c\u00e1rcel.\" style=\"width: 156px; height: 103px;\" \/> <\/a> <div class=\"tiled-gallery-caption\" itemprop=\"caption description\"> Ricardo Gallardo Fuentes, femicida condenado a 20 a\u00f1os de c\u00e1rcel. <\/div> <\/div> <\/div> <!-- close group --> <div class=\"gallery-group images-1\" style=\"width: 160px; height: 107px;\" data-original-width=\"160\" data-original-height=\"107\" > <div class=\"tiled-gallery-item tiled-gallery-item-small\" itemprop=\"associatedMedia\" itemscope itemtype=\"http:\/\/schema.org\/ImageObject\"> <a href=\"https:\/\/eltrabajo.cl\/portal\/femicida-de-rosa-galdames-fue-condenado-a-20-anos-de-carcel\/rosa-galdamez-4\/\" border=\"0\" itemprop=\"url\"> <meta itemprop=\"width\" content=\"156\"> <meta itemprop=\"height\" content=\"103\"> <img decoding=\"async\" class=\"\" data-attachment-id=\"68512\" data-orig-file=\"https:\/\/eltrabajo.cl\/portal\/wp-content\/uploads\/2016\/04\/rosa-galdamez.jpg\" data-orig-size=\"530,350\" data-comments-opened=\"1\" data-image-meta=\"{&quot;aperture&quot;:&quot;0&quot;,&quot;credit&quot;:&quot;&quot;,&quot;camera&quot;:&quot;&quot;,&quot;caption&quot;:&quot;&quot;,&quot;created_timestamp&quot;:&quot;0&quot;,&quot;copyright&quot;:&quot;&quot;,&quot;focal_length&quot;:&quot;0&quot;,&quot;iso&quot;:&quot;0&quot;,&quot;shutter_speed&quot;:&quot;0&quot;,&quot;title&quot;:&quot;&quot;,&quot;orientation&quot;:&quot;0&quot;}\" data-image-title=\"Rosa Galdames Montenegro ten\u00eda 53 a\u00f1os al momento de morir tras haber sido agredida con un cuchillo cocinero de manos de su pareja Ricardo Gallardo por aparentes celos.\" data-image-description=\"&lt;p&gt;Rosa Galdames Montenegro ten\u00eda 53 a\u00f1os al momento de morir tras haber sido agredida con un cuchillo cocinero de manos de su pareja Ricardo Gallardo por aparentes celos.&lt;\/p&gt; \" data-medium-file=\"https:\/\/i0.wp.com\/eltrabajo.cl\/portal\/wp-content\/uploads\/2016\/04\/rosa-galdamez.jpg?fit=300%2C198&#038;ssl=1\" data-large-file=\"https:\/\/i0.wp.com\/eltrabajo.cl\/portal\/wp-content\/uploads\/2016\/04\/rosa-galdamez.jpg?fit=530%2C350&#038;ssl=1\" src=\"https:\/\/i0.wp.com\/eltrabajo.cl\/portal\/wp-content\/uploads\/2016\/04\/rosa-galdamez.jpg?w=156&#038;h=103&#038;ssl=1\" srcset=\"https:\/\/i0.wp.com\/eltrabajo.cl\/portal\/wp-content\/uploads\/2016\/04\/rosa-galdamez.jpg?w=530&amp;ssl=1 530w, https:\/\/i0.wp.com\/eltrabajo.cl\/portal\/wp-content\/uploads\/2016\/04\/rosa-galdamez.jpg?resize=200%2C132&amp;ssl=1 200w, https:\/\/i0.wp.com\/eltrabajo.cl\/portal\/wp-content\/uploads\/2016\/04\/rosa-galdamez.jpg?resize=300%2C198&amp;ssl=1 300w, https:\/\/i0.wp.com\/eltrabajo.cl\/portal\/wp-content\/uploads\/2016\/04\/rosa-galdamez.jpg?resize=227%2C150&amp;ssl=1 227w, https:\/\/i0.wp.com\/eltrabajo.cl\/portal\/wp-content\/uploads\/2016\/04\/rosa-galdamez.jpg?resize=400%2C264&amp;ssl=1 400w\" width=\"156\" height=\"103\" loading=\"lazy\" data-original-width=\"156\" data-original-height=\"103\" itemprop=\"http:\/\/schema.org\/image\" title=\"Rosa Galdames Montenegro ten\u00eda 53 a\u00f1os al momento de morir tras haber sido agredida con un cuchillo cocinero de manos de su pareja Ricardo Gallardo por aparentes celos.\" alt=\"Rosa Galdames Montenegro ten\u00eda 53 a\u00f1os al momento de morir tras haber sido agredida con un cuchillo cocinero de manos de su pareja Ricardo Gallardo por aparentes celos.\" style=\"width: 156px; height: 103px;\" \/> <\/a> <div class=\"tiled-gallery-caption\" itemprop=\"caption description\"> Rosa Galdames Montenegro ten\u00eda 53 a\u00f1os al momento de morir tras haber sido agredida con un cuchillo cocinero de manos de su pareja Ricardo Gallardo por aparentes celos. <\/div> <\/div> <\/div> <!-- close group --> <div class=\"gallery-group images-1\" style=\"width: 160px; height: 107px;\" data-original-width=\"160\" data-original-height=\"107\" > <div class=\"tiled-gallery-item tiled-gallery-item-small\" itemprop=\"associatedMedia\" itemscope itemtype=\"http:\/\/schema.org\/ImageObject\"> <a href=\"https:\/\/eltrabajo.cl\/portal\/femicida-de-rosa-galdames-fue-condenado-a-20-anos-de-carcel\/valeska-castillo\/\" border=\"0\" itemprop=\"url\"> <meta itemprop=\"width\" content=\"156\"> <meta itemprop=\"height\" content=\"103\"> <img decoding=\"async\" class=\"\" data-attachment-id=\"68513\" data-orig-file=\"https:\/\/eltrabajo.cl\/portal\/wp-content\/uploads\/2016\/04\/VALESKA-CASTILLO.jpg\" data-orig-size=\"530,348\" data-comments-opened=\"1\" data-image-meta=\"{&quot;aperture&quot;:&quot;0&quot;,&quot;credit&quot;:&quot;&quot;,&quot;camera&quot;:&quot;&quot;,&quot;caption&quot;:&quot;&quot;,&quot;created_timestamp&quot;:&quot;0&quot;,&quot;copyright&quot;:&quot;&quot;,&quot;focal_length&quot;:&quot;0&quot;,&quot;iso&quot;:&quot;0&quot;,&quot;shutter_speed&quot;:&quot;0&quot;,&quot;title&quot;:&quot;&quot;,&quot;orientation&quot;:&quot;0&quot;}\" data-image-title=\"Valeska Castillo L\u00f3pez, Directora Regional del Sernam.\" data-image-description=\"&lt;p&gt;Valeska Castillo L\u00f3pez, Directora Regional del Sernam.&lt;\/p&gt; \" data-medium-file=\"https:\/\/i0.wp.com\/eltrabajo.cl\/portal\/wp-content\/uploads\/2016\/04\/VALESKA-CASTILLO.jpg?fit=300%2C197&#038;ssl=1\" data-large-file=\"https:\/\/i0.wp.com\/eltrabajo.cl\/portal\/wp-content\/uploads\/2016\/04\/VALESKA-CASTILLO.jpg?fit=530%2C348&#038;ssl=1\" src=\"https:\/\/i0.wp.com\/eltrabajo.cl\/portal\/wp-content\/uploads\/2016\/04\/VALESKA-CASTILLO.jpg?w=156&#038;h=103&#038;ssl=1\" srcset=\"https:\/\/i0.wp.com\/eltrabajo.cl\/portal\/wp-content\/uploads\/2016\/04\/VALESKA-CASTILLO.jpg?w=530&amp;ssl=1 530w, https:\/\/i0.wp.com\/eltrabajo.cl\/portal\/wp-content\/uploads\/2016\/04\/VALESKA-CASTILLO.jpg?resize=200%2C131&amp;ssl=1 200w, https:\/\/i0.wp.com\/eltrabajo.cl\/portal\/wp-content\/uploads\/2016\/04\/VALESKA-CASTILLO.jpg?resize=300%2C197&amp;ssl=1 300w, https:\/\/i0.wp.com\/eltrabajo.cl\/portal\/wp-content\/uploads\/2016\/04\/VALESKA-CASTILLO.jpg?resize=228%2C150&amp;ssl=1 228w, https:\/\/i0.wp.com\/eltrabajo.cl\/portal\/wp-content\/uploads\/2016\/04\/VALESKA-CASTILLO.jpg?resize=400%2C263&amp;ssl=1 400w\" width=\"156\" height=\"103\" loading=\"lazy\" data-original-width=\"156\" data-original-height=\"103\" itemprop=\"http:\/\/schema.org\/image\" title=\"Valeska Castillo L\u00f3pez, Directora Regional del Sernam.\" alt=\"Valeska Castillo L\u00f3pez, Directora Regional del Sernam.\" style=\"width: 156px; height: 103px;\" \/> <\/a> <div class=\"tiled-gallery-caption\" itemprop=\"caption description\"> Valeska Castillo L\u00f3pez, Directora Regional del Sernam. <\/div> <\/div> <\/div> <!-- close group --> <\/div> <!-- close row --> <\/div>\n","protected":false},"excerpt":{"rendered":"<p>Fiscal\u00eda y Sernam conformes con la sentencia: Aunque el condenado se excus\u00f3 para no asistir a la lectura de su sentencia, el Tribunal Oral en lo Penal dio a conocer el dictamen&#8230;<\/p>\n","protected":false},"author":1,"featured_media":68511,"comment_status":"open","ping_status":"open","sticky":false,"template":"","format":"standard","meta":{"advanced_seo_description":"","jetpack_seo_html_title":"","jetpack_seo_noindex":false,"_jetpack_memberships_contains_paid_content":false,"footnotes":""},"categories":[21],"tags":[],"class_list":["post-68506","post","type-post","status-publish","format-standard","has-post-thumbnail","hentry","category-policial"],"jetpack_featured_media_url":"https:\/\/i0.wp.com\/eltrabajo.cl\/portal\/wp-content\/uploads\/2016\/04\/Ricardo-Gallardo.jpg?fit=530%2C349&ssl=1","jetpack_sharing_enabled":true,"jetpack_likes_enabled":true,"jetpack-related-posts":[],"_links":{"self":[{"href":"https:\/\/eltrabajo.cl\/portal\/wp-json\/wp\/v2\/posts\/68506","targetHints":{"allow":["GET"]}}],"collection":[{"href":"https:\/\/eltrabajo.cl\/portal\/wp-json\/wp\/v2\/posts"}],"about":[{"href":"https:\/\/eltrabajo.cl\/portal\/wp-json\/wp\/v2\/types\/post"}],"author":[{"embeddable":true,"href":"https:\/\/eltrabajo.cl\/portal\/wp-json\/wp\/v2\/users\/1"}],"replies":[{"embeddable":true,"href":"https:\/\/eltrabajo.cl\/portal\/wp-json\/wp\/v2\/comments?post=68506"}],"version-history":[{"count":0,"href":"https:\/\/eltrabajo.cl\/portal\/wp-json\/wp\/v2\/posts\/68506\/revisions"}],"wp:featuredmedia":[{"embeddable":true,"href":"https:\/\/eltrabajo.cl\/portal\/wp-json\/wp\/v2\/media\/68511"}],"wp:attachment":[{"href":"https:\/\/eltrabajo.cl\/portal\/wp-json\/wp\/v2\/media?parent=68506"}],"wp:term":[{"taxonomy":"category","embeddable":true,"href":"https:\/\/eltrabajo.cl\/portal\/wp-json\/wp\/v2\/categories?post=68506"},{"taxonomy":"post_tag","embeddable":true,"href":"https:\/\/eltrabajo.cl\/portal\/wp-json\/wp\/v2\/tags?post=68506"}],"curies":[{"name":"wp","href":"https:\/\/api.w.org\/{rel}","templated":true}]}}