{"id":68520,"date":"2016-04-08T08:19:57","date_gmt":"2016-04-08T11:19:57","guid":{"rendered":"http:\/\/www.eltrabajo.cl\/portal\/?p=68520"},"modified":"2016-04-08T08:19:57","modified_gmt":"2016-04-08T11:19:57","slug":"mujer-de-los-andes-resulto-infectada-con-virus-zika-en-viaje-a-venezuela","status":"publish","type":"post","link":"https:\/\/eltrabajo.cl\/portal\/mujer-de-los-andes-resulto-infectada-con-virus-zika-en-viaje-a-venezuela\/","title":{"rendered":"Mujer de Los Andes result\u00f3 infectada con virus Zika en viaje a Venezuela"},"content":{"rendered":"<figure id=\"attachment_68521\" aria-describedby=\"caption-attachment-68521\" style=\"width: 300px\" class=\"wp-caption alignleft\"><a href=\"http:\/\/www.eltrabajo.cl\/portal\/mujer-de-los-andes-resulto-infectada-con-virus-zika-en-viaje-a-venezuela\/foto-1-dr\/\" rel=\"attachment wp-att-68521\"><img data-recalc-dims=\"1\" loading=\"lazy\" decoding=\"async\" class=\"size-medium wp-image-68521\" src=\"https:\/\/i0.wp.com\/www.eltrabajo.cl\/portal\/wp-content\/uploads\/2016\/04\/FOTO-1-DR-300x197.jpg?resize=300%2C197\" alt=\"Jefe de la Oficina Provincial de la Seremi de Salud Aconcagua, Dr. Mario M\u00e9ndez.\" width=\"300\" height=\"197\" srcset=\"https:\/\/i0.wp.com\/eltrabajo.cl\/portal\/wp-content\/uploads\/2016\/04\/FOTO-1-DR.jpg?resize=300%2C197&amp;ssl=1 300w, https:\/\/i0.wp.com\/eltrabajo.cl\/portal\/wp-content\/uploads\/2016\/04\/FOTO-1-DR.jpg?resize=200%2C131&amp;ssl=1 200w, https:\/\/i0.wp.com\/eltrabajo.cl\/portal\/wp-content\/uploads\/2016\/04\/FOTO-1-DR.jpg?resize=228%2C150&amp;ssl=1 228w, https:\/\/i0.wp.com\/eltrabajo.cl\/portal\/wp-content\/uploads\/2016\/04\/FOTO-1-DR.jpg?resize=400%2C263&amp;ssl=1 400w, https:\/\/i0.wp.com\/eltrabajo.cl\/portal\/wp-content\/uploads\/2016\/04\/FOTO-1-DR.jpg?w=530&amp;ssl=1 530w\" sizes=\"auto, (max-width: 300px) 100vw, 300px\" \/><\/a><figcaption id=\"caption-attachment-68521\" class=\"wp-caption-text\">Jefe de la Oficina Provincial de la Seremi de Salud Aconcagua, Dr. Mario M\u00e9ndez.<\/figcaption><\/figure>\n<p><strong>Autoridad Sanitaria llam\u00f3 a la calma:<\/strong><\/p>\n<p>Autoridad sanitaria reiter\u00f3 el llamado a la calma a la poblaci\u00f3n aconcag\u00fcina, puesto que el insecto transmisor no existe en Chile y por el momento es el \u00fanico veh\u00edculo de transmisi\u00f3n de la patolog\u00eda.<br \/>\nEl jefe de la Oficina Provincial de la Seremi de Salud Aconcagua, Dr. Mario M\u00e9ndez, confirm\u00f3 que uno de los casos de virus Zika que se han detectado a nivel pa\u00eds, corresponde a un paciente de sexo femenino, originaria de la ciudad de Los Andes, quien se habr\u00eda contagiado el pasado mes de febrero en Venezuela.<br \/>\nEl facultativo mencion\u00f3 que la afectada, habr\u00eda viajado a ese pa\u00eds como miembro de una delegaci\u00f3n deportiva y que posteriormente, la enfermedad habr\u00eda sido descubierta y tratada con \u00e9xito en un recinto cl\u00ednico privado en la Regi\u00f3n Metropolitana.<br \/>\n\u201cLo primero es llamar a la tranquilidad a la poblaci\u00f3n del Valle de Aconcagua, a prop\u00f3sito de que efectivamente se diagnostic\u00f3 un caso de esta enfermedad en una persona, en ocasi\u00f3n de un contagio que se produjo fuera de pa\u00eds durante el verano, sin embargo esto no conlleva un riesgo de salud p\u00fablico o epidemiol\u00f3gico, puesto que en territorio chileno continental no existe el mosquito transmisor de la enfermedad\u201d, sostuvo M\u00e9ndez.<br \/>\nEl argumento del m\u00e9dico veterinario, se refiere al vector Aedes, insecto que actualmente es el \u00fanico veh\u00edculo de contagio de la patolog\u00eda y que en el continente americano no existe en s\u00f3lo dos pa\u00edses: Canad\u00e1 y Chile.<br \/>\nEl cuadro de Zika se inicia de manera aguda, luego de 2 a 7 d\u00edas de haber sido picada la persona por un mosquito infectado, y dura menos de una semana. En la gran mayor\u00eda de los casos se presenta con s\u00edntomas leves. De hecho, s\u00f3lo uno de cada cuatro infectados desarrolla s\u00edntomas. No obstante, se han observado complicaciones neurol\u00f3gicas como encefalitis, meningoencefalitis y s\u00edndrome de Guillain Barr\u00e9, que son pocos frecuentes.<br \/>\nSeg\u00fan M\u00e9ndez, en cada caso se realiza un seguimiento de la situaci\u00f3n desde el momento en que el Centro de Salud en cuesti\u00f3n se ve enfrentado a un paciente contagiado y el protocolo de acci\u00f3n indica que \u201cel establecimiento tiene la obligaci\u00f3n de notificar al Ministerio de Salud y en este caso es notificaci\u00f3n se produjo y se llevaron a cabo todas las acciones de control de la situaci\u00f3n, pero reitero al tratar de un caso de contagio en el extranjero, no implica un riesgo para la poblaci\u00f3n\u201d, determin\u00f3.<\/p>\n","protected":false},"excerpt":{"rendered":"<p>Autoridad Sanitaria llam\u00f3 a la calma: Autoridad sanitaria reiter\u00f3 el llamado a la calma a la poblaci\u00f3n aconcag\u00fcina, puesto que el insecto transmisor no existe en Chile y por el momento es&#8230;<\/p>\n","protected":false},"author":1,"featured_media":68521,"comment_status":"open","ping_status":"open","sticky":false,"template":"","format":"standard","meta":{"advanced_seo_description":"","jetpack_seo_html_title":"","jetpack_seo_noindex":false,"_jetpack_memberships_contains_paid_content":false,"footnotes":""},"categories":[18],"tags":[],"class_list":["post-68520","post","type-post","status-publish","format-standard","has-post-thumbnail","hentry","category-salud"],"jetpack_featured_media_url":"https:\/\/i0.wp.com\/eltrabajo.cl\/portal\/wp-content\/uploads\/2016\/04\/FOTO-1-DR.jpg?fit=530%2C348&ssl=1","jetpack_sharing_enabled":true,"jetpack_likes_enabled":true,"jetpack-related-posts":[],"_links":{"self":[{"href":"https:\/\/eltrabajo.cl\/portal\/wp-json\/wp\/v2\/posts\/68520","targetHints":{"allow":["GET"]}}],"collection":[{"href":"https:\/\/eltrabajo.cl\/portal\/wp-json\/wp\/v2\/posts"}],"about":[{"href":"https:\/\/eltrabajo.cl\/portal\/wp-json\/wp\/v2\/types\/post"}],"author":[{"embeddable":true,"href":"https:\/\/eltrabajo.cl\/portal\/wp-json\/wp\/v2\/users\/1"}],"replies":[{"embeddable":true,"href":"https:\/\/eltrabajo.cl\/portal\/wp-json\/wp\/v2\/comments?post=68520"}],"version-history":[{"count":0,"href":"https:\/\/eltrabajo.cl\/portal\/wp-json\/wp\/v2\/posts\/68520\/revisions"}],"wp:featuredmedia":[{"embeddable":true,"href":"https:\/\/eltrabajo.cl\/portal\/wp-json\/wp\/v2\/media\/68521"}],"wp:attachment":[{"href":"https:\/\/eltrabajo.cl\/portal\/wp-json\/wp\/v2\/media?parent=68520"}],"wp:term":[{"taxonomy":"category","embeddable":true,"href":"https:\/\/eltrabajo.cl\/portal\/wp-json\/wp\/v2\/categories?post=68520"},{"taxonomy":"post_tag","embeddable":true,"href":"https:\/\/eltrabajo.cl\/portal\/wp-json\/wp\/v2\/tags?post=68520"}],"curies":[{"name":"wp","href":"https:\/\/api.w.org\/{rel}","templated":true}]}}