{"id":68524,"date":"2016-04-08T08:21:39","date_gmt":"2016-04-08T11:21:39","guid":{"rendered":"http:\/\/www.eltrabajo.cl\/portal\/?p=68524"},"modified":"2016-04-08T08:21:40","modified_gmt":"2016-04-08T11:21:40","slug":"el-3-de-junio-se-realizara-juicio-por-muerte-de-relator-javier-munoz","status":"publish","type":"post","link":"https:\/\/eltrabajo.cl\/portal\/el-3-de-junio-se-realizara-juicio-por-muerte-de-relator-javier-munoz\/","title":{"rendered":"El 3 de junio se realizar\u00e1 juicio por muerte de relator Javier Mu\u00f1oz"},"content":{"rendered":"<figure id=\"attachment_68525\" aria-describedby=\"caption-attachment-68525\" style=\"width: 300px\" class=\"wp-caption alignleft\"><a href=\"http:\/\/www.eltrabajo.cl\/portal\/el-3-de-junio-se-realizara-juicio-por-muerte-de-relator-javier-munoz\/javier-munoz-6\/\" rel=\"attachment wp-att-68525\"><img data-recalc-dims=\"1\" loading=\"lazy\" decoding=\"async\" class=\"size-medium wp-image-68525\" src=\"https:\/\/i0.wp.com\/www.eltrabajo.cl\/portal\/wp-content\/uploads\/2016\/04\/JAVIER-MU%C3%91OZ-DELGADO-300x198.jpg?resize=300%2C198\" alt=\"Javier Mu\u00f1oz Delgado, falleci\u00f3 v\u00edctima de un accidente de tr\u00e1nsito en la ruta 60 CH el pasado 29 de agosto del 2015.\" width=\"300\" height=\"198\" srcset=\"https:\/\/i0.wp.com\/eltrabajo.cl\/portal\/wp-content\/uploads\/2016\/04\/JAVIER-MU%C3%91OZ-DELGADO.jpg?resize=300%2C198&amp;ssl=1 300w, https:\/\/i0.wp.com\/eltrabajo.cl\/portal\/wp-content\/uploads\/2016\/04\/JAVIER-MU%C3%91OZ-DELGADO.jpg?resize=200%2C132&amp;ssl=1 200w, https:\/\/i0.wp.com\/eltrabajo.cl\/portal\/wp-content\/uploads\/2016\/04\/JAVIER-MU%C3%91OZ-DELGADO.jpg?resize=228%2C150&amp;ssl=1 228w, https:\/\/i0.wp.com\/eltrabajo.cl\/portal\/wp-content\/uploads\/2016\/04\/JAVIER-MU%C3%91OZ-DELGADO.jpg?resize=400%2C263&amp;ssl=1 400w, https:\/\/i0.wp.com\/eltrabajo.cl\/portal\/wp-content\/uploads\/2016\/04\/JAVIER-MU%C3%91OZ-DELGADO.jpg?w=530&amp;ssl=1 530w\" sizes=\"auto, (max-width: 300px) 100vw, 300px\" \/><\/a><figcaption id=\"caption-attachment-68525\" class=\"wp-caption-text\">Javier Mu\u00f1oz Delgado, falleci\u00f3 v\u00edctima de un accidente de tr\u00e1nsito en la ruta 60 CH el pasado 29 de agosto del 2015.<\/figcaption><\/figure>\n<p>El Tribunal Oral en Lo Penal de San Felipe agend\u00f3 para este viernes 3 de junio, a partir de las 09:00 horas, el inicio del juicio oral tras la muerte del conocido relator deportivo Javier Mu\u00f1oz Delgado. El imputado, Diego Vera Pizarro, ser\u00e1 procesado judicialmente por el delito de conducci\u00f3n en estado de ebriedad con resultado de muerte.<br \/>\nFrente a este escenario, el acusado podr\u00eda enfrentar una condena de hasta cinco a\u00f1os de presidio menor en su grado m\u00e1ximo, considerando que la \u2018Ley Emilia\u2019 obliga al menos un a\u00f1o de presidio efectivo para este tipo de delitos tras su modificaci\u00f3n. En el pr\u00f3ximo mes de septiembre Vera Pizarro cumplir\u00eda un a\u00f1o en prisi\u00f3n y posteriormente, al ser condenado podr\u00eda cumplir la pena en libertad.<br \/>\nNo obstante, los hechos ser\u00e1n debatidos en tribunales y ser\u00e1 la terna de jueces quienes dictar\u00e1n la sentencia sobre la tragedia ocurrida el 29 de agosto de 2015, cuando Javier Mu\u00f1oz conduc\u00eda su veh\u00edculo por la ruta 60 CH a eso de las 03:00 de la madrugada, siendo impactado por el veh\u00edculo conducido por Diego Esteban Vera Pizarro que comandaba su m\u00f3vil en estado de ebriedad. El joven conductor traspas\u00f3 el eje de la calzada a m\u00e1s de 150 kil\u00f3metros por hora, estrell\u00e1ndose violentamente contra el veh\u00edculo donde viajaba Javier, quedando ambos m\u00f3viles pr\u00e1cticamente desintegrados producto del violento choque.<br \/>\n<strong>Pablo Salinas Sald\u00edas<\/strong><\/p>\n","protected":false},"excerpt":{"rendered":"<p>El Tribunal Oral en Lo Penal de San Felipe agend\u00f3 para este viernes 3 de junio, a partir de las 09:00 horas, el inicio del juicio oral tras la muerte del conocido&#8230;<\/p>\n","protected":false},"author":1,"featured_media":68525,"comment_status":"open","ping_status":"open","sticky":false,"template":"","format":"standard","meta":{"advanced_seo_description":"","jetpack_seo_html_title":"","jetpack_seo_noindex":false,"_jetpack_memberships_contains_paid_content":false,"footnotes":""},"categories":[21],"tags":[],"class_list":["post-68524","post","type-post","status-publish","format-standard","has-post-thumbnail","hentry","category-policial"],"jetpack_featured_media_url":"https:\/\/i0.wp.com\/eltrabajo.cl\/portal\/wp-content\/uploads\/2016\/04\/JAVIER-MU%C3%91OZ-DELGADO.jpg?fit=530%2C349&ssl=1","jetpack_sharing_enabled":true,"jetpack_likes_enabled":true,"jetpack-related-posts":[],"_links":{"self":[{"href":"https:\/\/eltrabajo.cl\/portal\/wp-json\/wp\/v2\/posts\/68524","targetHints":{"allow":["GET"]}}],"collection":[{"href":"https:\/\/eltrabajo.cl\/portal\/wp-json\/wp\/v2\/posts"}],"about":[{"href":"https:\/\/eltrabajo.cl\/portal\/wp-json\/wp\/v2\/types\/post"}],"author":[{"embeddable":true,"href":"https:\/\/eltrabajo.cl\/portal\/wp-json\/wp\/v2\/users\/1"}],"replies":[{"embeddable":true,"href":"https:\/\/eltrabajo.cl\/portal\/wp-json\/wp\/v2\/comments?post=68524"}],"version-history":[{"count":0,"href":"https:\/\/eltrabajo.cl\/portal\/wp-json\/wp\/v2\/posts\/68524\/revisions"}],"wp:featuredmedia":[{"embeddable":true,"href":"https:\/\/eltrabajo.cl\/portal\/wp-json\/wp\/v2\/media\/68525"}],"wp:attachment":[{"href":"https:\/\/eltrabajo.cl\/portal\/wp-json\/wp\/v2\/media?parent=68524"}],"wp:term":[{"taxonomy":"category","embeddable":true,"href":"https:\/\/eltrabajo.cl\/portal\/wp-json\/wp\/v2\/categories?post=68524"},{"taxonomy":"post_tag","embeddable":true,"href":"https:\/\/eltrabajo.cl\/portal\/wp-json\/wp\/v2\/tags?post=68524"}],"curies":[{"name":"wp","href":"https:\/\/api.w.org\/{rel}","templated":true}]}}