{"id":68528,"date":"2016-04-08T08:23:49","date_gmt":"2016-04-08T11:23:49","guid":{"rendered":"http:\/\/www.eltrabajo.cl\/portal\/?p=68528"},"modified":"2016-04-08T08:23:49","modified_gmt":"2016-04-08T11:23:49","slug":"los-andes-contara-con-una-segunda-planta-de-revision-tecnica","status":"publish","type":"post","link":"https:\/\/eltrabajo.cl\/portal\/los-andes-contara-con-una-segunda-planta-de-revision-tecnica\/","title":{"rendered":"Los Andes contar\u00e1 con una segunda planta de revisi\u00f3n t\u00e9cnica"},"content":{"rendered":"<p><strong>Luz verde para proceso de licitaci\u00f3n:<\/strong><br \/>\nEl ministro de Transportes, Andr\u00e9s G\u00f3mez Lobo, inform\u00f3 que se iniciar\u00e1 el proceso de licitaci\u00f3n de plantas de revisi\u00f3n t\u00e9cnica para Los Andes y otras ocho comunas de la regi\u00f3n de Valpara\u00edso.<br \/>\nEn una reuni\u00f3n sostenida en el Congreso con el secretario de Estado, el senador Francisco Chahu\u00e1n expres\u00f3 su agradecimiento a la disposici\u00f3n de G\u00f3mez Lobo y la Contralor\u00eda General de la Rep\u00fablica para \u201cdespejar los temas que imped\u00edan poner en marcha el proceso de licitaci\u00f3n que mejorar\u00e1 las condiciones de la ciudadan\u00eda para acceder a este servicio\u201d.<br \/>\nEl ministro G\u00f3mez Lobo, agreg\u00f3 que la cartera que encabeza se ha comprometido a expandir el n\u00famero de plantas de revisi\u00f3n t\u00e9cnica en la V regi\u00f3n y agradeci\u00f3 las gestiones realizadas por el senador en Contralor\u00eda \u201cpara lograr la luz verde desde el punto de vista jur\u00eddico y estar en condiciones de licitar las plantas que quedaron pendientes en el \u00faltimo proceso.\u201d<br \/>\nAsegur\u00f3 adem\u00e1s que \u201cya estamos en tierra derecha para iniciar una nueva licitaci\u00f3n\u201d, precisando que el llamado se realizar\u00e1 a trav\u00e9s de la Serem\u00eda de Transportes. Finalmente, insisti\u00f3 en que esto permitir\u00e1 \u201cplantas m\u00e1s modernas, una mayor oferta, m\u00e1s cercan\u00eda, mejor equipamiento y a menor costo.\u201d<br \/>\nLas comunas que tendr\u00e1n nuevas plantas de revisi\u00f3n t\u00e9cnica son Quillota, Casablanca, Valpara\u00edso, San Antonio, Los Andes y La Ligua (Clases A y B); Villa Alemana, Vi\u00f1a del Mar y Conc\u00f3n (Clase B).<\/p>\n<figure id=\"attachment_68529\" aria-describedby=\"caption-attachment-68529\" style=\"width: 528px\" class=\"wp-caption alignleft\"><a href=\"http:\/\/www.eltrabajo.cl\/portal\/los-andes-contara-con-una-segunda-planta-de-revision-tecnica\/sony-dsc-38\/\" rel=\"attachment wp-att-68529\"><img data-recalc-dims=\"1\" loading=\"lazy\" decoding=\"async\" class=\"size-full wp-image-68529\" src=\"https:\/\/i0.wp.com\/www.eltrabajo.cl\/portal\/wp-content\/uploads\/2016\/04\/Chauan-y-gomez-lobo.jpg?resize=528%2C350\" alt=\"El senador Francisco Chahu\u00e1n junto al ministro de Transporte Andr\u00e9s G\u00f3mez Lobo, dando a conocer la creaci\u00f3n de una nueva planta de revisi\u00f3n t\u00e9cnica para Los Andes.\" width=\"528\" height=\"350\" srcset=\"https:\/\/i0.wp.com\/eltrabajo.cl\/portal\/wp-content\/uploads\/2016\/04\/Chauan-y-gomez-lobo.jpg?w=528&amp;ssl=1 528w, https:\/\/i0.wp.com\/eltrabajo.cl\/portal\/wp-content\/uploads\/2016\/04\/Chauan-y-gomez-lobo.jpg?resize=200%2C133&amp;ssl=1 200w, https:\/\/i0.wp.com\/eltrabajo.cl\/portal\/wp-content\/uploads\/2016\/04\/Chauan-y-gomez-lobo.jpg?resize=300%2C199&amp;ssl=1 300w, https:\/\/i0.wp.com\/eltrabajo.cl\/portal\/wp-content\/uploads\/2016\/04\/Chauan-y-gomez-lobo.jpg?resize=226%2C150&amp;ssl=1 226w, https:\/\/i0.wp.com\/eltrabajo.cl\/portal\/wp-content\/uploads\/2016\/04\/Chauan-y-gomez-lobo.jpg?resize=400%2C265&amp;ssl=1 400w\" sizes=\"auto, (max-width: 528px) 100vw, 528px\" \/><\/a><figcaption id=\"caption-attachment-68529\" class=\"wp-caption-text\">El senador Francisco Chahu\u00e1n junto al ministro de Transporte Andr\u00e9s G\u00f3mez Lobo, dando a conocer la creaci\u00f3n de una nueva planta de revisi\u00f3n t\u00e9cnica para Los Andes.<\/figcaption><\/figure>\n","protected":false},"excerpt":{"rendered":"<p>Luz verde para proceso de licitaci\u00f3n: El ministro de Transportes, Andr\u00e9s G\u00f3mez Lobo, inform\u00f3 que se iniciar\u00e1 el proceso de licitaci\u00f3n de plantas de revisi\u00f3n t\u00e9cnica para Los Andes y otras ocho&#8230;<\/p>\n","protected":false},"author":1,"featured_media":68529,"comment_status":"open","ping_status":"open","sticky":false,"template":"","format":"standard","meta":{"advanced_seo_description":"","jetpack_seo_html_title":"","jetpack_seo_noindex":false,"_jetpack_memberships_contains_paid_content":false,"footnotes":""},"categories":[1],"tags":[],"class_list":["post-68528","post","type-post","status-publish","format-standard","has-post-thumbnail","hentry","category-cronica"],"jetpack_featured_media_url":"https:\/\/i0.wp.com\/eltrabajo.cl\/portal\/wp-content\/uploads\/2016\/04\/Chauan-y-gomez-lobo.jpg?fit=528%2C350&ssl=1","jetpack_sharing_enabled":true,"jetpack_likes_enabled":true,"jetpack-related-posts":[],"_links":{"self":[{"href":"https:\/\/eltrabajo.cl\/portal\/wp-json\/wp\/v2\/posts\/68528","targetHints":{"allow":["GET"]}}],"collection":[{"href":"https:\/\/eltrabajo.cl\/portal\/wp-json\/wp\/v2\/posts"}],"about":[{"href":"https:\/\/eltrabajo.cl\/portal\/wp-json\/wp\/v2\/types\/post"}],"author":[{"embeddable":true,"href":"https:\/\/eltrabajo.cl\/portal\/wp-json\/wp\/v2\/users\/1"}],"replies":[{"embeddable":true,"href":"https:\/\/eltrabajo.cl\/portal\/wp-json\/wp\/v2\/comments?post=68528"}],"version-history":[{"count":0,"href":"https:\/\/eltrabajo.cl\/portal\/wp-json\/wp\/v2\/posts\/68528\/revisions"}],"wp:featuredmedia":[{"embeddable":true,"href":"https:\/\/eltrabajo.cl\/portal\/wp-json\/wp\/v2\/media\/68529"}],"wp:attachment":[{"href":"https:\/\/eltrabajo.cl\/portal\/wp-json\/wp\/v2\/media?parent=68528"}],"wp:term":[{"taxonomy":"category","embeddable":true,"href":"https:\/\/eltrabajo.cl\/portal\/wp-json\/wp\/v2\/categories?post=68528"},{"taxonomy":"post_tag","embeddable":true,"href":"https:\/\/eltrabajo.cl\/portal\/wp-json\/wp\/v2\/tags?post=68528"}],"curies":[{"name":"wp","href":"https:\/\/api.w.org\/{rel}","templated":true}]}}