{"id":68532,"date":"2016-04-08T08:37:11","date_gmt":"2016-04-08T11:37:11","guid":{"rendered":"http:\/\/www.eltrabajo.cl\/portal\/?p=68532"},"modified":"2016-04-08T08:37:11","modified_gmt":"2016-04-08T11:37:11","slug":"vecinos-de-las-acacias-recibieron-oficialmente-proyecto-de-mini-canchas","status":"publish","type":"post","link":"https:\/\/eltrabajo.cl\/portal\/vecinos-de-las-acacias-recibieron-oficialmente-proyecto-de-mini-canchas\/","title":{"rendered":"Vecinos de Las Acacias recibieron oficialmente proyecto de mini canchas"},"content":{"rendered":"<p>Felices, pero sobre todo agradecidos, est\u00e1n los vecinos del Barrio Las Acacias, luego de recibir oficialmente y en el marco de una ceremonia de inauguraci\u00f3n, las mini canchas que permitir\u00e1n no solo el desarrollo de actividad f\u00edsica de grandes y chicos, sino tambi\u00e9n el fortalecimiento de la vida barrial, esa que gracias al trabajo del equipo multidisciplinario del programa Barrio en Paz que ejecut\u00f3 el municipio, contribuy\u00f3 a desarrollar.<br \/>\nEstas mini canchas de Las Acacias, son el fiel reflejo de una intervenci\u00f3n situacional con un dise\u00f1o participativo orientado hacia las futuras generaciones, y se enmarca en un proyecto de recuperaci\u00f3n de sitios pr\u00e1cticamente abandonados en el sector, denominado \u2018Tres nuevos espacios p\u00fablicos para el barrio\u2019, financiado con recursos de la Subsecretar\u00eda de Prevenci\u00f3n del Delito, dependiente del Ministerio del Interior y Seguridad P\u00fablica.<br \/>\nEste proyecto concluye un trabajo participativo en torno al dise\u00f1o de espacios p\u00fablicos integrales en el coraz\u00f3n de la primera etapa del barrio de Las Acacias.<br \/>\nEs as\u00ed como esta iniciativa se enmarc\u00f3 bajo la premisa de mejorar la calidad de vida de los barrios con proyectos que busquen estimular y ampliar la participaci\u00f3n local, la interacci\u00f3n social y la convivencia comunitaria, mediante el desarrollo de estrategias de prevenci\u00f3n situacional vinculadas a espacios p\u00fablicos con grados de deterioro los cuales presentan componentes comunitarios con vitalidad suficiente para revertir este panorama.<br \/>\nLa idea es que desde estos espacios sea posible el fomento de principios como la territorialidad, la actividad humana, la vigilancia natural, la participaci\u00f3n ciudadana y la articulaci\u00f3n comunitaria; elementos centrales en toda estrategia de prevenci\u00f3n situada en los espacios p\u00fablicos.<br \/>\nJessica Leiva, presidenta de la Junta de Vecinos Las Acacias, reconoci\u00f3 que esta iniciativa era un antiguo anhelo que afortunadamente se concreta y los insta a seguir trabajando por su barrio.<br \/>\n\u201cEste proyecto nos ha cambiado la vida. Este espacio sirve para grandes y chicos, mientras los ni\u00f1os m\u00e1s peque\u00f1os juegan f\u00fatbol, los pap\u00e1s se dedican a jugar ping pong, lo que permite que compartamos y disfrutemos, pero que adem\u00e1s nos tomemos los espacios para la vida de barrio, nos conozcamos y nos cuidemos\u201d, se\u00f1al\u00f3 la dirigenta.<br \/>\nLa vecina del sector Alicia Lizama, admiti\u00f3 la alegr\u00eda de ver el proceso transformador del sector donde habita. \u201cEstoy feliz por lo que se ha hecho, porque nos hac\u00eda mucha falta. Antes estaba muy feo este sector y ahora est\u00e1 hermoso\u201d, expres\u00f3.<br \/>\nEn este mismo sentido, el alcalde Patricio Freire destac\u00f3 el trabajo organizado de los vecinos, que sumado a la intervenci\u00f3n de los profesionales del Plan Barrio en Paz que se desarroll\u00f3 en ese sector, permite dar cuenta de una real transformaci\u00f3n en su calidad de vida.<br \/>\n\u201cLos vecinos organizados del Barrio Las Acacias han hecho grandes transformaciones en su sector, en tanto que nuestro objetivo de trabajo es contribuir y acompa\u00f1arles a coronar la realizaci\u00f3n de sus sue\u00f1os. Ac\u00e1 hemos vivido un cambio rotundo y es as\u00ed como los vecinos pueden confirmar nuestros esfuerzos desde el punto de vista de la ejecuci\u00f3n de proyectos de pavimentaci\u00f3n, de luminarias, de construcci\u00f3n del Parque Borde Estero, de estas mini canchas y ahora, de la construcci\u00f3n de un jard\u00edn sala cuna\u201d, se\u00f1al\u00f3 el alcalde Freire.<br \/>\nEl gobernador Eduardo Le\u00f3n en tanto, felicit\u00f3 a los vecinos por el compromiso que asumieron y que se tradujo en acciones concretas, para mejorar su calidad de vida, recuperando espacios y aprovechando las instancias que se les ofrecen para una mayor tranquilidad de todos.<\/p>\n<figure id=\"attachment_68533\" aria-describedby=\"caption-attachment-68533\" style=\"width: 530px\" class=\"wp-caption alignleft\"><a href=\"http:\/\/www.eltrabajo.cl\/portal\/vecinos-de-las-acacias-recibieron-oficialmente-proyecto-de-mini-canchas\/mini-canchas\/\" rel=\"attachment wp-att-68533\"><img data-recalc-dims=\"1\" loading=\"lazy\" decoding=\"async\" class=\"size-full wp-image-68533\" src=\"https:\/\/i0.wp.com\/www.eltrabajo.cl\/portal\/wp-content\/uploads\/2016\/04\/mini-canchas.jpg?resize=530%2C350\" alt=\"Diversas autoridades y el alcalde Patricio Freire junto a la comunidad inauguraron proyectos de mini canchas en Las Acacias.\" width=\"530\" height=\"350\" srcset=\"https:\/\/i0.wp.com\/eltrabajo.cl\/portal\/wp-content\/uploads\/2016\/04\/mini-canchas.jpg?w=530&amp;ssl=1 530w, https:\/\/i0.wp.com\/eltrabajo.cl\/portal\/wp-content\/uploads\/2016\/04\/mini-canchas.jpg?resize=200%2C132&amp;ssl=1 200w, https:\/\/i0.wp.com\/eltrabajo.cl\/portal\/wp-content\/uploads\/2016\/04\/mini-canchas.jpg?resize=300%2C198&amp;ssl=1 300w, https:\/\/i0.wp.com\/eltrabajo.cl\/portal\/wp-content\/uploads\/2016\/04\/mini-canchas.jpg?resize=227%2C150&amp;ssl=1 227w, https:\/\/i0.wp.com\/eltrabajo.cl\/portal\/wp-content\/uploads\/2016\/04\/mini-canchas.jpg?resize=400%2C264&amp;ssl=1 400w\" sizes=\"auto, (max-width: 530px) 100vw, 530px\" \/><\/a><figcaption id=\"caption-attachment-68533\" class=\"wp-caption-text\">Diversas autoridades y el alcalde Patricio Freire junto a la comunidad inauguraron proyectos de mini canchas en Las Acacias.<\/figcaption><\/figure>\n","protected":false},"excerpt":{"rendered":"<p>Felices, pero sobre todo agradecidos, est\u00e1n los vecinos del Barrio Las Acacias, luego de recibir oficialmente y en el marco de una ceremonia de inauguraci\u00f3n, las mini canchas que permitir\u00e1n no solo&#8230;<\/p>\n","protected":false},"author":1,"featured_media":68533,"comment_status":"open","ping_status":"open","sticky":false,"template":"","format":"standard","meta":{"advanced_seo_description":"","jetpack_seo_html_title":"","jetpack_seo_noindex":false,"_jetpack_memberships_contains_paid_content":false,"footnotes":""},"categories":[1],"tags":[],"class_list":["post-68532","post","type-post","status-publish","format-standard","has-post-thumbnail","hentry","category-cronica"],"jetpack_featured_media_url":"https:\/\/i0.wp.com\/eltrabajo.cl\/portal\/wp-content\/uploads\/2016\/04\/mini-canchas.jpg?fit=530%2C350&ssl=1","jetpack_sharing_enabled":true,"jetpack_likes_enabled":true,"jetpack-related-posts":[],"_links":{"self":[{"href":"https:\/\/eltrabajo.cl\/portal\/wp-json\/wp\/v2\/posts\/68532","targetHints":{"allow":["GET"]}}],"collection":[{"href":"https:\/\/eltrabajo.cl\/portal\/wp-json\/wp\/v2\/posts"}],"about":[{"href":"https:\/\/eltrabajo.cl\/portal\/wp-json\/wp\/v2\/types\/post"}],"author":[{"embeddable":true,"href":"https:\/\/eltrabajo.cl\/portal\/wp-json\/wp\/v2\/users\/1"}],"replies":[{"embeddable":true,"href":"https:\/\/eltrabajo.cl\/portal\/wp-json\/wp\/v2\/comments?post=68532"}],"version-history":[{"count":0,"href":"https:\/\/eltrabajo.cl\/portal\/wp-json\/wp\/v2\/posts\/68532\/revisions"}],"wp:featuredmedia":[{"embeddable":true,"href":"https:\/\/eltrabajo.cl\/portal\/wp-json\/wp\/v2\/media\/68533"}],"wp:attachment":[{"href":"https:\/\/eltrabajo.cl\/portal\/wp-json\/wp\/v2\/media?parent=68532"}],"wp:term":[{"taxonomy":"category","embeddable":true,"href":"https:\/\/eltrabajo.cl\/portal\/wp-json\/wp\/v2\/categories?post=68532"},{"taxonomy":"post_tag","embeddable":true,"href":"https:\/\/eltrabajo.cl\/portal\/wp-json\/wp\/v2\/tags?post=68532"}],"curies":[{"name":"wp","href":"https:\/\/api.w.org\/{rel}","templated":true}]}}