{"id":68540,"date":"2016-04-08T09:15:08","date_gmt":"2016-04-08T12:15:08","guid":{"rendered":"http:\/\/www.eltrabajo.cl\/portal\/?p=68540"},"modified":"2016-04-08T09:15:08","modified_gmt":"2016-04-08T12:15:08","slug":"inauguran-nuevo-huerto-para-celebrar-el-dia-de-la-educacion-rural","status":"publish","type":"post","link":"https:\/\/eltrabajo.cl\/portal\/inauguran-nuevo-huerto-para-celebrar-el-dia-de-la-educacion-rural\/","title":{"rendered":"Inauguran nuevo huerto para celebrar el D\u00eda de la educaci\u00f3n rural"},"content":{"rendered":"<p><strong>Escuela Mateo Cokljat con sello Medioambiente:<\/strong><br \/>\nAyer 7 de abril en Chile fue celebrado el D\u00eda de la educaci\u00f3n rural, establecido por ser el d\u00eda del natalicio de nuestra gran poetisa y maestra rural, Gabriela Mistral, quien dedic\u00f3 parte de su vida a su profesi\u00f3n, la que ejerci\u00f3 con devoci\u00f3n y entusiasmo, siendo reconocida por su gran don pedag\u00f3gico.<\/p>\n<p><strong>HUERTO ESCOLAR<\/strong><br \/>\nEs por ello que en la Escuela Mateo Cokljat de Tierras Blancas se efectu\u00f3 un sobrio acto c\u00edvico en donde los peque\u00f1itos presentaron sus mejores galas.<br \/>\n\u00abEs hora de abanderarnos con la naturaleza una vez m\u00e1s, queremos seguir siendo la escuela sanfelipe\u00f1a que m\u00e1s atenci\u00f3n prestemos a nuestro Sello escolar, El Medioambiente. Es por eso que este a\u00f1o estamos reinaugurando nuestro huerto, para cultivar nuestras cebollas, nuestro cilantro y \u00e1rboles de jard\u00edn\u00bb, coment\u00f3 la directora de la escuela, Marcia Endara Carrasco a Diario El Trabajo.<br \/>\nEsta escuela cuenta con huerto escolar desde el martes 13 de agosto de 2014, pero cada a\u00f1o lo reinauguran, ya que en vacaciones el mismo queda sin atenci\u00f3n de sus due\u00f1os, ya que son los mismos alumnos quienes le dan mantenimiento.<br \/>\n\u00abEsto es una gran instancia, y el huerto es algo principal, porque esto va inserto en el curriculum, lo que nos permitir\u00e1 certificar a la escuela con excelencia medioambiental, que es lo que nos hemos propuesto, para lo que contamos con la valiosa colaboraci\u00f3n de la Municipalidad de San Felipe, para as\u00ed, poder hacer un cambio de actitud hacia una conciencia m\u00e1s ecol\u00f3gica, que involucre a toda la comunidad escolar, actuando como un conjunto, para dar una muestra a los establecimientos no s\u00f3lo rurales, sino que tambi\u00e9n urbanos, de las cosas que podemos hacer\u00bb, agreg\u00f3 Endara a nuestro medio.<br \/>\nLa educaci\u00f3n rural que debe ser concebida para enfrentar una triple funci\u00f3n, la cual es promover el progreso, estimularlo, ilustrar y educar de acuerdo a las necesidades del campo, con el fin de mejorar la vida comunal a trav\u00e9s de manifestaciones culturales, pues los ni\u00f1os y j\u00f3venes de las comunidades rurales tienen el derecho fundamental de acceder a una educaci\u00f3n integral que les garantice la adquisici\u00f3n de conocimientos y competencias necesarias para su desarrollo integral y su participaci\u00f3n plena en la sociedad.<br \/>\n<strong>Roberto Gonz\u00e1lez Short<\/strong><br \/>\n<strong>rgonzalez@eltrabajo.cl<\/strong><\/p>\n<div class=\"tiled-gallery type-rectangular tiled-gallery-unresized\" data-original-width=\"640\" data-carousel-extra='null' itemscope itemtype=\"http:\/\/schema.org\/ImageGallery\" > <div class=\"gallery-row\" style=\"width: 640px; height: 282px;\" data-original-width=\"640\" data-original-height=\"282\" > <div class=\"gallery-group images-1\" style=\"width: 428px; height: 282px;\" data-original-width=\"428\" data-original-height=\"282\" > <div class=\"tiled-gallery-item tiled-gallery-item-large\" itemprop=\"associatedMedia\" itemscope itemtype=\"http:\/\/schema.org\/ImageObject\"> <a href=\"https:\/\/eltrabajo.cl\/portal\/inauguran-nuevo-huerto-para-celebrar-el-dia-de-la-educacion-rural\/huerto1-2\/\" border=\"0\" itemprop=\"url\"> <meta itemprop=\"width\" content=\"424\"> <meta itemprop=\"height\" content=\"278\"> <img decoding=\"async\" class=\"\" data-attachment-id=\"68541\" data-orig-file=\"https:\/\/eltrabajo.cl\/portal\/wp-content\/uploads\/2016\/04\/Huerto1.jpg\" data-orig-size=\"530,348\" data-comments-opened=\"1\" data-image-meta=\"{&quot;aperture&quot;:&quot;0&quot;,&quot;credit&quot;:&quot;&quot;,&quot;camera&quot;:&quot;&quot;,&quot;caption&quot;:&quot;&quot;,&quot;created_timestamp&quot;:&quot;0&quot;,&quot;copyright&quot;:&quot;&quot;,&quot;focal_length&quot;:&quot;0&quot;,&quot;iso&quot;:&quot;0&quot;,&quot;shutter_speed&quot;:&quot;0&quot;,&quot;title&quot;:&quot;&quot;,&quot;orientation&quot;:&quot;0&quot;}\" data-image-title=\"HUERTO DE LA ESPERANZA.- Una vez dentro del huerto, cada uno de sus propietarios busc\u00f3 el mejor lugar para dejar su planta.\" data-image-description=\"&lt;p&gt;HUERTO DE LA ESPERANZA.- Una vez dentro del huerto, cada uno de sus propietarios busc\u00f3 el mejor lugar para dejar su planta.&lt;\/p&gt; \" data-medium-file=\"https:\/\/i0.wp.com\/eltrabajo.cl\/portal\/wp-content\/uploads\/2016\/04\/Huerto1.jpg?fit=300%2C197&#038;ssl=1\" data-large-file=\"https:\/\/i0.wp.com\/eltrabajo.cl\/portal\/wp-content\/uploads\/2016\/04\/Huerto1.jpg?fit=530%2C348&#038;ssl=1\" src=\"https:\/\/i0.wp.com\/eltrabajo.cl\/portal\/wp-content\/uploads\/2016\/04\/Huerto1.jpg?w=424&#038;h=278&#038;ssl=1\" srcset=\"https:\/\/i0.wp.com\/eltrabajo.cl\/portal\/wp-content\/uploads\/2016\/04\/Huerto1.jpg?w=530&amp;ssl=1 530w, https:\/\/i0.wp.com\/eltrabajo.cl\/portal\/wp-content\/uploads\/2016\/04\/Huerto1.jpg?resize=200%2C131&amp;ssl=1 200w, https:\/\/i0.wp.com\/eltrabajo.cl\/portal\/wp-content\/uploads\/2016\/04\/Huerto1.jpg?resize=300%2C197&amp;ssl=1 300w, https:\/\/i0.wp.com\/eltrabajo.cl\/portal\/wp-content\/uploads\/2016\/04\/Huerto1.jpg?resize=228%2C150&amp;ssl=1 228w, https:\/\/i0.wp.com\/eltrabajo.cl\/portal\/wp-content\/uploads\/2016\/04\/Huerto1.jpg?resize=400%2C263&amp;ssl=1 400w\" width=\"424\" height=\"278\" loading=\"lazy\" data-original-width=\"424\" data-original-height=\"278\" itemprop=\"http:\/\/schema.org\/image\" title=\"HUERTO DE LA ESPERANZA.- Una vez dentro del huerto, cada uno de sus propietarios busc\u00f3 el mejor lugar para dejar su planta.\" alt=\"HUERTO DE LA ESPERANZA.- Una vez dentro del huerto, cada uno de sus propietarios busc\u00f3 el mejor lugar para dejar su planta.\" style=\"width: 424px; height: 278px;\" \/> <\/a> <div class=\"tiled-gallery-caption\" itemprop=\"caption description\"> HUERTO DE LA ESPERANZA.- Una vez dentro del huerto, cada uno de sus propietarios busc\u00f3 el mejor lugar para dejar su planta. <\/div> <\/div> <\/div> <!-- close group --> <div class=\"gallery-group images-2\" style=\"width: 212px; height: 282px;\" data-original-width=\"212\" data-original-height=\"282\" > <div class=\"tiled-gallery-item tiled-gallery-item-small\" itemprop=\"associatedMedia\" itemscope itemtype=\"http:\/\/schema.org\/ImageObject\"> <a href=\"https:\/\/eltrabajo.cl\/portal\/inauguran-nuevo-huerto-para-celebrar-el-dia-de-la-educacion-rural\/guardianes33\/\" border=\"0\" itemprop=\"url\"> <meta itemprop=\"width\" content=\"208\"> <meta itemprop=\"height\" content=\"137\"> <img decoding=\"async\" class=\"\" data-attachment-id=\"68547\" data-orig-file=\"https:\/\/eltrabajo.cl\/portal\/wp-content\/uploads\/2016\/04\/Guardianes33.jpg\" data-orig-size=\"530,350\" data-comments-opened=\"1\" data-image-meta=\"{&quot;aperture&quot;:&quot;0&quot;,&quot;credit&quot;:&quot;&quot;,&quot;camera&quot;:&quot;&quot;,&quot;caption&quot;:&quot;&quot;,&quot;created_timestamp&quot;:&quot;0&quot;,&quot;copyright&quot;:&quot;&quot;,&quot;focal_length&quot;:&quot;0&quot;,&quot;iso&quot;:&quot;0&quot;,&quot;shutter_speed&quot;:&quot;0&quot;,&quot;title&quot;:&quot;&quot;,&quot;orientation&quot;:&quot;0&quot;}\" data-image-title=\"LOS GUARDIANES.- Ellos son los estudiantes que tienen directamente a su cargo el cuidado y mantenimiento de este huerto.\" data-image-description=\"&lt;p&gt;LOS GUARDIANES.- Ellos son los estudiantes que tienen directamente a su cargo el cuidado y mantenimiento de este huerto.&lt;\/p&gt; \" data-medium-file=\"https:\/\/i0.wp.com\/eltrabajo.cl\/portal\/wp-content\/uploads\/2016\/04\/Guardianes33.jpg?fit=300%2C198&#038;ssl=1\" data-large-file=\"https:\/\/i0.wp.com\/eltrabajo.cl\/portal\/wp-content\/uploads\/2016\/04\/Guardianes33.jpg?fit=530%2C350&#038;ssl=1\" src=\"https:\/\/i0.wp.com\/eltrabajo.cl\/portal\/wp-content\/uploads\/2016\/04\/Guardianes33.jpg?w=208&#038;h=137&#038;ssl=1\" srcset=\"https:\/\/i0.wp.com\/eltrabajo.cl\/portal\/wp-content\/uploads\/2016\/04\/Guardianes33.jpg?w=530&amp;ssl=1 530w, https:\/\/i0.wp.com\/eltrabajo.cl\/portal\/wp-content\/uploads\/2016\/04\/Guardianes33.jpg?resize=200%2C132&amp;ssl=1 200w, https:\/\/i0.wp.com\/eltrabajo.cl\/portal\/wp-content\/uploads\/2016\/04\/Guardianes33.jpg?resize=300%2C198&amp;ssl=1 300w, https:\/\/i0.wp.com\/eltrabajo.cl\/portal\/wp-content\/uploads\/2016\/04\/Guardianes33.jpg?resize=227%2C150&amp;ssl=1 227w, https:\/\/i0.wp.com\/eltrabajo.cl\/portal\/wp-content\/uploads\/2016\/04\/Guardianes33.jpg?resize=400%2C264&amp;ssl=1 400w\" width=\"208\" height=\"137\" loading=\"lazy\" data-original-width=\"208\" data-original-height=\"137\" itemprop=\"http:\/\/schema.org\/image\" title=\"LOS GUARDIANES.- Ellos son los estudiantes que tienen directamente a su cargo el cuidado y mantenimiento de este huerto.\" alt=\"LOS GUARDIANES.- Ellos son los estudiantes que tienen directamente a su cargo el cuidado y mantenimiento de este huerto.LOS GUARDIANES.- Ellos son los estudiantes que tienen directamente a su cargo el cuidado y mantenimiento de este huerto.\" style=\"width: 208px; height: 137px;\" \/> <\/a> <div class=\"tiled-gallery-caption\" itemprop=\"caption description\"> LOS GUARDIANES.- Ellos son los estudiantes que tienen directamente a su cargo el cuidado y mantenimiento de este huerto. <\/div> <\/div> <div class=\"tiled-gallery-item tiled-gallery-item-small\" itemprop=\"associatedMedia\" itemscope itemtype=\"http:\/\/schema.org\/ImageObject\"> <a href=\"https:\/\/eltrabajo.cl\/portal\/inauguran-nuevo-huerto-para-celebrar-el-dia-de-la-educacion-rural\/rural4\/\" border=\"0\" itemprop=\"url\"> <meta itemprop=\"width\" content=\"208\"> <meta itemprop=\"height\" content=\"137\"> <img decoding=\"async\" class=\"\" data-attachment-id=\"68546\" data-orig-file=\"https:\/\/eltrabajo.cl\/portal\/wp-content\/uploads\/2016\/04\/Rural4.jpg\" data-orig-size=\"530,349\" data-comments-opened=\"1\" data-image-meta=\"{&quot;aperture&quot;:&quot;0&quot;,&quot;credit&quot;:&quot;&quot;,&quot;camera&quot;:&quot;&quot;,&quot;caption&quot;:&quot;&quot;,&quot;created_timestamp&quot;:&quot;0&quot;,&quot;copyright&quot;:&quot;&quot;,&quot;focal_length&quot;:&quot;0&quot;,&quot;iso&quot;:&quot;0&quot;,&quot;shutter_speed&quot;:&quot;0&quot;,&quot;title&quot;:&quot;&quot;,&quot;orientation&quot;:&quot;0&quot;}\" data-image-title=\"DUE\u00d1OS DEL HUERTO.- Como lo muestra esta gr\u00e1fica, cada estudiante est\u00e1 desarrollando un sentido de pertenencia con este proyecto.\" data-image-description=\"&lt;p&gt;DUE\u00d1OS DEL HUERTO.- Como lo muestra esta gr\u00e1fica, cada estudiante est\u00e1 desarrollando un sentido de pertenencia con este proyecto.&lt;\/p&gt; \" data-medium-file=\"https:\/\/i0.wp.com\/eltrabajo.cl\/portal\/wp-content\/uploads\/2016\/04\/Rural4.jpg?fit=300%2C198&#038;ssl=1\" data-large-file=\"https:\/\/i0.wp.com\/eltrabajo.cl\/portal\/wp-content\/uploads\/2016\/04\/Rural4.jpg?fit=530%2C349&#038;ssl=1\" src=\"https:\/\/i0.wp.com\/eltrabajo.cl\/portal\/wp-content\/uploads\/2016\/04\/Rural4.jpg?w=208&#038;h=137&#038;ssl=1\" srcset=\"https:\/\/i0.wp.com\/eltrabajo.cl\/portal\/wp-content\/uploads\/2016\/04\/Rural4.jpg?w=530&amp;ssl=1 530w, https:\/\/i0.wp.com\/eltrabajo.cl\/portal\/wp-content\/uploads\/2016\/04\/Rural4.jpg?resize=200%2C132&amp;ssl=1 200w, https:\/\/i0.wp.com\/eltrabajo.cl\/portal\/wp-content\/uploads\/2016\/04\/Rural4.jpg?resize=300%2C198&amp;ssl=1 300w, https:\/\/i0.wp.com\/eltrabajo.cl\/portal\/wp-content\/uploads\/2016\/04\/Rural4.jpg?resize=228%2C150&amp;ssl=1 228w, https:\/\/i0.wp.com\/eltrabajo.cl\/portal\/wp-content\/uploads\/2016\/04\/Rural4.jpg?resize=400%2C263&amp;ssl=1 400w\" width=\"208\" height=\"137\" loading=\"lazy\" data-original-width=\"208\" data-original-height=\"137\" itemprop=\"http:\/\/schema.org\/image\" title=\"DUE\u00d1OS DEL HUERTO.- Como lo muestra esta gr\u00e1fica, cada estudiante est\u00e1 desarrollando un sentido de pertenencia con este proyecto.\" alt=\"DUE\u00d1OS DEL HUERTO.- Como lo muestra esta gr\u00e1fica, cada estudiante est\u00e1 desarrollando un sentido de pertenencia con este proyecto.\" style=\"width: 208px; height: 137px;\" \/> <\/a> <div class=\"tiled-gallery-caption\" itemprop=\"caption description\"> DUE\u00d1OS DEL HUERTO.- Como lo muestra esta gr\u00e1fica, cada estudiante est\u00e1 desarrollando un sentido de pertenencia con este proyecto. <\/div> <\/div> <\/div> <!-- close group --> <\/div> <!-- close row --> <div class=\"gallery-row\" style=\"width: 640px; height: 107px;\" data-original-width=\"640\" data-original-height=\"107\" > <div class=\"gallery-group images-1\" style=\"width: 160px; height: 107px;\" data-original-width=\"160\" data-original-height=\"107\" > <div class=\"tiled-gallery-item tiled-gallery-item-small\" itemprop=\"associatedMedia\" itemscope itemtype=\"http:\/\/schema.org\/ImageObject\"> <a href=\"https:\/\/eltrabajo.cl\/portal\/inauguran-nuevo-huerto-para-celebrar-el-dia-de-la-educacion-rural\/rural3\/\" border=\"0\" itemprop=\"url\"> <meta itemprop=\"width\" content=\"156\"> <meta itemprop=\"height\" content=\"103\"> <img decoding=\"async\" class=\"\" data-attachment-id=\"68545\" data-orig-file=\"https:\/\/eltrabajo.cl\/portal\/wp-content\/uploads\/2016\/04\/Rural3.jpg\" data-orig-size=\"530,350\" data-comments-opened=\"1\" data-image-meta=\"{&quot;aperture&quot;:&quot;0&quot;,&quot;credit&quot;:&quot;&quot;,&quot;camera&quot;:&quot;&quot;,&quot;caption&quot;:&quot;&quot;,&quot;created_timestamp&quot;:&quot;0&quot;,&quot;copyright&quot;:&quot;&quot;,&quot;focal_length&quot;:&quot;0&quot;,&quot;iso&quot;:&quot;0&quot;,&quot;shutter_speed&quot;:&quot;0&quot;,&quot;title&quot;:&quot;&quot;,&quot;orientation&quot;:&quot;0&quot;}\" data-image-title=\"PACIENCIA CHICOS.- Profesores y estudiantes esperaron pacientemente la hora de poder llevar sus plantas al nuevo huerto.\" data-image-description=\"&lt;p&gt;PACIENCIA CHICOS.- Profesores y estudiantes esperaron pacientemente la hora de poder llevar sus plantas al nuevo huerto.&lt;\/p&gt; \" data-medium-file=\"https:\/\/i0.wp.com\/eltrabajo.cl\/portal\/wp-content\/uploads\/2016\/04\/Rural3.jpg?fit=300%2C198&#038;ssl=1\" data-large-file=\"https:\/\/i0.wp.com\/eltrabajo.cl\/portal\/wp-content\/uploads\/2016\/04\/Rural3.jpg?fit=530%2C350&#038;ssl=1\" src=\"https:\/\/i0.wp.com\/eltrabajo.cl\/portal\/wp-content\/uploads\/2016\/04\/Rural3.jpg?w=156&#038;h=103&#038;ssl=1\" srcset=\"https:\/\/i0.wp.com\/eltrabajo.cl\/portal\/wp-content\/uploads\/2016\/04\/Rural3.jpg?w=530&amp;ssl=1 530w, https:\/\/i0.wp.com\/eltrabajo.cl\/portal\/wp-content\/uploads\/2016\/04\/Rural3.jpg?resize=200%2C132&amp;ssl=1 200w, https:\/\/i0.wp.com\/eltrabajo.cl\/portal\/wp-content\/uploads\/2016\/04\/Rural3.jpg?resize=300%2C198&amp;ssl=1 300w, https:\/\/i0.wp.com\/eltrabajo.cl\/portal\/wp-content\/uploads\/2016\/04\/Rural3.jpg?resize=227%2C150&amp;ssl=1 227w, https:\/\/i0.wp.com\/eltrabajo.cl\/portal\/wp-content\/uploads\/2016\/04\/Rural3.jpg?resize=400%2C264&amp;ssl=1 400w\" width=\"156\" height=\"103\" loading=\"lazy\" data-original-width=\"156\" data-original-height=\"103\" itemprop=\"http:\/\/schema.org\/image\" title=\"PACIENCIA CHICOS.- Profesores y estudiantes esperaron pacientemente la hora de poder llevar sus plantas al nuevo huerto.\" alt=\"PACIENCIA CHICOS.- Profesores y estudiantes esperaron pacientemente la hora de poder llevar sus plantas al nuevo huerto.\" style=\"width: 156px; height: 103px;\" \/> <\/a> <div class=\"tiled-gallery-caption\" itemprop=\"caption description\"> PACIENCIA CHICOS.- Profesores y estudiantes esperaron pacientemente la hora de poder llevar sus plantas al nuevo huerto. <\/div> <\/div> <\/div> <!-- close group --> <div class=\"gallery-group images-1\" style=\"width: 160px; height: 107px;\" data-original-width=\"160\" data-original-height=\"107\" > <div class=\"tiled-gallery-item tiled-gallery-item-small\" itemprop=\"associatedMedia\" itemscope itemtype=\"http:\/\/schema.org\/ImageObject\"> <a href=\"https:\/\/eltrabajo.cl\/portal\/inauguran-nuevo-huerto-para-celebrar-el-dia-de-la-educacion-rural\/rural2\/\" border=\"0\" itemprop=\"url\"> <meta itemprop=\"width\" content=\"156\"> <meta itemprop=\"height\" content=\"103\"> <img decoding=\"async\" class=\"\" data-attachment-id=\"68544\" data-orig-file=\"https:\/\/eltrabajo.cl\/portal\/wp-content\/uploads\/2016\/04\/Rural2.jpg\" data-orig-size=\"528,350\" data-comments-opened=\"1\" data-image-meta=\"{&quot;aperture&quot;:&quot;0&quot;,&quot;credit&quot;:&quot;&quot;,&quot;camera&quot;:&quot;&quot;,&quot;caption&quot;:&quot;&quot;,&quot;created_timestamp&quot;:&quot;0&quot;,&quot;copyright&quot;:&quot;&quot;,&quot;focal_length&quot;:&quot;0&quot;,&quot;iso&quot;:&quot;0&quot;,&quot;shutter_speed&quot;:&quot;0&quot;,&quot;title&quot;:&quot;&quot;,&quot;orientation&quot;:&quot;0&quot;}\" data-image-title=\"CHICOS ALERTA.- Los m\u00e1s grandes en cambio, tienen a su cargo el cuidar con m\u00e1s atenci\u00f3n de este proyecto org\u00e1nico.\" data-image-description=\"&lt;p&gt;CHICOS ALERTA.- Los m\u00e1s grandes en cambio, tienen a su cargo el cuidar con m\u00e1s atenci\u00f3n de este proyecto org\u00e1nico. &lt;\/p&gt; \" data-medium-file=\"https:\/\/i0.wp.com\/eltrabajo.cl\/portal\/wp-content\/uploads\/2016\/04\/Rural2.jpg?fit=300%2C199&#038;ssl=1\" data-large-file=\"https:\/\/i0.wp.com\/eltrabajo.cl\/portal\/wp-content\/uploads\/2016\/04\/Rural2.jpg?fit=528%2C350&#038;ssl=1\" src=\"https:\/\/i0.wp.com\/eltrabajo.cl\/portal\/wp-content\/uploads\/2016\/04\/Rural2.jpg?w=156&#038;h=103&#038;ssl=1\" srcset=\"https:\/\/i0.wp.com\/eltrabajo.cl\/portal\/wp-content\/uploads\/2016\/04\/Rural2.jpg?w=528&amp;ssl=1 528w, https:\/\/i0.wp.com\/eltrabajo.cl\/portal\/wp-content\/uploads\/2016\/04\/Rural2.jpg?resize=200%2C133&amp;ssl=1 200w, https:\/\/i0.wp.com\/eltrabajo.cl\/portal\/wp-content\/uploads\/2016\/04\/Rural2.jpg?resize=300%2C199&amp;ssl=1 300w, https:\/\/i0.wp.com\/eltrabajo.cl\/portal\/wp-content\/uploads\/2016\/04\/Rural2.jpg?resize=226%2C150&amp;ssl=1 226w, https:\/\/i0.wp.com\/eltrabajo.cl\/portal\/wp-content\/uploads\/2016\/04\/Rural2.jpg?resize=400%2C265&amp;ssl=1 400w\" width=\"156\" height=\"103\" loading=\"lazy\" data-original-width=\"156\" data-original-height=\"103\" itemprop=\"http:\/\/schema.org\/image\" title=\"CHICOS ALERTA.- Los m\u00e1s grandes en cambio, tienen a su cargo el cuidar con m\u00e1s atenci\u00f3n de este proyecto org\u00e1nico.\" alt=\"CHICOS ALERTA.- Los m\u00e1s grandes en cambio, tienen a su cargo el cuidar con m\u00e1s atenci\u00f3n de este proyecto org\u00e1nico.\" style=\"width: 156px; height: 103px;\" \/> <\/a> <div class=\"tiled-gallery-caption\" itemprop=\"caption description\"> CHICOS ALERTA.- Los m\u00e1s grandes en cambio, tienen a su cargo el cuidar con m\u00e1s atenci\u00f3n de este proyecto org\u00e1nico. <\/div> <\/div> <\/div> <!-- close group --> <div class=\"gallery-group images-1\" style=\"width: 160px; height: 107px;\" data-original-width=\"160\" data-original-height=\"107\" > <div class=\"tiled-gallery-item tiled-gallery-item-small\" itemprop=\"associatedMedia\" itemscope itemtype=\"http:\/\/schema.org\/ImageObject\"> <a href=\"https:\/\/eltrabajo.cl\/portal\/inauguran-nuevo-huerto-para-celebrar-el-dia-de-la-educacion-rural\/rural1\/\" border=\"0\" itemprop=\"url\"> <meta itemprop=\"width\" content=\"156\"> <meta itemprop=\"height\" content=\"103\"> <img decoding=\"async\" class=\"\" data-attachment-id=\"68543\" data-orig-file=\"https:\/\/eltrabajo.cl\/portal\/wp-content\/uploads\/2016\/04\/Rural1.jpg\" data-orig-size=\"530,350\" data-comments-opened=\"1\" data-image-meta=\"{&quot;aperture&quot;:&quot;0&quot;,&quot;credit&quot;:&quot;&quot;,&quot;camera&quot;:&quot;&quot;,&quot;caption&quot;:&quot;&quot;,&quot;created_timestamp&quot;:&quot;0&quot;,&quot;copyright&quot;:&quot;&quot;,&quot;focal_length&quot;:&quot;0&quot;,&quot;iso&quot;:&quot;0&quot;,&quot;shutter_speed&quot;:&quot;0&quot;,&quot;title&quot;:&quot;&quot;,&quot;orientation&quot;:&quot;0&quot;}\" data-image-title=\"SIEMPRE ALEGRES.- Decenas de estudiantes disfrutaron de los actos conmemorativos a la educaci\u00f3n rural que se realiz\u00f3 en esta escuela sanfelipe\u00f1a.\" data-image-description=\"&lt;p&gt;SIEMPRE ALEGRES.- Decenas de estudiantes disfrutaron de los actos conmemorativos a la educaci\u00f3n rural que se realiz\u00f3 en esta escuela sanfelipe\u00f1a.&lt;\/p&gt; \" data-medium-file=\"https:\/\/i0.wp.com\/eltrabajo.cl\/portal\/wp-content\/uploads\/2016\/04\/Rural1.jpg?fit=300%2C198&#038;ssl=1\" data-large-file=\"https:\/\/i0.wp.com\/eltrabajo.cl\/portal\/wp-content\/uploads\/2016\/04\/Rural1.jpg?fit=530%2C350&#038;ssl=1\" src=\"https:\/\/i0.wp.com\/eltrabajo.cl\/portal\/wp-content\/uploads\/2016\/04\/Rural1.jpg?w=156&#038;h=103&#038;ssl=1\" srcset=\"https:\/\/i0.wp.com\/eltrabajo.cl\/portal\/wp-content\/uploads\/2016\/04\/Rural1.jpg?w=530&amp;ssl=1 530w, https:\/\/i0.wp.com\/eltrabajo.cl\/portal\/wp-content\/uploads\/2016\/04\/Rural1.jpg?resize=200%2C132&amp;ssl=1 200w, https:\/\/i0.wp.com\/eltrabajo.cl\/portal\/wp-content\/uploads\/2016\/04\/Rural1.jpg?resize=300%2C198&amp;ssl=1 300w, https:\/\/i0.wp.com\/eltrabajo.cl\/portal\/wp-content\/uploads\/2016\/04\/Rural1.jpg?resize=227%2C150&amp;ssl=1 227w, https:\/\/i0.wp.com\/eltrabajo.cl\/portal\/wp-content\/uploads\/2016\/04\/Rural1.jpg?resize=400%2C264&amp;ssl=1 400w\" width=\"156\" height=\"103\" loading=\"lazy\" data-original-width=\"156\" data-original-height=\"103\" itemprop=\"http:\/\/schema.org\/image\" title=\"SIEMPRE ALEGRES.- Decenas de estudiantes disfrutaron de los actos conmemorativos a la educaci\u00f3n rural que se realiz\u00f3 en esta escuela sanfelipe\u00f1a.\" alt=\"SIEMPRE ALEGRES.- Decenas de estudiantes disfrutaron de los actos conmemorativos a la educaci\u00f3n rural que se realiz\u00f3 en esta escuela sanfelipe\u00f1a.\" style=\"width: 156px; height: 103px;\" \/> <\/a> <div class=\"tiled-gallery-caption\" itemprop=\"caption description\"> SIEMPRE ALEGRES.- Decenas de estudiantes disfrutaron de los actos conmemorativos a la educaci\u00f3n rural que se realiz\u00f3 en esta escuela sanfelipe\u00f1a. <\/div> <\/div> <\/div> <!-- close group --> <div class=\"gallery-group images-1\" style=\"width: 160px; height: 107px;\" data-original-width=\"160\" data-original-height=\"107\" > <div class=\"tiled-gallery-item tiled-gallery-item-small\" itemprop=\"associatedMedia\" itemscope itemtype=\"http:\/\/schema.org\/ImageObject\"> <a href=\"https:\/\/eltrabajo.cl\/portal\/inauguran-nuevo-huerto-para-celebrar-el-dia-de-la-educacion-rural\/portada33-2\/\" border=\"0\" itemprop=\"url\"> <meta itemprop=\"width\" content=\"156\"> <meta itemprop=\"height\" content=\"103\"> <img decoding=\"async\" class=\"\" data-attachment-id=\"68542\" data-orig-file=\"https:\/\/eltrabajo.cl\/portal\/wp-content\/uploads\/2016\/04\/Portada33.jpg\" data-orig-size=\"530,350\" data-comments-opened=\"1\" data-image-meta=\"{&quot;aperture&quot;:&quot;0&quot;,&quot;credit&quot;:&quot;&quot;,&quot;camera&quot;:&quot;&quot;,&quot;caption&quot;:&quot;&quot;,&quot;created_timestamp&quot;:&quot;0&quot;,&quot;copyright&quot;:&quot;&quot;,&quot;focal_length&quot;:&quot;0&quot;,&quot;iso&quot;:&quot;0&quot;,&quot;shutter_speed&quot;:&quot;0&quot;,&quot;title&quot;:&quot;&quot;,&quot;orientation&quot;:&quot;0&quot;}\" data-image-title=\"HUERTO ESCOLAR.- La directora de la Escuela Mateo Cokljat de Tierras Blancas fue la encargada de cortar la cinta del huerto, atr\u00e1s, los peque\u00f1os y apoderados esperaban ansiosos el momento de entrar al mismo con sus plantas.\" data-image-description=\"&lt;p&gt;HUERTO ESCOLAR.- La directora de la Escuela Mateo Cokljat de Tierras Blancas fue la encargada de cortar la cinta del huerto, atr\u00e1s, los peque\u00f1os y apoderados esperaban ansiosos el momento de entrar al mismo con sus plantas.&lt;\/p&gt; \" data-medium-file=\"https:\/\/i0.wp.com\/eltrabajo.cl\/portal\/wp-content\/uploads\/2016\/04\/Portada33.jpg?fit=300%2C198&#038;ssl=1\" data-large-file=\"https:\/\/i0.wp.com\/eltrabajo.cl\/portal\/wp-content\/uploads\/2016\/04\/Portada33.jpg?fit=530%2C350&#038;ssl=1\" src=\"https:\/\/i0.wp.com\/eltrabajo.cl\/portal\/wp-content\/uploads\/2016\/04\/Portada33.jpg?w=156&#038;h=103&#038;ssl=1\" srcset=\"https:\/\/i0.wp.com\/eltrabajo.cl\/portal\/wp-content\/uploads\/2016\/04\/Portada33.jpg?w=530&amp;ssl=1 530w, https:\/\/i0.wp.com\/eltrabajo.cl\/portal\/wp-content\/uploads\/2016\/04\/Portada33.jpg?resize=200%2C132&amp;ssl=1 200w, https:\/\/i0.wp.com\/eltrabajo.cl\/portal\/wp-content\/uploads\/2016\/04\/Portada33.jpg?resize=300%2C198&amp;ssl=1 300w, https:\/\/i0.wp.com\/eltrabajo.cl\/portal\/wp-content\/uploads\/2016\/04\/Portada33.jpg?resize=227%2C150&amp;ssl=1 227w, https:\/\/i0.wp.com\/eltrabajo.cl\/portal\/wp-content\/uploads\/2016\/04\/Portada33.jpg?resize=400%2C264&amp;ssl=1 400w\" width=\"156\" height=\"103\" loading=\"lazy\" data-original-width=\"156\" data-original-height=\"103\" itemprop=\"http:\/\/schema.org\/image\" title=\"HUERTO ESCOLAR.- La directora de la Escuela Mateo Cokljat de Tierras Blancas fue la encargada de cortar la cinta del huerto, atr\u00e1s, los peque\u00f1os y apoderados esperaban ansiosos el momento de entrar al mismo con sus plantas.\" alt=\"HUERTO ESCOLAR.- La directora de la Escuela Mateo Cokljat de Tierras Blancas fue la encargada de cortar la cinta del huerto, atr\u00e1s, los peque\u00f1os y apoderados esperaban ansiosos el momento de entrar al mismo con sus plantas.\" style=\"width: 156px; height: 103px;\" \/> <\/a> <div class=\"tiled-gallery-caption\" itemprop=\"caption description\"> HUERTO ESCOLAR.- La directora de la Escuela Mateo Cokljat de Tierras Blancas fue la encargada de cortar la cinta del huerto, atr\u00e1s, los peque\u00f1os y apoderados esperaban ansiosos el momento de entrar al mismo con sus plantas. <\/div> <\/div> <\/div> <!-- close group --> <\/div> <!-- close row --> <\/div>\n","protected":false},"excerpt":{"rendered":"<p>Escuela Mateo Cokljat con sello Medioambiente: Ayer 7 de abril en Chile fue celebrado el D\u00eda de la educaci\u00f3n rural, establecido por ser el d\u00eda del natalicio de nuestra gran poetisa y&#8230;<\/p>\n","protected":false},"author":1,"featured_media":68542,"comment_status":"open","ping_status":"open","sticky":false,"template":"","format":"standard","meta":{"advanced_seo_description":"","jetpack_seo_html_title":"","jetpack_seo_noindex":false,"_jetpack_memberships_contains_paid_content":false,"footnotes":""},"categories":[15],"tags":[],"class_list":["post-68540","post","type-post","status-publish","format-standard","has-post-thumbnail","hentry","category-comunidad"],"jetpack_featured_media_url":"https:\/\/i0.wp.com\/eltrabajo.cl\/portal\/wp-content\/uploads\/2016\/04\/Portada33.jpg?fit=530%2C350&ssl=1","jetpack_sharing_enabled":true,"jetpack_likes_enabled":true,"jetpack-related-posts":[],"_links":{"self":[{"href":"https:\/\/eltrabajo.cl\/portal\/wp-json\/wp\/v2\/posts\/68540","targetHints":{"allow":["GET"]}}],"collection":[{"href":"https:\/\/eltrabajo.cl\/portal\/wp-json\/wp\/v2\/posts"}],"about":[{"href":"https:\/\/eltrabajo.cl\/portal\/wp-json\/wp\/v2\/types\/post"}],"author":[{"embeddable":true,"href":"https:\/\/eltrabajo.cl\/portal\/wp-json\/wp\/v2\/users\/1"}],"replies":[{"embeddable":true,"href":"https:\/\/eltrabajo.cl\/portal\/wp-json\/wp\/v2\/comments?post=68540"}],"version-history":[{"count":0,"href":"https:\/\/eltrabajo.cl\/portal\/wp-json\/wp\/v2\/posts\/68540\/revisions"}],"wp:featuredmedia":[{"embeddable":true,"href":"https:\/\/eltrabajo.cl\/portal\/wp-json\/wp\/v2\/media\/68542"}],"wp:attachment":[{"href":"https:\/\/eltrabajo.cl\/portal\/wp-json\/wp\/v2\/media?parent=68540"}],"wp:term":[{"taxonomy":"category","embeddable":true,"href":"https:\/\/eltrabajo.cl\/portal\/wp-json\/wp\/v2\/categories?post=68540"},{"taxonomy":"post_tag","embeddable":true,"href":"https:\/\/eltrabajo.cl\/portal\/wp-json\/wp\/v2\/tags?post=68540"}],"curies":[{"name":"wp","href":"https:\/\/api.w.org\/{rel}","templated":true}]}}