{"id":68549,"date":"2016-04-08T09:16:43","date_gmt":"2016-04-08T12:16:43","guid":{"rendered":"http:\/\/www.eltrabajo.cl\/portal\/?p=68549"},"modified":"2016-04-08T09:16:43","modified_gmt":"2016-04-08T12:16:43","slug":"sorprendio-a-ladron-en-el-living-de-su-casa-a-plena-luz-del-dia","status":"publish","type":"post","link":"https:\/\/eltrabajo.cl\/portal\/sorprendio-a-ladron-en-el-living-de-su-casa-a-plena-luz-del-dia\/","title":{"rendered":"Sorprendi\u00f3 a ladr\u00f3n en el living de su casa a plena luz del d\u00eda"},"content":{"rendered":"<p><strong>V\u00edctima se encontr\u00f3 a boca de jarro con el antisocial quien trat\u00f3 de escapar pero fue detenido por Carabineros.<\/strong><br \/>\n<strong>LOS ANDES.-<\/strong> Una due\u00f1a de casa domiciliada en la poblaci\u00f3n V\u00eda Libre sorprendi\u00f3 in fraganti y a plena luz del d\u00eda a un peligroso delincuente habitual que hab\u00eda entrado a robar.<br \/>\nLa v\u00edctima se encontraba preparando almuerzo cuando sinti\u00f3 ruidos en el comedor y al ir a ver sorprendi\u00f3 al ladr\u00f3n que hab\u00eda ingresado a robar.<br \/>\nEl antisocial iba saliendo por la puerta principal de la casa y al advertir la presencia de la mujer corri\u00f3 hacia el antejard\u00edn donde escal\u00f3 una pandereta para alcanzar la calle.<br \/>\nLa afectada al revisar las dependencias del inmueble se percata que el malviviente se hab\u00eda apoderado de un reproductor DVD marca Master G y que la puerta de acceso al domicilio estaba forzada.<br \/>\nAnte ello la mujer se contact\u00f3 en forma inmediata con Carabineros denunciando el robo y entregando las caracter\u00edsticas f\u00edsicas y de vestimentas del antisocial, particularmente el hecho que vest\u00eda una camiseta de color celeste del club Manchester City con el N\u00ba 42 en la espalda perteneciente al jugado Yaya Toure.<br \/>\nCon estos antecedentes, Carabineros iniciaron un patrullaje y cerca de las 15:20 horas divisan en la esquina de los pasajes Pelantaro y Andali\u00e9n en la poblaci\u00f3n Alonso de Ercilla a un sujeto que llevaba la camiseta descrita por la v\u00edctima y que adem\u00e1s portaba una mochila en la espalda.<br \/>\nAl efectuarle un control de identidad y revisar la mochila se encontr\u00f3 el DVD robado en el inmueble de la afectada el que fue avaluado en la suma de 50 mil pesos.<br \/>\nEl antisocial fue identificado como Jorge Beroiza Benavides, quien tiene causas por hurto y maltrato de obra a Carabineros en servicio.<br \/>\nUna vez puesto a disposici\u00f3n del Tribunal de Garant\u00eda de Los Andes fue formalizado por robo en lugar habitado y qued\u00f3 en prisi\u00f3n preventiva por los tres meses que durar\u00e1 la investigaci\u00f3n, ya que su libertad fue considerada por la jueza Pamela Peralta como un peligro para la seguridad de la sociedad.<\/p>\n<figure id=\"attachment_68550\" aria-describedby=\"caption-attachment-68550\" style=\"width: 530px\" class=\"wp-caption alignleft\"><a href=\"http:\/\/www.eltrabajo.cl\/portal\/sorprendio-a-ladron-en-el-living-de-su-casa-a-plena-luz-del-dia\/jorge-beroiza\/\" rel=\"attachment wp-att-68550\"><img data-recalc-dims=\"1\" loading=\"lazy\" decoding=\"async\" class=\"size-full wp-image-68550\" src=\"https:\/\/i0.wp.com\/www.eltrabajo.cl\/portal\/wp-content\/uploads\/2016\/04\/jorge-beroiza.jpg?resize=530%2C349\" alt=\"Jorge Beroiza Benavides tiene causas por hurto y maltrato de obra a Carabineros en servicio.\" width=\"530\" height=\"349\" srcset=\"https:\/\/i0.wp.com\/eltrabajo.cl\/portal\/wp-content\/uploads\/2016\/04\/jorge-beroiza.jpg?w=530&amp;ssl=1 530w, https:\/\/i0.wp.com\/eltrabajo.cl\/portal\/wp-content\/uploads\/2016\/04\/jorge-beroiza.jpg?resize=200%2C132&amp;ssl=1 200w, https:\/\/i0.wp.com\/eltrabajo.cl\/portal\/wp-content\/uploads\/2016\/04\/jorge-beroiza.jpg?resize=300%2C198&amp;ssl=1 300w, https:\/\/i0.wp.com\/eltrabajo.cl\/portal\/wp-content\/uploads\/2016\/04\/jorge-beroiza.jpg?resize=228%2C150&amp;ssl=1 228w, https:\/\/i0.wp.com\/eltrabajo.cl\/portal\/wp-content\/uploads\/2016\/04\/jorge-beroiza.jpg?resize=400%2C263&amp;ssl=1 400w\" sizes=\"auto, (max-width: 530px) 100vw, 530px\" \/><\/a><figcaption id=\"caption-attachment-68550\" class=\"wp-caption-text\">Jorge Beroiza Benavides tiene causas por hurto y maltrato de obra a Carabineros en servicio.<\/figcaption><\/figure>\n","protected":false},"excerpt":{"rendered":"<p>V\u00edctima se encontr\u00f3 a boca de jarro con el antisocial quien trat\u00f3 de escapar pero fue detenido por Carabineros. LOS ANDES.- Una due\u00f1a de casa domiciliada en la poblaci\u00f3n V\u00eda Libre sorprendi\u00f3&#8230;<\/p>\n","protected":false},"author":1,"featured_media":68550,"comment_status":"open","ping_status":"open","sticky":false,"template":"","format":"standard","meta":{"advanced_seo_description":"","jetpack_seo_html_title":"","jetpack_seo_noindex":false,"_jetpack_memberships_contains_paid_content":false,"footnotes":""},"categories":[21],"tags":[],"class_list":["post-68549","post","type-post","status-publish","format-standard","has-post-thumbnail","hentry","category-policial"],"jetpack_featured_media_url":"https:\/\/i0.wp.com\/eltrabajo.cl\/portal\/wp-content\/uploads\/2016\/04\/jorge-beroiza.jpg?fit=530%2C349&ssl=1","jetpack_sharing_enabled":true,"jetpack_likes_enabled":true,"jetpack-related-posts":[],"_links":{"self":[{"href":"https:\/\/eltrabajo.cl\/portal\/wp-json\/wp\/v2\/posts\/68549","targetHints":{"allow":["GET"]}}],"collection":[{"href":"https:\/\/eltrabajo.cl\/portal\/wp-json\/wp\/v2\/posts"}],"about":[{"href":"https:\/\/eltrabajo.cl\/portal\/wp-json\/wp\/v2\/types\/post"}],"author":[{"embeddable":true,"href":"https:\/\/eltrabajo.cl\/portal\/wp-json\/wp\/v2\/users\/1"}],"replies":[{"embeddable":true,"href":"https:\/\/eltrabajo.cl\/portal\/wp-json\/wp\/v2\/comments?post=68549"}],"version-history":[{"count":0,"href":"https:\/\/eltrabajo.cl\/portal\/wp-json\/wp\/v2\/posts\/68549\/revisions"}],"wp:featuredmedia":[{"embeddable":true,"href":"https:\/\/eltrabajo.cl\/portal\/wp-json\/wp\/v2\/media\/68550"}],"wp:attachment":[{"href":"https:\/\/eltrabajo.cl\/portal\/wp-json\/wp\/v2\/media?parent=68549"}],"wp:term":[{"taxonomy":"category","embeddable":true,"href":"https:\/\/eltrabajo.cl\/portal\/wp-json\/wp\/v2\/categories?post=68549"},{"taxonomy":"post_tag","embeddable":true,"href":"https:\/\/eltrabajo.cl\/portal\/wp-json\/wp\/v2\/tags?post=68549"}],"curies":[{"name":"wp","href":"https:\/\/api.w.org\/{rel}","templated":true}]}}