{"id":68553,"date":"2016-04-08T09:18:20","date_gmt":"2016-04-08T12:18:20","guid":{"rendered":"http:\/\/www.eltrabajo.cl\/portal\/?p=68553"},"modified":"2016-04-08T09:18:20","modified_gmt":"2016-04-08T12:18:20","slug":"estudiantes-andinos-conmemoran-el-natalicio-de-gabriela-mistral","status":"publish","type":"post","link":"https:\/\/eltrabajo.cl\/portal\/estudiantes-andinos-conmemoran-el-natalicio-de-gabriela-mistral\/","title":{"rendered":"Estudiantes andinos conmemoran el natalicio de Gabriela Mistral"},"content":{"rendered":"<p><strong>Poetisa Gabriela Mistral fue recordada en una actividad en la plaza de armas donde asistieron alumnos de diferentes colegios.<\/strong><br \/>\n<strong> LOS ANDES.-<\/strong> La Plaza de Armas de la comuna fue el escenario escogido por las autoridades para conmemorar los 127 a\u00f1os del nacimiento de Lucila Godoy Alcacaya, conocida mundialmente como Gabriela Mistral.<br \/>\nLucila Godoy naci\u00f3 en Vicu\u00f1a un 7 de abril de 1889, pero fue durante su estad\u00eda en la ciudad de Los Andes donde escribi\u00f3 los \u2018Sonetos de la Muerte\u2019 y de dio a conocer al mundo como Gabriela Mistral.<br \/>\nEn la actividad se dieron cita delegaciones de diversos colegios de la ciudad quienes hicieron rondas alrededor de la pila recordar sus poemas.<br \/>\nTambi\u00e9n hubo lecturas po\u00e9ticas a cargo de diferentes oradores, destacando la presentaci\u00f3n de Sonia Ruiz Fern\u00e1ndez.<br \/>\nEl alcalde Mauricio Navarro se\u00f1al\u00f3 que esta conmemoraci\u00f3n forma parte de las actividades que desde la educaci\u00f3n p\u00fablica municipal desarrolla para reconocer un patrimonio de nuestra ciudad, de nuestro pa\u00eds y de nuestra Latinoam\u00e9rica.<br \/>\n\u201cHoy nos encontramos celebrando el natalicio y esta es una actividad que se organiza a trav\u00e9s del municipio andino, Daem y la Biblioteca Municipal lo cual involucra a alumnos de distintos establecimientos de la ciudad de Los Andes y fundamentalmente es poner en valor y reconocer la obra, el trabajo, la ense\u00f1anza y el testimonio de Gabriela Mistral. Hace muy poco nosotros celebr\u00e1bamos los 100 a\u00f1os de los \u2018Sonetos de la Muerte\u2019 y en el d\u00eda de hoy es conveniente permanentemente poner en valor y tener presente la presencia y la figura de Gabriela Mistral ya que nace como tal en nuestra ciudad de Los Andes\u201d, expuso la autoridad comunal.<br \/>\nPor su parte, la Gobernadora Mar\u00eda Victoria Rodr\u00edguez indic\u00f3 que \u201ceste es un lindo acto con la participaci\u00f3n de colegios de la ciudad de Los Andes, ya que la ciudad de Los Andes est\u00e1 muy relacionada con Gabriela Mistral, pues si bien Lucila Godoy naci\u00f3 en Vicu\u00f1a, su seud\u00f3nimo que la hizo famosa y que signific\u00f3 que llegara a obtener el premio nobel siendo la primera mujer Latinoamericana en conseguirlo, naci\u00f3 en Los Andes, por lo tanto es bueno y bonito que los ni\u00f1os se relacionen con sus poes\u00edas, rondas, donde hoy hemos tenido una actividad muy hermosa con los ni\u00f1os y profesores quienes han podidos disfrutar y escuchar adem\u00e1s un coro con las rondas de Gabriela Mistral, poes\u00edas de la poetisa y creo que le hemos hecho un lindo homenaje desde la ciudad de Los Andes y organizado por su municipalidad.<\/p>\n<figure id=\"attachment_68554\" aria-describedby=\"caption-attachment-68554\" style=\"width: 530px\" class=\"wp-caption alignleft\"><a href=\"http:\/\/www.eltrabajo.cl\/portal\/estudiantes-andinos-conmemoran-el-natalicio-de-gabriela-mistral\/aniversario-natalicio-de-gabriela-mistral\/\" rel=\"attachment wp-att-68554\"><img data-recalc-dims=\"1\" loading=\"lazy\" decoding=\"async\" class=\"size-full wp-image-68554\" src=\"https:\/\/i0.wp.com\/www.eltrabajo.cl\/portal\/wp-content\/uploads\/2016\/04\/Aniversario-natalicio-de-Gabriela-Mistral.jpg?resize=530%2C350\" alt=\"El alcalde Mauricio Navarro, la gobernadora Mar\u00eda Victoria Rodr\u00edguez junto a estudiantes de la comuna, participaron de la conmemoraci\u00f3n del natalicio de Gabriela Mistral.\" width=\"530\" height=\"350\" srcset=\"https:\/\/i0.wp.com\/eltrabajo.cl\/portal\/wp-content\/uploads\/2016\/04\/Aniversario-natalicio-de-Gabriela-Mistral.jpg?w=530&amp;ssl=1 530w, https:\/\/i0.wp.com\/eltrabajo.cl\/portal\/wp-content\/uploads\/2016\/04\/Aniversario-natalicio-de-Gabriela-Mistral.jpg?resize=200%2C132&amp;ssl=1 200w, https:\/\/i0.wp.com\/eltrabajo.cl\/portal\/wp-content\/uploads\/2016\/04\/Aniversario-natalicio-de-Gabriela-Mistral.jpg?resize=300%2C198&amp;ssl=1 300w, https:\/\/i0.wp.com\/eltrabajo.cl\/portal\/wp-content\/uploads\/2016\/04\/Aniversario-natalicio-de-Gabriela-Mistral.jpg?resize=227%2C150&amp;ssl=1 227w, https:\/\/i0.wp.com\/eltrabajo.cl\/portal\/wp-content\/uploads\/2016\/04\/Aniversario-natalicio-de-Gabriela-Mistral.jpg?resize=400%2C264&amp;ssl=1 400w\" sizes=\"auto, (max-width: 530px) 100vw, 530px\" \/><\/a><figcaption id=\"caption-attachment-68554\" class=\"wp-caption-text\">El alcalde Mauricio Navarro, la gobernadora Mar\u00eda Victoria Rodr\u00edguez junto a estudiantes de la comuna, participaron de la conmemoraci\u00f3n del natalicio de Gabriela Mistral.<\/figcaption><\/figure>\n","protected":false},"excerpt":{"rendered":"<p>Poetisa Gabriela Mistral fue recordada en una actividad en la plaza de armas donde asistieron alumnos de diferentes colegios. LOS ANDES.- La Plaza de Armas de la comuna fue el escenario escogido&#8230;<\/p>\n","protected":false},"author":1,"featured_media":68554,"comment_status":"open","ping_status":"open","sticky":false,"template":"","format":"standard","meta":{"advanced_seo_description":"","jetpack_seo_html_title":"","jetpack_seo_noindex":false,"_jetpack_memberships_contains_paid_content":false,"footnotes":""},"categories":[15],"tags":[],"class_list":["post-68553","post","type-post","status-publish","format-standard","has-post-thumbnail","hentry","category-comunidad"],"jetpack_featured_media_url":"https:\/\/i0.wp.com\/eltrabajo.cl\/portal\/wp-content\/uploads\/2016\/04\/Aniversario-natalicio-de-Gabriela-Mistral.jpg?fit=530%2C350&ssl=1","jetpack_sharing_enabled":true,"jetpack_likes_enabled":true,"jetpack-related-posts":[],"_links":{"self":[{"href":"https:\/\/eltrabajo.cl\/portal\/wp-json\/wp\/v2\/posts\/68553","targetHints":{"allow":["GET"]}}],"collection":[{"href":"https:\/\/eltrabajo.cl\/portal\/wp-json\/wp\/v2\/posts"}],"about":[{"href":"https:\/\/eltrabajo.cl\/portal\/wp-json\/wp\/v2\/types\/post"}],"author":[{"embeddable":true,"href":"https:\/\/eltrabajo.cl\/portal\/wp-json\/wp\/v2\/users\/1"}],"replies":[{"embeddable":true,"href":"https:\/\/eltrabajo.cl\/portal\/wp-json\/wp\/v2\/comments?post=68553"}],"version-history":[{"count":0,"href":"https:\/\/eltrabajo.cl\/portal\/wp-json\/wp\/v2\/posts\/68553\/revisions"}],"wp:featuredmedia":[{"embeddable":true,"href":"https:\/\/eltrabajo.cl\/portal\/wp-json\/wp\/v2\/media\/68554"}],"wp:attachment":[{"href":"https:\/\/eltrabajo.cl\/portal\/wp-json\/wp\/v2\/media?parent=68553"}],"wp:term":[{"taxonomy":"category","embeddable":true,"href":"https:\/\/eltrabajo.cl\/portal\/wp-json\/wp\/v2\/categories?post=68553"},{"taxonomy":"post_tag","embeddable":true,"href":"https:\/\/eltrabajo.cl\/portal\/wp-json\/wp\/v2\/tags?post=68553"}],"curies":[{"name":"wp","href":"https:\/\/api.w.org\/{rel}","templated":true}]}}