{"id":68566,"date":"2016-04-11T08:59:14","date_gmt":"2016-04-11T11:59:14","guid":{"rendered":"http:\/\/www.eltrabajo.cl\/portal\/?p=68566"},"modified":"2016-04-11T09:02:14","modified_gmt":"2016-04-11T12:02:14","slug":"embalse-chacrillas-no-tiene-nuevas-filtraciones-y-avanza-segun-lo-programado","status":"publish","type":"post","link":"https:\/\/eltrabajo.cl\/portal\/embalse-chacrillas-no-tiene-nuevas-filtraciones-y-avanza-segun-lo-programado\/","title":{"rendered":"Embalse Chacrillas no tiene nuevas filtraciones y avanza seg\u00fan lo programado"},"content":{"rendered":"<figure id=\"attachment_68567\" aria-describedby=\"caption-attachment-68567\" style=\"width: 300px\" class=\"wp-caption alignleft\"><a href=\"http:\/\/www.eltrabajo.cl\/portal\/embalse-chacrillas-no-tiene-nuevas-filtraciones-y-avanza-segun-lo-programado\/seremi-de-obras-publicas-2\/\" rel=\"attachment wp-att-68567\"><img data-recalc-dims=\"1\" loading=\"lazy\" decoding=\"async\" class=\"size-medium wp-image-68567\" src=\"https:\/\/i0.wp.com\/www.eltrabajo.cl\/portal\/wp-content\/uploads\/2016\/04\/Seremi-de-Obras-Publicas-300x198.jpg?resize=300%2C198\" alt=\"Miguel Saavedra, Seremi de Obras P\u00fablicas.\" width=\"300\" height=\"198\" srcset=\"https:\/\/i0.wp.com\/eltrabajo.cl\/portal\/wp-content\/uploads\/2016\/04\/Seremi-de-Obras-Publicas.jpg?resize=300%2C198&amp;ssl=1 300w, https:\/\/i0.wp.com\/eltrabajo.cl\/portal\/wp-content\/uploads\/2016\/04\/Seremi-de-Obras-Publicas.jpg?resize=200%2C132&amp;ssl=1 200w, https:\/\/i0.wp.com\/eltrabajo.cl\/portal\/wp-content\/uploads\/2016\/04\/Seremi-de-Obras-Publicas.jpg?resize=227%2C150&amp;ssl=1 227w, https:\/\/i0.wp.com\/eltrabajo.cl\/portal\/wp-content\/uploads\/2016\/04\/Seremi-de-Obras-Publicas.jpg?resize=400%2C264&amp;ssl=1 400w, https:\/\/i0.wp.com\/eltrabajo.cl\/portal\/wp-content\/uploads\/2016\/04\/Seremi-de-Obras-Publicas.jpg?w=530&amp;ssl=1 530w\" sizes=\"auto, (max-width: 300px) 100vw, 300px\" \/><\/a><figcaption id=\"caption-attachment-68567\" class=\"wp-caption-text\">Miguel Saavedra, Seremi de Obras P\u00fablicas.<\/figcaption><\/figure>\n<p><strong>PUTAENDO.-<\/strong> El secretario regional ministerial de Obras P\u00fablicas, Miguel Saavedra Lavanal aclar\u00f3 que el embalse Chacrillas no tiene nuevas filtraciones ni menos fisuras y se contin\u00faa trabajando en la impermeabilizaci\u00f3n de esta mega obra para el riego de la comuna.<br \/>\nSaavedra record\u00f3 que el a\u00f1o pasado cuando se termin\u00f3 la obra principal se inici\u00f3 el llenado del primer tercio con los deshielos de noviembre y diciembre y se evidenciaron filtraciones en la caverna de v\u00e1lvulas. Precis\u00f3 que se trata de algo com\u00fan en este tipo de obras, y justamente es por eso que el protocolo de llenado se va haciendo de esta en forma paulatina para ir detectando algunas filtraciones e impermeabilizarlas.<br \/>\nExplic\u00f3 que ning\u00fan embalse es cien por ciento impermeable, siempre hay que hacer este tipo de trabajos posteriores, pero se debe tener claro que la obra principal de acumulaci\u00f3n est\u00e1 bien.<br \/>\nHoy se est\u00e1 trabajando en estas inyecciones complementarias que est\u00e1n dentro del plan de trabajo de la obras finales del Embalse Chacrillas y de aqu\u00ed a septiembre est\u00e1 considerado concluir estas faenas de t\u00e9rmino del embalse para que con los deshielos que se producen pasado el invierno se empiece a llenar el embalse, m\u00e1s que con las lluvias.<br \/>\n\u201cLo importante es que la obra principal est\u00e1 finalizada y estamos realizando estas impermeabilizaciones complementarias; adem\u00e1s, en la temporada pasada se lograron acumular 4 millones de metros c\u00fabicos que fueron utilizados por los agricultores y esperamos en septiembre poder nuevamente estar en condiciones de seguir acumulando m\u00e1s volumen de agua en el embalse\u201d, dijo el seremi.<br \/>\nEl gobernador de San Felipe, Eduardo Le\u00f3n dijo que el embalse no presenta da\u00f1os. \u201cEl Ministerio de Obras P\u00fablicas ha descartado cualquier desperfecto en las obras civiles, cualquier grieta as\u00ed que llamamos a la tranquilidad, todo sigue en lo planificado, el embalse Chacrillas contin\u00faa su construcci\u00f3n as\u00ed que llamamos a los agricultores y a cualquier persona ante cualquier duda acercarse a la Gobernaci\u00f3n o al Ministerio de Obras P\u00fablicas\u201d, explic\u00f3.<br \/>\nEl seremi de OO.PP. precis\u00f3 que ahora que estos 4 millones de metros c\u00fabicos ya fueron utilizados la caverna qued\u00f3 nuevamente sin la carga de agua y se puede avanzar en mejorar su impermeabilizaci\u00f3n. La autoridad recalc\u00f3 que no se trata de fisuras, sino filtraciones que se producen por la geolog\u00eda de las rocas en las que se apoya el embalse, son discontinuidades de roca que se generan y que forman parte de la geolog\u00eda misma del cerro.<br \/>\n<strong>Patricio Gallardo M.<\/strong><\/p>\n","protected":false},"excerpt":{"rendered":"<p>PUTAENDO.- El secretario regional ministerial de Obras P\u00fablicas, Miguel Saavedra Lavanal aclar\u00f3 que el embalse Chacrillas no tiene nuevas filtraciones ni menos fisuras y se contin\u00faa trabajando en la impermeabilizaci\u00f3n de esta&#8230;<\/p>\n","protected":false},"author":1,"featured_media":68567,"comment_status":"open","ping_status":"open","sticky":false,"template":"","format":"standard","meta":{"advanced_seo_description":"","jetpack_seo_html_title":"","jetpack_seo_noindex":false,"_jetpack_memberships_contains_paid_content":false,"footnotes":""},"categories":[1],"tags":[],"class_list":["post-68566","post","type-post","status-publish","format-standard","has-post-thumbnail","hentry","category-cronica"],"jetpack_featured_media_url":"https:\/\/i0.wp.com\/eltrabajo.cl\/portal\/wp-content\/uploads\/2016\/04\/Seremi-de-Obras-Publicas.jpg?fit=530%2C350&ssl=1","jetpack_sharing_enabled":true,"jetpack_likes_enabled":true,"jetpack-related-posts":[],"_links":{"self":[{"href":"https:\/\/eltrabajo.cl\/portal\/wp-json\/wp\/v2\/posts\/68566","targetHints":{"allow":["GET"]}}],"collection":[{"href":"https:\/\/eltrabajo.cl\/portal\/wp-json\/wp\/v2\/posts"}],"about":[{"href":"https:\/\/eltrabajo.cl\/portal\/wp-json\/wp\/v2\/types\/post"}],"author":[{"embeddable":true,"href":"https:\/\/eltrabajo.cl\/portal\/wp-json\/wp\/v2\/users\/1"}],"replies":[{"embeddable":true,"href":"https:\/\/eltrabajo.cl\/portal\/wp-json\/wp\/v2\/comments?post=68566"}],"version-history":[{"count":0,"href":"https:\/\/eltrabajo.cl\/portal\/wp-json\/wp\/v2\/posts\/68566\/revisions"}],"wp:featuredmedia":[{"embeddable":true,"href":"https:\/\/eltrabajo.cl\/portal\/wp-json\/wp\/v2\/media\/68567"}],"wp:attachment":[{"href":"https:\/\/eltrabajo.cl\/portal\/wp-json\/wp\/v2\/media?parent=68566"}],"wp:term":[{"taxonomy":"category","embeddable":true,"href":"https:\/\/eltrabajo.cl\/portal\/wp-json\/wp\/v2\/categories?post=68566"},{"taxonomy":"post_tag","embeddable":true,"href":"https:\/\/eltrabajo.cl\/portal\/wp-json\/wp\/v2\/tags?post=68566"}],"curies":[{"name":"wp","href":"https:\/\/api.w.org\/{rel}","templated":true}]}}