{"id":68570,"date":"2016-04-11T09:08:35","date_gmt":"2016-04-11T12:08:35","guid":{"rendered":"http:\/\/www.eltrabajo.cl\/portal\/?p=68570"},"modified":"2016-04-11T09:08:35","modified_gmt":"2016-04-11T12:08:35","slug":"empezaron-las-clases-para-muchos-vecinos-en-la-escuela-del-dirigente","status":"publish","type":"post","link":"https:\/\/eltrabajo.cl\/portal\/empezaron-las-clases-para-muchos-vecinos-en-la-escuela-del-dirigente\/","title":{"rendered":"Empezaron las clases para muchos vecinos en la Escuela del Dirigente"},"content":{"rendered":"<p><strong>Estudiantes se capacitan para poder servir mejor a la comunidad:<\/strong><br \/>\nDo\u00f1a Mar\u00eda Teresa Concha Fuentealba es una t\u00e9cnico farmac\u00e9utica que ya jubil\u00f3 hace algunos a\u00f1os despu\u00e9s de laborar en varias farmacias de Santiago; tiene 58 a\u00f1os; es madre de un hijo de 23 y sufre de artrosis degenerativa, por lo que desde hace dos a\u00f1os participa como usuaria en el Grupo Avanzar con Alegr\u00eda, en donde, seg\u00fan lo asegura ella misma, \u00ablogro salir de la rutina; interesarme en nuevas actividades y tambi\u00e9n servir a otras personas\u00bb. Tambi\u00e9n do\u00f1a Teresa es parte de la Escuela de Dirigentes Generaci\u00f3n 2016 que este s\u00e1bado dio el vamos oficial en este nuevo a\u00f1o de actividades. Esta es una iniciativa que impulsa el Departamento de Organizaciones Comunitarias, dependiente de la Dideco de la municipalidad de San Felipe.<\/p>\n<p><strong>NUEVO DESAF\u00cdO<\/strong><br \/>\nDiario El Trabajo habl\u00f3 con Alicia Nicloux, coordinadora del Departamento de Organizaciones Comunitarias sobre este nuevo desaf\u00edo por superar. \u00abSe trata de una iniciativa que se enmarca en la pol\u00edtica de participaci\u00f3n ciudadana que ha caracterizado la administraci\u00f3n del alcalde Patricio Freire, quien ha definido la necesidad de fortalecer este tipo de acciones que permitan empoderar y entregar la mayor cantidad de conocimientos e informaci\u00f3n a los vecinos, a objeto de que puedan ser actores protag\u00f3nicos en el proceso de desarrollo comunal, la Fundaci\u00f3n Servicio Pa\u00eds para la superaci\u00f3n de la pobreza, con sede en Santiago, tambi\u00e9n est\u00e1 involucrada en este complejo proyecto municipal de desarrollo comunitario\u00bb, dijo Nicloux.<\/p>\n<p><strong>DIRIGENTES PROPONEN<\/strong><br \/>\n\u00abEsta escuela del dirigente trabaja por grados, as\u00ed, en cuatro a\u00f1os capacita a dirigentes y a quienes no lo son, hasta convertirlos en expertos l\u00edderes capaces de manejar postulaciones de proyectos en beneficio de sus vecinos, lo que les facilita los tr\u00e1mites, pues las postulaciones son presentadas correctamente, es una gran bendici\u00f3n que estos dirigentes y futuros dirigentes inviertan este valioso tiempo en servir a sus vecinos, por eso como Municipio los estamos apoyando. Lo bueno tambi\u00e9n es que los propios dirigentes desde 2011, cuando naci\u00f3 la escuela, ellos mismos presentan ideas y proyectos, lo que significa trabajar muy de cerca con las necesidades de estas juntas vecinales e instituciones comunales\u00bb, coment\u00f3 a Diario El Trabajo el alcalde Patricio Freire, quien asisti\u00f3 a la actividad en compa\u00f1\u00eda personeros de Dideco, Carabineros, PDI y el concejal Ricardo Covarrubias.<br \/>\n<strong>Roberto Gonz\u00e1lez Short<\/strong><br \/>\n<strong>rgonzalez@eltrabajo.cl<\/strong><\/p>\n<div class=\"tiled-gallery type-rectangular tiled-gallery-unresized\" data-original-width=\"640\" data-carousel-extra='null' itemscope itemtype=\"http:\/\/schema.org\/ImageGallery\" > <div class=\"gallery-row\" style=\"width: 640px; height: 283px;\" data-original-width=\"640\" data-original-height=\"283\" > <div class=\"gallery-group images-1\" style=\"width: 427px; height: 283px;\" data-original-width=\"427\" data-original-height=\"283\" > <div class=\"tiled-gallery-item tiled-gallery-item-large\" itemprop=\"associatedMedia\" itemscope itemtype=\"http:\/\/schema.org\/ImageObject\"> <a href=\"https:\/\/eltrabajo.cl\/portal\/empezaron-las-clases-para-muchos-vecinos-en-la-escuela-del-dirigente\/alicia-nicloux-4\/\" border=\"0\" itemprop=\"url\"> <meta itemprop=\"width\" content=\"423\"> <meta itemprop=\"height\" content=\"279\"> <img decoding=\"async\" class=\"\" data-attachment-id=\"68574\" data-orig-file=\"https:\/\/eltrabajo.cl\/portal\/wp-content\/uploads\/2016\/04\/Alicia-Nicloux.jpg\" data-orig-size=\"530,350\" data-comments-opened=\"1\" data-image-meta=\"{&quot;aperture&quot;:&quot;0&quot;,&quot;credit&quot;:&quot;&quot;,&quot;camera&quot;:&quot;&quot;,&quot;caption&quot;:&quot;&quot;,&quot;created_timestamp&quot;:&quot;0&quot;,&quot;copyright&quot;:&quot;&quot;,&quot;focal_length&quot;:&quot;0&quot;,&quot;iso&quot;:&quot;0&quot;,&quot;shutter_speed&quot;:&quot;0&quot;,&quot;title&quot;:&quot;&quot;,&quot;orientation&quot;:&quot;0&quot;}\" data-image-title=\"Alicia Nicloux, coordinadora del Departamento de Organizaciones Comunitarias.\" data-image-description=\"&lt;p&gt;Alicia Nicloux, coordinadora del Departamento de Organizaciones Comunitarias.&lt;\/p&gt; \" data-medium-file=\"https:\/\/i0.wp.com\/eltrabajo.cl\/portal\/wp-content\/uploads\/2016\/04\/Alicia-Nicloux.jpg?fit=300%2C198&#038;ssl=1\" data-large-file=\"https:\/\/i0.wp.com\/eltrabajo.cl\/portal\/wp-content\/uploads\/2016\/04\/Alicia-Nicloux.jpg?fit=530%2C350&#038;ssl=1\" src=\"https:\/\/i0.wp.com\/eltrabajo.cl\/portal\/wp-content\/uploads\/2016\/04\/Alicia-Nicloux.jpg?w=423&#038;h=279&#038;ssl=1\" srcset=\"https:\/\/i0.wp.com\/eltrabajo.cl\/portal\/wp-content\/uploads\/2016\/04\/Alicia-Nicloux.jpg?w=530&amp;ssl=1 530w, https:\/\/i0.wp.com\/eltrabajo.cl\/portal\/wp-content\/uploads\/2016\/04\/Alicia-Nicloux.jpg?resize=200%2C132&amp;ssl=1 200w, https:\/\/i0.wp.com\/eltrabajo.cl\/portal\/wp-content\/uploads\/2016\/04\/Alicia-Nicloux.jpg?resize=300%2C198&amp;ssl=1 300w, https:\/\/i0.wp.com\/eltrabajo.cl\/portal\/wp-content\/uploads\/2016\/04\/Alicia-Nicloux.jpg?resize=227%2C150&amp;ssl=1 227w, https:\/\/i0.wp.com\/eltrabajo.cl\/portal\/wp-content\/uploads\/2016\/04\/Alicia-Nicloux.jpg?resize=400%2C264&amp;ssl=1 400w\" width=\"423\" height=\"279\" loading=\"lazy\" data-original-width=\"423\" data-original-height=\"279\" itemprop=\"http:\/\/schema.org\/image\" title=\"Alicia Nicloux, coordinadora del Departamento de Organizaciones Comunitarias.\" alt=\"Alicia Nicloux, coordinadora del Departamento de Organizaciones Comunitarias.\" style=\"width: 423px; height: 279px;\" \/> <\/a> <div class=\"tiled-gallery-caption\" itemprop=\"caption description\"> Alicia Nicloux, coordinadora del Departamento de Organizaciones Comunitarias. <\/div> <\/div> <\/div> <!-- close group --> <div class=\"gallery-group images-2\" style=\"width: 213px; height: 283px;\" data-original-width=\"213\" data-original-height=\"283\" > <div class=\"tiled-gallery-item tiled-gallery-item-small\" itemprop=\"associatedMedia\" itemscope itemtype=\"http:\/\/schema.org\/ImageObject\"> <a href=\"https:\/\/eltrabajo.cl\/portal\/empezaron-las-clases-para-muchos-vecinos-en-la-escuela-del-dirigente\/teresa-concha\/\" border=\"0\" itemprop=\"url\"> <meta itemprop=\"width\" content=\"209\"> <meta itemprop=\"height\" content=\"137\"> <img decoding=\"async\" class=\"\" data-attachment-id=\"68573\" data-orig-file=\"https:\/\/eltrabajo.cl\/portal\/wp-content\/uploads\/2016\/04\/Teresa-Concha.jpg\" data-orig-size=\"530,348\" data-comments-opened=\"1\" data-image-meta=\"{&quot;aperture&quot;:&quot;0&quot;,&quot;credit&quot;:&quot;&quot;,&quot;camera&quot;:&quot;&quot;,&quot;caption&quot;:&quot;&quot;,&quot;created_timestamp&quot;:&quot;0&quot;,&quot;copyright&quot;:&quot;&quot;,&quot;focal_length&quot;:&quot;0&quot;,&quot;iso&quot;:&quot;0&quot;,&quot;shutter_speed&quot;:&quot;0&quot;,&quot;title&quot;:&quot;&quot;,&quot;orientation&quot;:&quot;0&quot;}\" data-image-title=\"NADIE LA DETIENE.- Do\u00f1a Teresa Concha es una de las usuarias de esta Escuela del Dirigente, quien ya estudia su segundo a\u00f1o.\" data-image-description=\"&lt;p&gt;NADIE LA DETIENE.- Do\u00f1a Teresa Concha es una de las usuarias de esta Escuela del Dirigente, quien ya estudia su segundo a\u00f1o.&lt;\/p&gt; \" data-medium-file=\"https:\/\/i0.wp.com\/eltrabajo.cl\/portal\/wp-content\/uploads\/2016\/04\/Teresa-Concha.jpg?fit=300%2C197&#038;ssl=1\" data-large-file=\"https:\/\/i0.wp.com\/eltrabajo.cl\/portal\/wp-content\/uploads\/2016\/04\/Teresa-Concha.jpg?fit=530%2C348&#038;ssl=1\" src=\"https:\/\/i0.wp.com\/eltrabajo.cl\/portal\/wp-content\/uploads\/2016\/04\/Teresa-Concha.jpg?w=209&#038;h=137&#038;ssl=1\" srcset=\"https:\/\/i0.wp.com\/eltrabajo.cl\/portal\/wp-content\/uploads\/2016\/04\/Teresa-Concha.jpg?w=530&amp;ssl=1 530w, https:\/\/i0.wp.com\/eltrabajo.cl\/portal\/wp-content\/uploads\/2016\/04\/Teresa-Concha.jpg?resize=200%2C131&amp;ssl=1 200w, https:\/\/i0.wp.com\/eltrabajo.cl\/portal\/wp-content\/uploads\/2016\/04\/Teresa-Concha.jpg?resize=300%2C197&amp;ssl=1 300w, https:\/\/i0.wp.com\/eltrabajo.cl\/portal\/wp-content\/uploads\/2016\/04\/Teresa-Concha.jpg?resize=228%2C150&amp;ssl=1 228w, https:\/\/i0.wp.com\/eltrabajo.cl\/portal\/wp-content\/uploads\/2016\/04\/Teresa-Concha.jpg?resize=400%2C263&amp;ssl=1 400w\" width=\"209\" height=\"137\" loading=\"lazy\" data-original-width=\"209\" data-original-height=\"137\" itemprop=\"http:\/\/schema.org\/image\" title=\"NADIE LA DETIENE.- Do\u00f1a Teresa Concha es una de las usuarias de esta Escuela del Dirigente, quien ya estudia su segundo a\u00f1o.\" alt=\"NADIE LA DETIENE.- Do\u00f1a Teresa Concha es una de las usuarias de esta Escuela del Dirigente, quien ya estudia su segundo a\u00f1o.\" style=\"width: 209px; height: 137px;\" \/> <\/a> <div class=\"tiled-gallery-caption\" itemprop=\"caption description\"> NADIE LA DETIENE.- Do\u00f1a Teresa Concha es una de las usuarias de esta Escuela del Dirigente, quien ya estudia su segundo a\u00f1o. <\/div> <\/div> <div class=\"tiled-gallery-item tiled-gallery-item-small\" itemprop=\"associatedMedia\" itemscope itemtype=\"http:\/\/schema.org\/ImageObject\"> <a href=\"https:\/\/eltrabajo.cl\/portal\/empezaron-las-clases-para-muchos-vecinos-en-la-escuela-del-dirigente\/publico3\/\" border=\"0\" itemprop=\"url\"> <meta itemprop=\"width\" content=\"209\"> <meta itemprop=\"height\" content=\"138\"> <img decoding=\"async\" class=\"\" data-attachment-id=\"68572\" data-orig-file=\"https:\/\/eltrabajo.cl\/portal\/wp-content\/uploads\/2016\/04\/Publico3.jpg\" data-orig-size=\"530,349\" data-comments-opened=\"1\" data-image-meta=\"{&quot;aperture&quot;:&quot;0&quot;,&quot;credit&quot;:&quot;&quot;,&quot;camera&quot;:&quot;&quot;,&quot;caption&quot;:&quot;&quot;,&quot;created_timestamp&quot;:&quot;0&quot;,&quot;copyright&quot;:&quot;&quot;,&quot;focal_length&quot;:&quot;0&quot;,&quot;iso&quot;:&quot;0&quot;,&quot;shutter_speed&quot;:&quot;0&quot;,&quot;title&quot;:&quot;&quot;,&quot;orientation&quot;:&quot;0&quot;}\" data-image-title=\"Publico3\" data-image-description=\"\" data-medium-file=\"https:\/\/i0.wp.com\/eltrabajo.cl\/portal\/wp-content\/uploads\/2016\/04\/Publico3.jpg?fit=300%2C198&#038;ssl=1\" data-large-file=\"https:\/\/i0.wp.com\/eltrabajo.cl\/portal\/wp-content\/uploads\/2016\/04\/Publico3.jpg?fit=530%2C349&#038;ssl=1\" src=\"https:\/\/i0.wp.com\/eltrabajo.cl\/portal\/wp-content\/uploads\/2016\/04\/Publico3.jpg?w=209&#038;h=138&#038;ssl=1\" srcset=\"https:\/\/i0.wp.com\/eltrabajo.cl\/portal\/wp-content\/uploads\/2016\/04\/Publico3.jpg?w=530&amp;ssl=1 530w, https:\/\/i0.wp.com\/eltrabajo.cl\/portal\/wp-content\/uploads\/2016\/04\/Publico3.jpg?resize=200%2C132&amp;ssl=1 200w, https:\/\/i0.wp.com\/eltrabajo.cl\/portal\/wp-content\/uploads\/2016\/04\/Publico3.jpg?resize=300%2C198&amp;ssl=1 300w, https:\/\/i0.wp.com\/eltrabajo.cl\/portal\/wp-content\/uploads\/2016\/04\/Publico3.jpg?resize=228%2C150&amp;ssl=1 228w, https:\/\/i0.wp.com\/eltrabajo.cl\/portal\/wp-content\/uploads\/2016\/04\/Publico3.jpg?resize=400%2C263&amp;ssl=1 400w\" width=\"209\" height=\"138\" loading=\"lazy\" data-original-width=\"209\" data-original-height=\"138\" itemprop=\"http:\/\/schema.org\/image\" title=\"Publico3\" alt=\"Publico3\" style=\"width: 209px; height: 138px;\" \/> <\/a> <\/div> <\/div> <!-- close group --> <\/div> <!-- close row --> <div class=\"gallery-row\" style=\"width: 640px; height: 422px;\" data-original-width=\"640\" data-original-height=\"422\" > <div class=\"gallery-group images-1\" style=\"width: 640px; height: 422px;\" data-original-width=\"640\" data-original-height=\"422\" > <div class=\"tiled-gallery-item tiled-gallery-item-large\" itemprop=\"associatedMedia\" itemscope itemtype=\"http:\/\/schema.org\/ImageObject\"> <a href=\"https:\/\/eltrabajo.cl\/portal\/empezaron-las-clases-para-muchos-vecinos-en-la-escuela-del-dirigente\/publico2\/\" border=\"0\" itemprop=\"url\"> <meta itemprop=\"width\" content=\"636\"> <meta itemprop=\"height\" content=\"418\"> <img decoding=\"async\" class=\"\" data-attachment-id=\"68571\" data-orig-file=\"https:\/\/eltrabajo.cl\/portal\/wp-content\/uploads\/2016\/04\/Publico2.jpg\" data-orig-size=\"530,348\" data-comments-opened=\"1\" data-image-meta=\"{&quot;aperture&quot;:&quot;0&quot;,&quot;credit&quot;:&quot;&quot;,&quot;camera&quot;:&quot;&quot;,&quot;caption&quot;:&quot;&quot;,&quot;created_timestamp&quot;:&quot;0&quot;,&quot;copyright&quot;:&quot;&quot;,&quot;focal_length&quot;:&quot;0&quot;,&quot;iso&quot;:&quot;0&quot;,&quot;shutter_speed&quot;:&quot;0&quot;,&quot;title&quot;:&quot;&quot;,&quot;orientation&quot;:&quot;0&quot;}\" data-image-title=\"MUCHO INTER\u00c9S.- Autoridades del m\u00e1s alto nivel de la PDI y Carabineros, mostraron gran inter\u00e9s en el desarrollo de esta actividad.\" data-image-description=\"&lt;p&gt;MUCHO INTER\u00c9S.- Autoridades del m\u00e1s alto nivel de la PDI y Carabineros, mostraron gran inter\u00e9s en el desarrollo de esta actividad.&lt;\/p&gt; \" data-medium-file=\"https:\/\/i0.wp.com\/eltrabajo.cl\/portal\/wp-content\/uploads\/2016\/04\/Publico2.jpg?fit=300%2C197&#038;ssl=1\" data-large-file=\"https:\/\/i0.wp.com\/eltrabajo.cl\/portal\/wp-content\/uploads\/2016\/04\/Publico2.jpg?fit=530%2C348&#038;ssl=1\" src=\"https:\/\/i0.wp.com\/eltrabajo.cl\/portal\/wp-content\/uploads\/2016\/04\/Publico2.jpg?w=636&#038;h=418&#038;ssl=1\" srcset=\"https:\/\/i0.wp.com\/eltrabajo.cl\/portal\/wp-content\/uploads\/2016\/04\/Publico2.jpg?w=530&amp;ssl=1 530w, https:\/\/i0.wp.com\/eltrabajo.cl\/portal\/wp-content\/uploads\/2016\/04\/Publico2.jpg?resize=200%2C131&amp;ssl=1 200w, https:\/\/i0.wp.com\/eltrabajo.cl\/portal\/wp-content\/uploads\/2016\/04\/Publico2.jpg?resize=300%2C197&amp;ssl=1 300w, https:\/\/i0.wp.com\/eltrabajo.cl\/portal\/wp-content\/uploads\/2016\/04\/Publico2.jpg?resize=228%2C150&amp;ssl=1 228w, https:\/\/i0.wp.com\/eltrabajo.cl\/portal\/wp-content\/uploads\/2016\/04\/Publico2.jpg?resize=400%2C263&amp;ssl=1 400w\" width=\"636\" height=\"418\" loading=\"lazy\" data-original-width=\"636\" data-original-height=\"418\" itemprop=\"http:\/\/schema.org\/image\" title=\"MUCHO INTER\u00c9S.- Autoridades del m\u00e1s alto nivel de la PDI y Carabineros, mostraron gran inter\u00e9s en el desarrollo de esta actividad.\" alt=\"MUCHO INTER\u00c9S.- Autoridades del m\u00e1s alto nivel de la PDI y Carabineros, mostraron gran inter\u00e9s en el desarrollo de esta actividad.\" style=\"width: 636px; height: 418px;\" \/> <\/a> <div class=\"tiled-gallery-caption\" itemprop=\"caption description\"> MUCHO INTER\u00c9S.- Autoridades del m\u00e1s alto nivel de la PDI y Carabineros, mostraron gran inter\u00e9s en el desarrollo de esta actividad. <\/div> <\/div> <\/div> <!-- close group --> <\/div> <!-- close row --> <\/div>\n","protected":false},"excerpt":{"rendered":"<p>Estudiantes se capacitan para poder servir mejor a la comunidad: Do\u00f1a Mar\u00eda Teresa Concha Fuentealba es una t\u00e9cnico farmac\u00e9utica que ya jubil\u00f3 hace algunos a\u00f1os despu\u00e9s de laborar en varias farmacias de&#8230;<\/p>\n","protected":false},"author":1,"featured_media":68571,"comment_status":"open","ping_status":"open","sticky":false,"template":"","format":"standard","meta":{"advanced_seo_description":"","jetpack_seo_html_title":"","jetpack_seo_noindex":false,"_jetpack_memberships_contains_paid_content":false,"footnotes":""},"categories":[15],"tags":[],"class_list":["post-68570","post","type-post","status-publish","format-standard","has-post-thumbnail","hentry","category-comunidad"],"jetpack_featured_media_url":"https:\/\/i0.wp.com\/eltrabajo.cl\/portal\/wp-content\/uploads\/2016\/04\/Publico2.jpg?fit=530%2C348&ssl=1","jetpack_sharing_enabled":true,"jetpack_likes_enabled":true,"jetpack-related-posts":[],"_links":{"self":[{"href":"https:\/\/eltrabajo.cl\/portal\/wp-json\/wp\/v2\/posts\/68570","targetHints":{"allow":["GET"]}}],"collection":[{"href":"https:\/\/eltrabajo.cl\/portal\/wp-json\/wp\/v2\/posts"}],"about":[{"href":"https:\/\/eltrabajo.cl\/portal\/wp-json\/wp\/v2\/types\/post"}],"author":[{"embeddable":true,"href":"https:\/\/eltrabajo.cl\/portal\/wp-json\/wp\/v2\/users\/1"}],"replies":[{"embeddable":true,"href":"https:\/\/eltrabajo.cl\/portal\/wp-json\/wp\/v2\/comments?post=68570"}],"version-history":[{"count":0,"href":"https:\/\/eltrabajo.cl\/portal\/wp-json\/wp\/v2\/posts\/68570\/revisions"}],"wp:featuredmedia":[{"embeddable":true,"href":"https:\/\/eltrabajo.cl\/portal\/wp-json\/wp\/v2\/media\/68571"}],"wp:attachment":[{"href":"https:\/\/eltrabajo.cl\/portal\/wp-json\/wp\/v2\/media?parent=68570"}],"wp:term":[{"taxonomy":"category","embeddable":true,"href":"https:\/\/eltrabajo.cl\/portal\/wp-json\/wp\/v2\/categories?post=68570"},{"taxonomy":"post_tag","embeddable":true,"href":"https:\/\/eltrabajo.cl\/portal\/wp-json\/wp\/v2\/tags?post=68570"}],"curies":[{"name":"wp","href":"https:\/\/api.w.org\/{rel}","templated":true}]}}