{"id":68589,"date":"2016-04-11T09:26:43","date_gmt":"2016-04-11T12:26:43","guid":{"rendered":"http:\/\/www.eltrabajo.cl\/portal\/?p=68589"},"modified":"2016-04-11T09:26:43","modified_gmt":"2016-04-11T12:26:43","slug":"con-actividades-artisticas-realizan-segunda-marcha-por-la-vida-en-las-coimas","status":"publish","type":"post","link":"https:\/\/eltrabajo.cl\/portal\/con-actividades-artisticas-realizan-segunda-marcha-por-la-vida-en-las-coimas\/","title":{"rendered":"Con actividades art\u00edsticas realizan segunda \u2018Marcha por la Vida\u2019 en Las Coimas"},"content":{"rendered":"<p><strong>PUTAENDO.-<\/strong> En la localidad de Las Coimas se desarroll\u00f3 la segunda \u2018Marcha por la Vida\u2019 que reuni\u00f3 a diferentes exponentes de la cultura y el arte a favor de una sola causa.<br \/>\nDiferentes organizaciones que se han unido para seguir fortaleciendo la posici\u00f3n de la comunidad de Putaendo frente a grandes proyectos mineros como el impulsado por la canadiense Andes Copper, han desarrollado amplias caravanas culturales que han recibido el respaldo de los habitantes de nuestra comuna, lo que se vio reflejado este s\u00e1bado en la segunda intervenci\u00f3n efectuada en la localidad de Las Coimas.<br \/>\nA eso de las 16:30 horas se reunieron los participantes en el sector Punta del Olivo, conformando una extensa fila de veh\u00edculos que comenz\u00f3 a avanzar por la carretera E-71 en direcci\u00f3n a Las Coimas, donde vecinos, artistas y comunidad dieron inicio al acto cultural que avanz\u00f3 por calle Ernesto Concha hasta el Monumento al Combate de Las Coimas, donde se llev\u00f3 a cabo el acto central.<br \/>\nEl Baile Chino Aconcagua Salm\u00f3n encabez\u00f3 la caravana que fue seguida por diferentes agrupaciones como el Frente de Trabajadores por el Socialismo, la Juventud de Estudiantes Revolucionarios JRP3, la Coordinadora Tres R\u00edos, el Movimiento Putraint\u00fa y la Junta de Vecinos de Las Coimas.<br \/>\nEn la actividad era posible apreciar carteles con diversas consignas contra la gran miner\u00eda, la multinacional Andes Copper, el lobista y presidente de la empresa comunicacional que asesora a Andes Copper, Imaginacci\u00f3n, Enr\u00edque Correa y el Diputado Marco Antonio N\u00fa\u00f1ez.<br \/>\nAl llegar al hito que recuerda el Combate de Las Coimas se dio inicio al evento art\u00edstico que cont\u00f3 con diversas presentaciones, entre ellas una representaci\u00f3n teatral y la magistral participaci\u00f3n del Grupo Mujeres, Tierra y Agua, adem\u00e1s de la intervenci\u00f3n de grupos locales que interpretaron m\u00fasica latinoamericana y la poes\u00eda a cargo de Sara Olgu\u00edn.<br \/>\nEn la ocasi\u00f3n destac\u00f3 la exposici\u00f3n desarrollada por Susana Grau, integrante del Movimiento Putraint\u00fa, quien detall\u00f3 los alcances negativos de los distintos proyectos mineros que pretenden instalarse al interior de la cordillera en el sector Los Patos.<br \/>\nH\u00e9ctor Fuentealba, Presidente de la Coordinadora Tres R\u00edos, una de las agrupaciones organizadoras de la segunda Marcha por la Vida, calific\u00f3 la actividad como todo un \u00e9xito, donde lo m\u00e1s importante fue que la comunidad de Las Coimas se sum\u00f3 a esta iniciativa, tal como lo hicieron las localidades de Casablanca, El T\u00e1rtaro y Los Patos en la primera caravana.<\/p>\n<figure id=\"attachment_68590\" aria-describedby=\"caption-attachment-68590\" style=\"width: 530px\" class=\"wp-caption alignleft\"><a href=\"http:\/\/www.eltrabajo.cl\/portal\/con-actividades-artisticas-realizan-segunda-marcha-por-la-vida-en-las-coimas\/marcha-por-la-vida-putaendo-2\/\" rel=\"attachment wp-att-68590\"><img data-recalc-dims=\"1\" loading=\"lazy\" decoding=\"async\" class=\"size-full wp-image-68590\" src=\"https:\/\/i0.wp.com\/www.eltrabajo.cl\/portal\/wp-content\/uploads\/2016\/04\/Marcha-por-la-vida-Putaendo-2.jpg?resize=530%2C349\" alt=\"Con representantes de diversas agrupaciones se llev\u00f3 a cabo la segunda \u2018Marcha por la Vida\u2019 en el sector de Las Coimas.\" width=\"530\" height=\"349\" srcset=\"https:\/\/i0.wp.com\/eltrabajo.cl\/portal\/wp-content\/uploads\/2016\/04\/Marcha-por-la-vida-Putaendo-2.jpg?w=530&amp;ssl=1 530w, https:\/\/i0.wp.com\/eltrabajo.cl\/portal\/wp-content\/uploads\/2016\/04\/Marcha-por-la-vida-Putaendo-2.jpg?resize=200%2C132&amp;ssl=1 200w, https:\/\/i0.wp.com\/eltrabajo.cl\/portal\/wp-content\/uploads\/2016\/04\/Marcha-por-la-vida-Putaendo-2.jpg?resize=300%2C198&amp;ssl=1 300w, https:\/\/i0.wp.com\/eltrabajo.cl\/portal\/wp-content\/uploads\/2016\/04\/Marcha-por-la-vida-Putaendo-2.jpg?resize=228%2C150&amp;ssl=1 228w, https:\/\/i0.wp.com\/eltrabajo.cl\/portal\/wp-content\/uploads\/2016\/04\/Marcha-por-la-vida-Putaendo-2.jpg?resize=400%2C263&amp;ssl=1 400w\" sizes=\"auto, (max-width: 530px) 100vw, 530px\" \/><\/a><figcaption id=\"caption-attachment-68590\" class=\"wp-caption-text\">Con representantes de diversas agrupaciones se llev\u00f3 a cabo la segunda \u2018Marcha por la Vida\u2019 en el sector de Las Coimas.<\/figcaption><\/figure>\n","protected":false},"excerpt":{"rendered":"<p>PUTAENDO.- En la localidad de Las Coimas se desarroll\u00f3 la segunda \u2018Marcha por la Vida\u2019 que reuni\u00f3 a diferentes exponentes de la cultura y el arte a favor de una sola causa&#8230;.<\/p>\n","protected":false},"author":1,"featured_media":68590,"comment_status":"open","ping_status":"open","sticky":false,"template":"","format":"standard","meta":{"advanced_seo_description":"","jetpack_seo_html_title":"","jetpack_seo_noindex":false,"_jetpack_memberships_contains_paid_content":false,"footnotes":""},"categories":[15],"tags":[],"class_list":["post-68589","post","type-post","status-publish","format-standard","has-post-thumbnail","hentry","category-comunidad"],"jetpack_featured_media_url":"https:\/\/i0.wp.com\/eltrabajo.cl\/portal\/wp-content\/uploads\/2016\/04\/Marcha-por-la-vida-Putaendo-2.jpg?fit=530%2C349&ssl=1","jetpack_sharing_enabled":true,"jetpack_likes_enabled":true,"jetpack-related-posts":[],"_links":{"self":[{"href":"https:\/\/eltrabajo.cl\/portal\/wp-json\/wp\/v2\/posts\/68589","targetHints":{"allow":["GET"]}}],"collection":[{"href":"https:\/\/eltrabajo.cl\/portal\/wp-json\/wp\/v2\/posts"}],"about":[{"href":"https:\/\/eltrabajo.cl\/portal\/wp-json\/wp\/v2\/types\/post"}],"author":[{"embeddable":true,"href":"https:\/\/eltrabajo.cl\/portal\/wp-json\/wp\/v2\/users\/1"}],"replies":[{"embeddable":true,"href":"https:\/\/eltrabajo.cl\/portal\/wp-json\/wp\/v2\/comments?post=68589"}],"version-history":[{"count":0,"href":"https:\/\/eltrabajo.cl\/portal\/wp-json\/wp\/v2\/posts\/68589\/revisions"}],"wp:featuredmedia":[{"embeddable":true,"href":"https:\/\/eltrabajo.cl\/portal\/wp-json\/wp\/v2\/media\/68590"}],"wp:attachment":[{"href":"https:\/\/eltrabajo.cl\/portal\/wp-json\/wp\/v2\/media?parent=68589"}],"wp:term":[{"taxonomy":"category","embeddable":true,"href":"https:\/\/eltrabajo.cl\/portal\/wp-json\/wp\/v2\/categories?post=68589"},{"taxonomy":"post_tag","embeddable":true,"href":"https:\/\/eltrabajo.cl\/portal\/wp-json\/wp\/v2\/tags?post=68589"}],"curies":[{"name":"wp","href":"https:\/\/api.w.org\/{rel}","templated":true}]}}