{"id":68593,"date":"2016-04-11T09:38:44","date_gmt":"2016-04-11T12:38:44","guid":{"rendered":"http:\/\/www.eltrabajo.cl\/portal\/?p=68593"},"modified":"2016-04-11T09:38:44","modified_gmt":"2016-04-11T12:38:44","slug":"avezado-antisocial-es-capturado-por-robo-de-basureros-en-escuela-62","status":"publish","type":"post","link":"https:\/\/eltrabajo.cl\/portal\/avezado-antisocial-es-capturado-por-robo-de-basureros-en-escuela-62\/","title":{"rendered":"Avezado antisocial es capturado por robo de basureros en Escuela 62"},"content":{"rendered":"<p>Reconocido delincuente posee 22 detenciones por otros delitos:<br \/>\nTestigo alert\u00f3 a Carabineros de la irrupci\u00f3n de dos sujetos hasta el interior del establecimiento educacional. Uno de ellos escap\u00f3 de la polic\u00eda.<br \/>\nUn conocido delincuente fue capturado por Carabineros al ser sorprendido robando dos contenedores de basura que se encontraban al interior de la Escuela Jos\u00e9 de San Mart\u00edn, ubicada en la intersecci\u00f3n de calles Portus esquina Freire en San Felipe.<br \/>\nUn testigo alert\u00f3 a Carabineros a nivel 133 que dos sujetos hab\u00edan escalado al interior del recinto educacional a eso del mediod\u00eda de ayer domingo, circunstancias que llev\u00f3 a los uniformados a trasladarse al lugar, observando a un sujeto con dos contenedores de basura intentando huir del colegio.<br \/>\nAl lugar concurri\u00f3 el Jefe de la Daem de San Felipe, Iv\u00e1n Silva, quien al realizar una inspecci\u00f3n al interior de la Escuela, afirm\u00f3 que las especies sustra\u00eddas estaban ubicadas en el sector de ba\u00f1os, informaci\u00f3n fue corroborada por el cuidador del recinto que reconoci\u00f3 los basureros de propiedad del establecimiento.<br \/>\nEl detenido, identificado como Javier Verde-Ramo Verde-Ramo, no logr\u00f3 dar respuesta a la polic\u00eda de la procedencia de estas especies, por lo que fue apresado tras las declaraciones de los testigos. No obstante, el segundo sujeto involucrado no logr\u00f3 ser capturado por Carabineros.<br \/>\nEl imputado, que mantiene un total de 22 detenciones por diversos delitos cometidos en la comuna de San Felipe, ser\u00e1 sometido a control de detenci\u00f3n el d\u00eda de hoy para ser formalizado por la Fiscal\u00eda por robo en lugar no habitado.<br \/>\n<strong>Pablo Salinas Sald\u00edas<\/strong><\/p>\n<figure id=\"attachment_68597\" aria-describedby=\"caption-attachment-68597\" style=\"width: 530px\" class=\"wp-caption alignleft\"><a href=\"http:\/\/www.eltrabajo.cl\/portal\/avezado-antisocial-es-capturado-por-robo-de-basureros-en-escuela-62\/basurero\/\" rel=\"attachment wp-att-68597\"><img data-recalc-dims=\"1\" loading=\"lazy\" decoding=\"async\" class=\"size-full wp-image-68597\" src=\"https:\/\/i0.wp.com\/www.eltrabajo.cl\/portal\/wp-content\/uploads\/2016\/04\/basurero.jpg?resize=530%2C348\" alt=\"Este es uno de los contenedores de basura que fueron robados desde el interior de la Escuela Jos\u00e9 de San Mart\u00edn al mediod\u00eda de ayer domingo.\" width=\"530\" height=\"348\" srcset=\"https:\/\/i0.wp.com\/eltrabajo.cl\/portal\/wp-content\/uploads\/2016\/04\/basurero.jpg?w=530&amp;ssl=1 530w, https:\/\/i0.wp.com\/eltrabajo.cl\/portal\/wp-content\/uploads\/2016\/04\/basurero.jpg?resize=200%2C131&amp;ssl=1 200w, https:\/\/i0.wp.com\/eltrabajo.cl\/portal\/wp-content\/uploads\/2016\/04\/basurero.jpg?resize=300%2C197&amp;ssl=1 300w, https:\/\/i0.wp.com\/eltrabajo.cl\/portal\/wp-content\/uploads\/2016\/04\/basurero.jpg?resize=228%2C150&amp;ssl=1 228w, https:\/\/i0.wp.com\/eltrabajo.cl\/portal\/wp-content\/uploads\/2016\/04\/basurero.jpg?resize=400%2C263&amp;ssl=1 400w\" sizes=\"auto, (max-width: 530px) 100vw, 530px\" \/><\/a><figcaption id=\"caption-attachment-68597\" class=\"wp-caption-text\">Este es uno de los contenedores de basura que fueron robados desde el interior de la Escuela Jos\u00e9 de San Mart\u00edn al mediod\u00eda de ayer domingo.<\/figcaption><\/figure>\n<figure id=\"attachment_68596\" aria-describedby=\"caption-attachment-68596\" style=\"width: 530px\" class=\"wp-caption alignleft\"><a href=\"http:\/\/www.eltrabajo.cl\/portal\/avezado-antisocial-es-capturado-por-robo-de-basureros-en-escuela-62\/javier-verderamo\/\" rel=\"attachment wp-att-68596\"><img data-recalc-dims=\"1\" loading=\"lazy\" decoding=\"async\" class=\"size-full wp-image-68596\" src=\"https:\/\/i0.wp.com\/www.eltrabajo.cl\/portal\/wp-content\/uploads\/2016\/04\/JAVIER-VERDERAMO.jpg?resize=530%2C348\" alt=\"Javier Verde-Ramo Verde-Ramo es un reconocido antisocial de la comuna que ha cometido diversos delitos en San Felipe.\" width=\"530\" height=\"348\" srcset=\"https:\/\/i0.wp.com\/eltrabajo.cl\/portal\/wp-content\/uploads\/2016\/04\/JAVIER-VERDERAMO.jpg?w=530&amp;ssl=1 530w, https:\/\/i0.wp.com\/eltrabajo.cl\/portal\/wp-content\/uploads\/2016\/04\/JAVIER-VERDERAMO.jpg?resize=200%2C131&amp;ssl=1 200w, https:\/\/i0.wp.com\/eltrabajo.cl\/portal\/wp-content\/uploads\/2016\/04\/JAVIER-VERDERAMO.jpg?resize=300%2C197&amp;ssl=1 300w, https:\/\/i0.wp.com\/eltrabajo.cl\/portal\/wp-content\/uploads\/2016\/04\/JAVIER-VERDERAMO.jpg?resize=228%2C150&amp;ssl=1 228w, https:\/\/i0.wp.com\/eltrabajo.cl\/portal\/wp-content\/uploads\/2016\/04\/JAVIER-VERDERAMO.jpg?resize=400%2C263&amp;ssl=1 400w\" sizes=\"auto, (max-width: 530px) 100vw, 530px\" \/><\/a><figcaption id=\"caption-attachment-68596\" class=\"wp-caption-text\">Javier Verde-Ramo Verde-Ramo es un reconocido antisocial de la comuna que ha cometido diversos delitos en San Felipe.<\/figcaption><\/figure>\n","protected":false},"excerpt":{"rendered":"<p>Reconocido delincuente posee 22 detenciones por otros delitos: Testigo alert\u00f3 a Carabineros de la irrupci\u00f3n de dos sujetos hasta el interior del establecimiento educacional. Uno de ellos escap\u00f3 de la polic\u00eda. Un&#8230;<\/p>\n","protected":false},"author":1,"featured_media":68596,"comment_status":"open","ping_status":"open","sticky":false,"template":"","format":"standard","meta":{"advanced_seo_description":"","jetpack_seo_html_title":"","jetpack_seo_noindex":false,"_jetpack_memberships_contains_paid_content":false,"footnotes":""},"categories":[21],"tags":[],"class_list":["post-68593","post","type-post","status-publish","format-standard","has-post-thumbnail","hentry","category-policial"],"jetpack_featured_media_url":"https:\/\/i0.wp.com\/eltrabajo.cl\/portal\/wp-content\/uploads\/2016\/04\/JAVIER-VERDERAMO.jpg?fit=530%2C348&ssl=1","jetpack_sharing_enabled":true,"jetpack_likes_enabled":true,"jetpack-related-posts":[],"_links":{"self":[{"href":"https:\/\/eltrabajo.cl\/portal\/wp-json\/wp\/v2\/posts\/68593","targetHints":{"allow":["GET"]}}],"collection":[{"href":"https:\/\/eltrabajo.cl\/portal\/wp-json\/wp\/v2\/posts"}],"about":[{"href":"https:\/\/eltrabajo.cl\/portal\/wp-json\/wp\/v2\/types\/post"}],"author":[{"embeddable":true,"href":"https:\/\/eltrabajo.cl\/portal\/wp-json\/wp\/v2\/users\/1"}],"replies":[{"embeddable":true,"href":"https:\/\/eltrabajo.cl\/portal\/wp-json\/wp\/v2\/comments?post=68593"}],"version-history":[{"count":0,"href":"https:\/\/eltrabajo.cl\/portal\/wp-json\/wp\/v2\/posts\/68593\/revisions"}],"wp:featuredmedia":[{"embeddable":true,"href":"https:\/\/eltrabajo.cl\/portal\/wp-json\/wp\/v2\/media\/68596"}],"wp:attachment":[{"href":"https:\/\/eltrabajo.cl\/portal\/wp-json\/wp\/v2\/media?parent=68593"}],"wp:term":[{"taxonomy":"category","embeddable":true,"href":"https:\/\/eltrabajo.cl\/portal\/wp-json\/wp\/v2\/categories?post=68593"},{"taxonomy":"post_tag","embeddable":true,"href":"https:\/\/eltrabajo.cl\/portal\/wp-json\/wp\/v2\/tags?post=68593"}],"curies":[{"name":"wp","href":"https:\/\/api.w.org\/{rel}","templated":true}]}}