{"id":68600,"date":"2016-04-11T09:42:16","date_gmt":"2016-04-11T12:42:16","guid":{"rendered":"http:\/\/www.eltrabajo.cl\/portal\/?p=68600"},"modified":"2016-04-11T09:42:16","modified_gmt":"2016-04-11T12:42:16","slug":"impartiran-el-primer-taller-de-telar-para-ciegos-en-el-colegio-de-profesores","status":"publish","type":"post","link":"https:\/\/eltrabajo.cl\/portal\/impartiran-el-primer-taller-de-telar-para-ciegos-en-el-colegio-de-profesores\/","title":{"rendered":"Impartir\u00e1n el primer taller de telar para ciegos en el Colegio de Profesores"},"content":{"rendered":"<p><strong>Empiezan este jueves y terminan en julio:<\/strong><br \/>\nLa profesora de educaci\u00f3n b\u00e1sica jubilada, do\u00f1a A\u00edda Salas Saavedra, vecina de San Felipe y desde hace cinco a\u00f1os monitora de talleres en telar, hizo este domingo un anuncio muy especial para el Grupo de Discapacitados Mirando con el coraz\u00f3n, pues este jueves estar\u00e1 dando inicio al primer taller de telar para ciegos, en donde participar\u00e1n doce damas no videntes.<br \/>\n\u00abEs para m\u00ed un reto enorme aceptar este desaf\u00edo, s\u00e9 que ser\u00e9 yo quien m\u00e1s aprenda de esta experiencia, pues nunca he trabajado con ciegos en mis talleres, las clases empiezan el jueves y las impartir\u00e9 en el Colegio de Profesores de San Felipe, de lunes a viernes desde las 09:00 a las 14:00 horas\u00bb, inform\u00f3 Salas a Diario El Trabajo.<\/p>\n<p><strong>BECAS SOCIALES<\/strong><br \/>\nLa profesora A\u00edda Salas realiz\u00f3 importantes cursos en la Universidad de Aconcagua hace ya casi seis a\u00f1os, desde entonces ha impartido unos 30 talleres en nuestra comuna y labora para el Departamento de La Mujer y Adulto Mayor, del Municipio.<br \/>\n\u00abSon 240 horas las que ellos recibir\u00e1n de capacitaci\u00f3n, este taller finalizar\u00e1 a principios de julio y cada participante recibir\u00e1 el mismo jueves, material para poder trabajar, agujas, crochet, lana y telares. La jornada la ejecuta la empresa Ecatema de Santiago, este programa de becas sociales son desarrollada por Senadi, y Sense es el organismo rector que las certifica, pues son una propuesta desarrollada por Otic Corcin (Centro Intermedio de Capacitaci\u00f3n)\u00bb, agreg\u00f3 la funcionaria.<br \/>\nDo\u00f1a A\u00edda tambi\u00e9n imparte talleres de telar en los talleres femeninos de la Municipalidad de San Felipe, que se realizan los mi\u00e9rcoles en Ayec\u00e1n. Seg\u00fan explic\u00f3 Salas, ya no hay cupos para m\u00e1s personas ciegas en su taller. Esta experta en telares desarrolla muchas iniciativas en varios sectores de nuestra comuna, en 2015 hizo varios talleres, unos en Ayec\u00e1n y otros en la Escuela Carolina Ocampo de Bellavista.<br \/>\nRoberto Gonz\u00e1lez Short<br \/>\nrgonzalez@eltrabajo.cl<\/p>\n<figure id=\"attachment_68603\" aria-describedby=\"caption-attachment-68603\" style=\"width: 530px\" class=\"wp-caption alignleft\"><a href=\"http:\/\/www.eltrabajo.cl\/portal\/impartiran-el-primer-taller-de-telar-para-ciegos-en-el-colegio-de-profesores\/telar3\/\" rel=\"attachment wp-att-68603\"><img data-recalc-dims=\"1\" loading=\"lazy\" decoding=\"async\" class=\"size-full wp-image-68603\" src=\"https:\/\/i0.wp.com\/www.eltrabajo.cl\/portal\/wp-content\/uploads\/2016\/04\/Telar3.jpg?resize=530%2C350\" alt=\"MUY CREATIVAS.- Estas damas siempre est\u00e1n activas, aprenden y se ense\u00f1an las unas a las otras, al frente, do\u00f1a A\u00edda les gu\u00eda.\" width=\"530\" height=\"350\" srcset=\"https:\/\/i0.wp.com\/eltrabajo.cl\/portal\/wp-content\/uploads\/2016\/04\/Telar3.jpg?w=530&amp;ssl=1 530w, https:\/\/i0.wp.com\/eltrabajo.cl\/portal\/wp-content\/uploads\/2016\/04\/Telar3.jpg?resize=200%2C132&amp;ssl=1 200w, https:\/\/i0.wp.com\/eltrabajo.cl\/portal\/wp-content\/uploads\/2016\/04\/Telar3.jpg?resize=300%2C198&amp;ssl=1 300w, https:\/\/i0.wp.com\/eltrabajo.cl\/portal\/wp-content\/uploads\/2016\/04\/Telar3.jpg?resize=227%2C150&amp;ssl=1 227w, https:\/\/i0.wp.com\/eltrabajo.cl\/portal\/wp-content\/uploads\/2016\/04\/Telar3.jpg?resize=400%2C264&amp;ssl=1 400w\" sizes=\"auto, (max-width: 530px) 100vw, 530px\" \/><\/a><figcaption id=\"caption-attachment-68603\" class=\"wp-caption-text\">MUY CREATIVAS.- Estas damas siempre est\u00e1n activas, aprenden y se ense\u00f1an las unas a las otras, al frente, do\u00f1a A\u00edda les gu\u00eda.<\/figcaption><\/figure>\n<figure id=\"attachment_68602\" aria-describedby=\"caption-attachment-68602\" style=\"width: 528px\" class=\"wp-caption alignleft\"><a href=\"http:\/\/www.eltrabajo.cl\/portal\/impartiran-el-primer-taller-de-telar-para-ciegos-en-el-colegio-de-profesores\/telar2\/\" rel=\"attachment wp-att-68602\"><img data-recalc-dims=\"1\" loading=\"lazy\" decoding=\"async\" class=\"size-full wp-image-68602\" src=\"https:\/\/i0.wp.com\/www.eltrabajo.cl\/portal\/wp-content\/uploads\/2016\/04\/Telar2.jpg?resize=528%2C350\" alt=\"SIEMPRE ACTIVAS.- Ellas son adultos mayores que se re\u00fanen en Ayec\u00e1n todos los mi\u00e9rcoles, tambi\u00e9n para los talleres de do\u00f1a A\u00edda Salas.\" width=\"528\" height=\"350\" srcset=\"https:\/\/i0.wp.com\/eltrabajo.cl\/portal\/wp-content\/uploads\/2016\/04\/Telar2.jpg?w=528&amp;ssl=1 528w, https:\/\/i0.wp.com\/eltrabajo.cl\/portal\/wp-content\/uploads\/2016\/04\/Telar2.jpg?resize=200%2C133&amp;ssl=1 200w, https:\/\/i0.wp.com\/eltrabajo.cl\/portal\/wp-content\/uploads\/2016\/04\/Telar2.jpg?resize=300%2C199&amp;ssl=1 300w, https:\/\/i0.wp.com\/eltrabajo.cl\/portal\/wp-content\/uploads\/2016\/04\/Telar2.jpg?resize=226%2C150&amp;ssl=1 226w, https:\/\/i0.wp.com\/eltrabajo.cl\/portal\/wp-content\/uploads\/2016\/04\/Telar2.jpg?resize=400%2C265&amp;ssl=1 400w\" sizes=\"auto, (max-width: 528px) 100vw, 528px\" \/><\/a><figcaption id=\"caption-attachment-68602\" class=\"wp-caption-text\">SIEMPRE ACTIVAS.- Ellas son adultos mayores que se re\u00fanen en Ayec\u00e1n todos los mi\u00e9rcoles, tambi\u00e9n para los talleres de do\u00f1a A\u00edda Salas.<\/figcaption><\/figure>\n<figure id=\"attachment_68601\" aria-describedby=\"caption-attachment-68601\" style=\"width: 528px\" class=\"wp-caption alignleft\"><a href=\"http:\/\/www.eltrabajo.cl\/portal\/impartiran-el-primer-taller-de-telar-para-ciegos-en-el-colegio-de-profesores\/telar1\/\" rel=\"attachment wp-att-68601\"><img data-recalc-dims=\"1\" loading=\"lazy\" decoding=\"async\" class=\"size-full wp-image-68601\" src=\"https:\/\/i0.wp.com\/www.eltrabajo.cl\/portal\/wp-content\/uploads\/2016\/04\/Telar1.jpg?resize=528%2C350\" alt=\"EN ESCUELAS.- Estas vecinas en 2015 realizaron un taller con do\u00f1a A\u00edda el a\u00f1o pasado en la Escuela Carolina Ocampo, de Bellavista.\" width=\"528\" height=\"350\" srcset=\"https:\/\/i0.wp.com\/eltrabajo.cl\/portal\/wp-content\/uploads\/2016\/04\/Telar1.jpg?w=528&amp;ssl=1 528w, https:\/\/i0.wp.com\/eltrabajo.cl\/portal\/wp-content\/uploads\/2016\/04\/Telar1.jpg?resize=200%2C133&amp;ssl=1 200w, https:\/\/i0.wp.com\/eltrabajo.cl\/portal\/wp-content\/uploads\/2016\/04\/Telar1.jpg?resize=300%2C199&amp;ssl=1 300w, https:\/\/i0.wp.com\/eltrabajo.cl\/portal\/wp-content\/uploads\/2016\/04\/Telar1.jpg?resize=226%2C150&amp;ssl=1 226w, https:\/\/i0.wp.com\/eltrabajo.cl\/portal\/wp-content\/uploads\/2016\/04\/Telar1.jpg?resize=400%2C265&amp;ssl=1 400w\" sizes=\"auto, (max-width: 528px) 100vw, 528px\" \/><\/a><figcaption id=\"caption-attachment-68601\" class=\"wp-caption-text\">EN ESCUELAS.- Estas vecinas en 2015 realizaron un taller con do\u00f1a A\u00edda el a\u00f1o pasado en la Escuela Carolina Ocampo, de Bellavista.<\/figcaption><\/figure>\n","protected":false},"excerpt":{"rendered":"<p>Empiezan este jueves y terminan en julio: La profesora de educaci\u00f3n b\u00e1sica jubilada, do\u00f1a A\u00edda Salas Saavedra, vecina de San Felipe y desde hace cinco a\u00f1os monitora de talleres en telar, hizo&#8230;<\/p>\n","protected":false},"author":1,"featured_media":68601,"comment_status":"open","ping_status":"open","sticky":false,"template":"","format":"standard","meta":{"advanced_seo_description":"","jetpack_seo_html_title":"","jetpack_seo_noindex":false,"_jetpack_memberships_contains_paid_content":false,"footnotes":""},"categories":[15],"tags":[],"class_list":["post-68600","post","type-post","status-publish","format-standard","has-post-thumbnail","hentry","category-comunidad"],"jetpack_featured_media_url":"https:\/\/i0.wp.com\/eltrabajo.cl\/portal\/wp-content\/uploads\/2016\/04\/Telar1.jpg?fit=528%2C350&ssl=1","jetpack_sharing_enabled":true,"jetpack_likes_enabled":true,"jetpack-related-posts":[],"_links":{"self":[{"href":"https:\/\/eltrabajo.cl\/portal\/wp-json\/wp\/v2\/posts\/68600","targetHints":{"allow":["GET"]}}],"collection":[{"href":"https:\/\/eltrabajo.cl\/portal\/wp-json\/wp\/v2\/posts"}],"about":[{"href":"https:\/\/eltrabajo.cl\/portal\/wp-json\/wp\/v2\/types\/post"}],"author":[{"embeddable":true,"href":"https:\/\/eltrabajo.cl\/portal\/wp-json\/wp\/v2\/users\/1"}],"replies":[{"embeddable":true,"href":"https:\/\/eltrabajo.cl\/portal\/wp-json\/wp\/v2\/comments?post=68600"}],"version-history":[{"count":0,"href":"https:\/\/eltrabajo.cl\/portal\/wp-json\/wp\/v2\/posts\/68600\/revisions"}],"wp:featuredmedia":[{"embeddable":true,"href":"https:\/\/eltrabajo.cl\/portal\/wp-json\/wp\/v2\/media\/68601"}],"wp:attachment":[{"href":"https:\/\/eltrabajo.cl\/portal\/wp-json\/wp\/v2\/media?parent=68600"}],"wp:term":[{"taxonomy":"category","embeddable":true,"href":"https:\/\/eltrabajo.cl\/portal\/wp-json\/wp\/v2\/categories?post=68600"},{"taxonomy":"post_tag","embeddable":true,"href":"https:\/\/eltrabajo.cl\/portal\/wp-json\/wp\/v2\/tags?post=68600"}],"curies":[{"name":"wp","href":"https:\/\/api.w.org\/{rel}","templated":true}]}}