{"id":68606,"date":"2016-04-11T09:51:12","date_gmt":"2016-04-11T12:51:12","guid":{"rendered":"http:\/\/www.eltrabajo.cl\/portal\/?p=68606"},"modified":"2016-04-11T10:05:42","modified_gmt":"2016-04-11T13:05:42","slug":"lo-capturan-en-flagrancia-robando-una-camioneta-de-alto-costo","status":"publish","type":"post","link":"https:\/\/eltrabajo.cl\/portal\/lo-capturan-en-flagrancia-robando-una-camioneta-de-alto-costo\/","title":{"rendered":"Lo capturan en flagrancia robando una camioneta de alto costo"},"content":{"rendered":"<figure id=\"attachment_68607\" aria-describedby=\"caption-attachment-68607\" style=\"width: 530px\" class=\"wp-caption alignleft\"><a href=\"http:\/\/www.eltrabajo.cl\/portal\/lo-capturan-en-flagrancia-robando-una-camioneta-de-alto-costo\/jorge-ballesteros\/\" rel=\"attachment wp-att-68607\"><img data-recalc-dims=\"1\" loading=\"lazy\" decoding=\"async\" class=\"size-full wp-image-68607\" src=\"https:\/\/i0.wp.com\/www.eltrabajo.cl\/portal\/wp-content\/uploads\/2016\/04\/JORGE-BALLESTEROS.jpg?resize=530%2C348\" alt=\"El imputado Jorge Ballesteros Gonz\u00e1lez, de 48 a\u00f1os, fue detenido por Carabineros por el delito de robo frustrado de veh\u00edculo, quedando a disposici\u00f3n de la Fiscal\u00eda.\" width=\"530\" height=\"348\" srcset=\"https:\/\/i0.wp.com\/eltrabajo.cl\/portal\/wp-content\/uploads\/2016\/04\/JORGE-BALLESTEROS.jpg?w=530&amp;ssl=1 530w, https:\/\/i0.wp.com\/eltrabajo.cl\/portal\/wp-content\/uploads\/2016\/04\/JORGE-BALLESTEROS.jpg?resize=200%2C131&amp;ssl=1 200w, https:\/\/i0.wp.com\/eltrabajo.cl\/portal\/wp-content\/uploads\/2016\/04\/JORGE-BALLESTEROS.jpg?resize=300%2C197&amp;ssl=1 300w, https:\/\/i0.wp.com\/eltrabajo.cl\/portal\/wp-content\/uploads\/2016\/04\/JORGE-BALLESTEROS.jpg?resize=228%2C150&amp;ssl=1 228w, https:\/\/i0.wp.com\/eltrabajo.cl\/portal\/wp-content\/uploads\/2016\/04\/JORGE-BALLESTEROS.jpg?resize=400%2C263&amp;ssl=1 400w\" sizes=\"auto, (max-width: 530px) 100vw, 530px\" \/><\/a><figcaption id=\"caption-attachment-68607\" class=\"wp-caption-text\">El imputado Jorge Ballesteros Gonz\u00e1lez, de 48 a\u00f1os, fue detenido por Carabineros por el delito de robo frustrado de veh\u00edculo, quedando a disposici\u00f3n de la Fiscal\u00eda.<\/figcaption><\/figure>\n<ul>\n<li><strong>Aparentemente el imputado pertenecer\u00eda a una banda criminal que escap\u00f3 tras la llegada de Carabineros que captur\u00f3 a uno de ellos intentando dar contacto al m\u00f3vil en el sector de Sahond\u00e9 en Putaendo.<\/strong><\/li>\n<\/ul>\n<p>Un llamado telef\u00f3nico an\u00f3nimo permiti\u00f3 a Carabineros frustrar el robo de una camioneta que se encontraba estacionada en el sector de Sahond\u00e9 en Putaendo, cuando se realizaba una cicletada autorizada por la Gobernaci\u00f3n. La informaci\u00f3n entregada permiti\u00f3 que el antisocial fuera detenido al interior del m\u00f3vil.<br \/>\nCarabineros inform\u00f3 que el hecho ocurri\u00f3 a eso de las 11:30 horas de ayer domingo, momentos en que un testigo advirti\u00f3 que tres sujetos abordaban una camioneta en dicho sector de la comuna de Putaendo. Aparentemente uno de estos sujetos, perteneciente a una banda delictual, accedi\u00f3 de manera clandestina hasta el interior de la camioneta Ford 150 para robarla, sin embargo no logr\u00f3 dar contacto de partida al motor y fue sorprendido por los efectivos policiales que lo capturaron en flagrancia.<br \/>\nA pesar de haber realizado patrullajes en el sector, Carabineros no logr\u00f3 individualizar el otro veh\u00edculo en que se movilizar\u00edan los c\u00f3mplices que habr\u00edan escapado ante la llegada de los oficiales al sitio del suceso.<br \/>\nEl imputado fue identificado como Jorge Gabriel Ballesteros Gonz\u00e1lez de 48 a\u00f1os de edad, quien mantiene un amplio prontuario delictivo por delito de robo de veh\u00edculo en la Regi\u00f3n Metropolitana, conducci\u00f3n en estado de ebriedad, tenencia ilegal de arma de fuego, elementos destinados para cometer delitos y violencia intrafamiliar.<br \/>\nPor instrucci\u00f3n de la Fiscal\u00eda el sujeto ser\u00e1 sometido a control de detenci\u00f3n en el Juzgado de Garant\u00eda de San Felipe el d\u00eda de hoy lunes.<br \/>\n<strong>Pablo Salinas Sald\u00edas<\/strong><\/p>\n<figure id=\"attachment_68608\" aria-describedby=\"caption-attachment-68608\" style=\"width: 530px\" class=\"wp-caption alignleft\"><a href=\"http:\/\/www.eltrabajo.cl\/portal\/lo-capturan-en-flagrancia-robando-una-camioneta-de-alto-costo\/camioneta-ford\/\" rel=\"attachment wp-att-68608\"><img data-recalc-dims=\"1\" loading=\"lazy\" decoding=\"async\" class=\"size-full wp-image-68608\" src=\"https:\/\/i0.wp.com\/www.eltrabajo.cl\/portal\/wp-content\/uploads\/2016\/04\/CAMIONETA-FORD.jpg?resize=530%2C349\" alt=\"La camioneta Ford 150 se encontraba estacionada en el sector Sahond\u00e9 de Putaendo.\" width=\"530\" height=\"349\" srcset=\"https:\/\/i0.wp.com\/eltrabajo.cl\/portal\/wp-content\/uploads\/2016\/04\/CAMIONETA-FORD.jpg?w=530&amp;ssl=1 530w, https:\/\/i0.wp.com\/eltrabajo.cl\/portal\/wp-content\/uploads\/2016\/04\/CAMIONETA-FORD.jpg?resize=200%2C132&amp;ssl=1 200w, https:\/\/i0.wp.com\/eltrabajo.cl\/portal\/wp-content\/uploads\/2016\/04\/CAMIONETA-FORD.jpg?resize=300%2C198&amp;ssl=1 300w, https:\/\/i0.wp.com\/eltrabajo.cl\/portal\/wp-content\/uploads\/2016\/04\/CAMIONETA-FORD.jpg?resize=228%2C150&amp;ssl=1 228w, https:\/\/i0.wp.com\/eltrabajo.cl\/portal\/wp-content\/uploads\/2016\/04\/CAMIONETA-FORD.jpg?resize=400%2C263&amp;ssl=1 400w\" sizes=\"auto, (max-width: 530px) 100vw, 530px\" \/><\/a><figcaption id=\"caption-attachment-68608\" class=\"wp-caption-text\">La camioneta Ford 150 se encontraba estacionada en el sector Sahond\u00e9 de Putaendo.<\/figcaption><\/figure>\n","protected":false},"excerpt":{"rendered":"<p>Aparentemente el imputado pertenecer\u00eda a una banda criminal que escap\u00f3 tras la llegada de Carabineros que captur\u00f3 a uno de ellos intentando dar contacto al m\u00f3vil en el sector de Sahond\u00e9 en&#8230;<\/p>\n","protected":false},"author":1,"featured_media":68607,"comment_status":"open","ping_status":"open","sticky":false,"template":"","format":"standard","meta":{"advanced_seo_description":"","jetpack_seo_html_title":"","jetpack_seo_noindex":false,"_jetpack_memberships_contains_paid_content":false,"footnotes":""},"categories":[21],"tags":[],"class_list":["post-68606","post","type-post","status-publish","format-standard","has-post-thumbnail","hentry","category-policial"],"jetpack_featured_media_url":"https:\/\/i0.wp.com\/eltrabajo.cl\/portal\/wp-content\/uploads\/2016\/04\/JORGE-BALLESTEROS.jpg?fit=530%2C348&ssl=1","jetpack_sharing_enabled":true,"jetpack_likes_enabled":true,"jetpack-related-posts":[],"_links":{"self":[{"href":"https:\/\/eltrabajo.cl\/portal\/wp-json\/wp\/v2\/posts\/68606","targetHints":{"allow":["GET"]}}],"collection":[{"href":"https:\/\/eltrabajo.cl\/portal\/wp-json\/wp\/v2\/posts"}],"about":[{"href":"https:\/\/eltrabajo.cl\/portal\/wp-json\/wp\/v2\/types\/post"}],"author":[{"embeddable":true,"href":"https:\/\/eltrabajo.cl\/portal\/wp-json\/wp\/v2\/users\/1"}],"replies":[{"embeddable":true,"href":"https:\/\/eltrabajo.cl\/portal\/wp-json\/wp\/v2\/comments?post=68606"}],"version-history":[{"count":0,"href":"https:\/\/eltrabajo.cl\/portal\/wp-json\/wp\/v2\/posts\/68606\/revisions"}],"wp:featuredmedia":[{"embeddable":true,"href":"https:\/\/eltrabajo.cl\/portal\/wp-json\/wp\/v2\/media\/68607"}],"wp:attachment":[{"href":"https:\/\/eltrabajo.cl\/portal\/wp-json\/wp\/v2\/media?parent=68606"}],"wp:term":[{"taxonomy":"category","embeddable":true,"href":"https:\/\/eltrabajo.cl\/portal\/wp-json\/wp\/v2\/categories?post=68606"},{"taxonomy":"post_tag","embeddable":true,"href":"https:\/\/eltrabajo.cl\/portal\/wp-json\/wp\/v2\/tags?post=68606"}],"curies":[{"name":"wp","href":"https:\/\/api.w.org\/{rel}","templated":true}]}}