{"id":68614,"date":"2016-04-11T09:53:31","date_gmt":"2016-04-11T12:53:31","guid":{"rendered":"http:\/\/www.eltrabajo.cl\/portal\/?p=68614"},"modified":"2016-04-11T09:53:31","modified_gmt":"2016-04-11T12:53:31","slug":"convertiran-vagon-presidencial-de-1900-en-cafeteria-del-parque-puente-cimbra","status":"publish","type":"post","link":"https:\/\/eltrabajo.cl\/portal\/convertiran-vagon-presidencial-de-1900-en-cafeteria-del-parque-puente-cimbra\/","title":{"rendered":"Convertir\u00e1n vag\u00f3n presidencial de 1900 en cafeter\u00eda del Parque \u2018Puente Cimbra\u2019"},"content":{"rendered":"<figure id=\"attachment_68615\" aria-describedby=\"caption-attachment-68615\" style=\"width: 530px\" class=\"wp-caption alignleft\"><a href=\"http:\/\/www.eltrabajo.cl\/portal\/convertiran-vagon-presidencial-de-1900-en-cafeteria-del-parque-puente-cimbra\/tren1-3\/\" rel=\"attachment wp-att-68615\"><img data-recalc-dims=\"1\" loading=\"lazy\" decoding=\"async\" class=\"size-full wp-image-68615\" src=\"https:\/\/i0.wp.com\/www.eltrabajo.cl\/portal\/wp-content\/uploads\/2016\/04\/tren1.jpg?resize=530%2C350\" alt=\"El vag\u00f3n est\u00e1 ubicado en las inmediaciones del Parque Puente Cimbra de Putaendo y pr\u00f3ximamente se convertir\u00e1 en una cafeter\u00eda.\" width=\"530\" height=\"350\" srcset=\"https:\/\/i0.wp.com\/eltrabajo.cl\/portal\/wp-content\/uploads\/2016\/04\/tren1.jpg?w=530&amp;ssl=1 530w, https:\/\/i0.wp.com\/eltrabajo.cl\/portal\/wp-content\/uploads\/2016\/04\/tren1.jpg?resize=200%2C132&amp;ssl=1 200w, https:\/\/i0.wp.com\/eltrabajo.cl\/portal\/wp-content\/uploads\/2016\/04\/tren1.jpg?resize=300%2C198&amp;ssl=1 300w, https:\/\/i0.wp.com\/eltrabajo.cl\/portal\/wp-content\/uploads\/2016\/04\/tren1.jpg?resize=227%2C150&amp;ssl=1 227w, https:\/\/i0.wp.com\/eltrabajo.cl\/portal\/wp-content\/uploads\/2016\/04\/tren1.jpg?resize=400%2C264&amp;ssl=1 400w\" sizes=\"auto, (max-width: 530px) 100vw, 530px\" \/><\/a><figcaption id=\"caption-attachment-68615\" class=\"wp-caption-text\">El vag\u00f3n est\u00e1 ubicado en las inmediaciones del Parque Puente Cimbra de Putaendo y pr\u00f3ximamente se convertir\u00e1 en una cafeter\u00eda.<\/figcaption><\/figure>\n<ul>\n<li><strong>La estructura ferroviaria est\u00e1 ubicada en el Borde R\u00edo de Putaendo, y su instalaci\u00f3n busca aumentar el atractivo tur\u00edstico en el sector.<\/strong><\/li>\n<\/ul>\n<p><strong>PUTAENDO.-<\/strong> El vag\u00f3n presidencial perteneciente al ferrocarril trasandino y que desde el a\u00f1o 1900 en adelante trasport\u00f3 a los presidentes de Chile en sus viajes a Argentina, ya est\u00e1 ubicado en las inmediaciones del Parque Puente Cimbra de la ciudad, para convertirse en una atractiva cafeter\u00eda que ser\u00e1 abierta durante los pr\u00f3ximos meses.<br \/>\nEl viernes pasado el antiguo transporte lleg\u00f3 a bordo de un cami\u00f3n hasta la avenida Alejandrina Carvajal, donde una gr\u00faa logr\u00f3 situarlo sobre su plataforma original.<br \/>\nEsta estructura ferroviaria fue construida a finales de la d\u00e9cada de 1890 y a pesar del paso de los a\u00f1os se ha conservado en buenas condiciones, aunque de todas maneras ser\u00e1 sometida a un proceso de remodelaci\u00f3n para convertirlo en una cafeter\u00eda.<br \/>\nLu\u00eds Alberto Andrade es un empresario agr\u00edcola avecindado en Putaendo hace m\u00e1s de una d\u00e9cada y es la persona encargada de liderar este proyecto. En conversaci\u00f3n con nuestro medio precis\u00f3 que al ver que el municipio estaba recuperando y remodelando el emblem\u00e1tico Puente Cimbra y su entorno, incluido el per\u00edmetro donde se emplaza el Puente Gast\u00f3n Ormaz\u00e1bal, decidi\u00f3 presentar un proyecto y pedir concesi\u00f3n para instalar en una primera instancia un conteiner que fuese acondicionado como cafeter\u00eda y finalmente se inclin\u00f3 por la instalaci\u00f3n de la pieza ferroviaria.<br \/>\nAndrade agreg\u00f3 que no descarta traer un segundo vag\u00f3n y construir juegos para ni\u00f1os y terrazas, todo en concordancia con el entorno, motivo por el cual sostuvo que su preocupaci\u00f3n ser\u00e1 entregar no tan s\u00f3lo una buena atenci\u00f3n, sino que permitir a la comunidad viajar en el tiempo a trav\u00e9s de este vag\u00f3n.<br \/>\nLa ma\u00f1ana de este s\u00e1bado, el alcalde Guillermo Reyes visit\u00f3 el lugar y agradeci\u00f3 el aporte de Luis Andrade, confirmando que el Concejo Municipal de Putaendo acept\u00f3 otorgarle la concesi\u00f3n, pues el proyecto result\u00f3 muy interesante.<br \/>\nReyes declar\u00f3 que no tiene dudas que en los pr\u00f3ximos meses no tan s\u00f3lo el vag\u00f3n estar\u00e1 listo, sino que todo en el entorno ser\u00e1 transformado con la construcci\u00f3n de ciclov\u00edas, adelantos que dejar\u00e1n atr\u00e1s el deteriorado aspecto de la avenida Alejandrina Carvajal de Putaendo.<br \/>\nLa llegada de est\u00e9 vag\u00f3n no ha pasado inadvertida para los putaendinos, quienes han llegado al sector para conocerlo y fotografiarse, mostr\u00e1ndose maravillados por la figura imponente del antiguo vag\u00f3n presidencial que ha llegado a nuestra comuna para formar parte de su patrimonio.<br \/>\n<strong>Patricio Gallardo M.<\/strong><\/p>\n","protected":false},"excerpt":{"rendered":"<p>La estructura ferroviaria est\u00e1 ubicada en el Borde R\u00edo de Putaendo, y su instalaci\u00f3n busca aumentar el atractivo tur\u00edstico en el sector. PUTAENDO.- El vag\u00f3n presidencial perteneciente al ferrocarril trasandino y que&#8230;<\/p>\n","protected":false},"author":1,"featured_media":68615,"comment_status":"open","ping_status":"open","sticky":false,"template":"","format":"standard","meta":{"advanced_seo_description":"","jetpack_seo_html_title":"","jetpack_seo_noindex":false,"_jetpack_memberships_contains_paid_content":false,"footnotes":""},"categories":[15],"tags":[],"class_list":["post-68614","post","type-post","status-publish","format-standard","has-post-thumbnail","hentry","category-comunidad"],"jetpack_featured_media_url":"https:\/\/i0.wp.com\/eltrabajo.cl\/portal\/wp-content\/uploads\/2016\/04\/tren1.jpg?fit=530%2C350&ssl=1","jetpack_sharing_enabled":true,"jetpack_likes_enabled":true,"jetpack-related-posts":[],"_links":{"self":[{"href":"https:\/\/eltrabajo.cl\/portal\/wp-json\/wp\/v2\/posts\/68614","targetHints":{"allow":["GET"]}}],"collection":[{"href":"https:\/\/eltrabajo.cl\/portal\/wp-json\/wp\/v2\/posts"}],"about":[{"href":"https:\/\/eltrabajo.cl\/portal\/wp-json\/wp\/v2\/types\/post"}],"author":[{"embeddable":true,"href":"https:\/\/eltrabajo.cl\/portal\/wp-json\/wp\/v2\/users\/1"}],"replies":[{"embeddable":true,"href":"https:\/\/eltrabajo.cl\/portal\/wp-json\/wp\/v2\/comments?post=68614"}],"version-history":[{"count":0,"href":"https:\/\/eltrabajo.cl\/portal\/wp-json\/wp\/v2\/posts\/68614\/revisions"}],"wp:featuredmedia":[{"embeddable":true,"href":"https:\/\/eltrabajo.cl\/portal\/wp-json\/wp\/v2\/media\/68615"}],"wp:attachment":[{"href":"https:\/\/eltrabajo.cl\/portal\/wp-json\/wp\/v2\/media?parent=68614"}],"wp:term":[{"taxonomy":"category","embeddable":true,"href":"https:\/\/eltrabajo.cl\/portal\/wp-json\/wp\/v2\/categories?post=68614"},{"taxonomy":"post_tag","embeddable":true,"href":"https:\/\/eltrabajo.cl\/portal\/wp-json\/wp\/v2\/tags?post=68614"}],"curies":[{"name":"wp","href":"https:\/\/api.w.org\/{rel}","templated":true}]}}