{"id":68618,"date":"2016-04-11T10:04:23","date_gmt":"2016-04-11T13:04:23","guid":{"rendered":"http:\/\/www.eltrabajo.cl\/portal\/?p=68618"},"modified":"2016-04-11T10:04:23","modified_gmt":"2016-04-11T13:04:23","slug":"cruz-roja-san-felipe-cerraria-sus-puertas-por-dificil-situacion-economica","status":"publish","type":"post","link":"https:\/\/eltrabajo.cl\/portal\/cruz-roja-san-felipe-cerraria-sus-puertas-por-dificil-situacion-economica\/","title":{"rendered":"Cruz Roja San Felipe cerrar\u00eda sus puertas por dif\u00edcil situaci\u00f3n econ\u00f3mica"},"content":{"rendered":"<figure id=\"attachment_68619\" aria-describedby=\"caption-attachment-68619\" style=\"width: 530px\" class=\"wp-caption alignleft\"><a href=\"http:\/\/www.eltrabajo.cl\/portal\/cruz-roja-san-felipe-cerraria-sus-puertas-por-dificil-situacion-economica\/cruz-roja-arreglos\/\" rel=\"attachment wp-att-68619\"><img data-recalc-dims=\"1\" loading=\"lazy\" decoding=\"async\" class=\"size-full wp-image-68619\" src=\"https:\/\/i0.wp.com\/www.eltrabajo.cl\/portal\/wp-content\/uploads\/2016\/04\/cruz-roja-arreglos.jpg?resize=530%2C350\" alt=\"Los trabajos concluyeron el viernes y hoy el local luce totalmente renovado.\" width=\"530\" height=\"350\" srcset=\"https:\/\/i0.wp.com\/eltrabajo.cl\/portal\/wp-content\/uploads\/2016\/04\/cruz-roja-arreglos.jpg?w=530&amp;ssl=1 530w, https:\/\/i0.wp.com\/eltrabajo.cl\/portal\/wp-content\/uploads\/2016\/04\/cruz-roja-arreglos.jpg?resize=200%2C132&amp;ssl=1 200w, https:\/\/i0.wp.com\/eltrabajo.cl\/portal\/wp-content\/uploads\/2016\/04\/cruz-roja-arreglos.jpg?resize=300%2C198&amp;ssl=1 300w, https:\/\/i0.wp.com\/eltrabajo.cl\/portal\/wp-content\/uploads\/2016\/04\/cruz-roja-arreglos.jpg?resize=227%2C150&amp;ssl=1 227w, https:\/\/i0.wp.com\/eltrabajo.cl\/portal\/wp-content\/uploads\/2016\/04\/cruz-roja-arreglos.jpg?resize=400%2C264&amp;ssl=1 400w\" sizes=\"auto, (max-width: 530px) 100vw, 530px\" \/><\/a><figcaption id=\"caption-attachment-68619\" class=\"wp-caption-text\">Los trabajos concluyeron el viernes y hoy el local luce totalmente renovado.<\/figcaption><\/figure>\n<p>Una compleja situaci\u00f3n es la que est\u00e1 viviendo filial San Felipe de la Cruz Roja, la que debido a los graves problemas econ\u00f3micos que presenta para su subsistencia, podr\u00eda seguir el mismo destino de las filiales de Santa Mar\u00eda y Llay Llay, las cuales debieron adoptar la dr\u00e1stica decisi\u00f3n de cerrar sus puertas.<br \/>\nLo anterior ha despertado bastante preocupaci\u00f3n en diferentes personas que est\u00e1n articulando una campa\u00f1a de inscripci\u00f3n de socios para salvar a esta instituci\u00f3n casi centenaria en San Felipe, fundada solo 15 a\u00f1os despu\u00e9s de la Cruz Roja de Chile por el Dr. Luis Gajardo Guerrero, el 20 de Agosto de 1920, con la misi\u00f3n de \u00abmitigar el sufrimiento humano y mejorar la calidad de vida de las personas, convirti\u00e9ndolas en los principales actores en la protecci\u00f3n y recuperaci\u00f3n de su seguridad y de su salud\u00bb.<br \/>\nAs\u00ed lo inform\u00f3 el conocido dirigente vecinal Claudio Pantoja, quien es una de esas personas que est\u00e1n preocupados por el futuro de Cruz Roja de San Felipe, al punto que asumi\u00f3 por su propia cuenta la iniciativa efectuar un mejoramiento de la fachada de la filial local.<br \/>\nSeg\u00fan explic\u00f3 el mismo Pantoja, sostuvo una reuni\u00f3n con la Presidenta de la Cruz Roja, Mar\u00eda Teresa Vargas, \u00abdonde se abord\u00f3 la realizaci\u00f3n de un bingo en el mes de mayo, a ra\u00edz de la problem\u00e1tica por la que est\u00e1 pasando la Cruz Roja que ya ha cerrado las filiales de Santa Mar\u00eda y Llay Llay, y que en San Felipe est\u00e1 a un paso de cerrar.<\/p>\n<figure id=\"attachment_68620\" aria-describedby=\"caption-attachment-68620\" style=\"width: 300px\" class=\"wp-caption alignright\"><a href=\"http:\/\/www.eltrabajo.cl\/portal\/cruz-roja-san-felipe-cerraria-sus-puertas-por-dificil-situacion-economica\/claudio-pantoja-dirigente-vecinal\/\" rel=\"attachment wp-att-68620\"><img data-recalc-dims=\"1\" loading=\"lazy\" decoding=\"async\" class=\"wp-image-68620 size-medium\" src=\"https:\/\/i0.wp.com\/www.eltrabajo.cl\/portal\/wp-content\/uploads\/2016\/04\/claudio-pantoja-dirigente-vecinal-300x199.jpg?resize=300%2C199\" alt=\"Claudio Pantoja, dirigente vecinal.\" width=\"300\" height=\"199\" srcset=\"https:\/\/i0.wp.com\/eltrabajo.cl\/portal\/wp-content\/uploads\/2016\/04\/claudio-pantoja-dirigente-vecinal.jpg?resize=300%2C199&amp;ssl=1 300w, https:\/\/i0.wp.com\/eltrabajo.cl\/portal\/wp-content\/uploads\/2016\/04\/claudio-pantoja-dirigente-vecinal.jpg?resize=200%2C133&amp;ssl=1 200w, https:\/\/i0.wp.com\/eltrabajo.cl\/portal\/wp-content\/uploads\/2016\/04\/claudio-pantoja-dirigente-vecinal.jpg?resize=226%2C150&amp;ssl=1 226w, https:\/\/i0.wp.com\/eltrabajo.cl\/portal\/wp-content\/uploads\/2016\/04\/claudio-pantoja-dirigente-vecinal.jpg?resize=400%2C265&amp;ssl=1 400w, https:\/\/i0.wp.com\/eltrabajo.cl\/portal\/wp-content\/uploads\/2016\/04\/claudio-pantoja-dirigente-vecinal.jpg?w=528&amp;ssl=1 528w\" sizes=\"auto, (max-width: 300px) 100vw, 300px\" \/><\/a><figcaption id=\"caption-attachment-68620\" class=\"wp-caption-text\">Claudio Pantoja, dirigente vecinal.<\/figcaption><\/figure>\n<p>\u00abDe ah\u00ed naci\u00f3 la iniciativa de pintar el frontis, iniciativa que naci\u00f3 de m\u00ed y que ella acept\u00f3, por lo que me contact\u00e9 con amigos y logr\u00e9 juntar la pintura. Le convers\u00e9 a Ricardo, el maestro de obras de Juan Carlos Monasterio, para ver si \u00e9l pod\u00eda realizar el trabajo, y sin pensarlo dos veces me dijo que s\u00ed\u00bb, se\u00f1al\u00f3 Pantoja, agregando que los trabajos se realizaron el jueves y viernes pasado.<br \/>\nFinalmente el dirigente dijo sentirse \u00abmuy satisfecho y feliz que existan vecinos de San Felipe que crean en mi persona, y que me hayan apoyado, porque esto m\u00e1s que una obra social es una entrega de amor y compromiso con la Cruz Roja de San Felipe, sin importar el costo econ\u00f3mico invertido. Ahora con el frontis pintado y hermoseado, se nos viene la segunda etapa que es reunir unos 50 socios que mensualmente apoyen econ\u00f3micamente a la Cruz Roja, para que esta filial no desaparezca y no pase penurias. Estaremos informando a trav\u00e9s de los medios locales cuando estar\u00eda comenzando la campa\u00f1a oficial, pero si hay alg\u00fan interesado, se pueden acercar a Prat 11 en San Felipe\u00bb.<\/p>\n","protected":false},"excerpt":{"rendered":"<p>Una compleja situaci\u00f3n es la que est\u00e1 viviendo filial San Felipe de la Cruz Roja, la que debido a los graves problemas econ\u00f3micos que presenta para su subsistencia, podr\u00eda seguir el mismo&#8230;<\/p>\n","protected":false},"author":1,"featured_media":68619,"comment_status":"open","ping_status":"open","sticky":false,"template":"","format":"standard","meta":{"advanced_seo_description":"","jetpack_seo_html_title":"","jetpack_seo_noindex":false,"_jetpack_memberships_contains_paid_content":false,"footnotes":""},"categories":[15],"tags":[],"class_list":["post-68618","post","type-post","status-publish","format-standard","has-post-thumbnail","hentry","category-comunidad"],"jetpack_featured_media_url":"https:\/\/i0.wp.com\/eltrabajo.cl\/portal\/wp-content\/uploads\/2016\/04\/cruz-roja-arreglos.jpg?fit=530%2C350&ssl=1","jetpack_sharing_enabled":true,"jetpack_likes_enabled":true,"jetpack-related-posts":[],"_links":{"self":[{"href":"https:\/\/eltrabajo.cl\/portal\/wp-json\/wp\/v2\/posts\/68618","targetHints":{"allow":["GET"]}}],"collection":[{"href":"https:\/\/eltrabajo.cl\/portal\/wp-json\/wp\/v2\/posts"}],"about":[{"href":"https:\/\/eltrabajo.cl\/portal\/wp-json\/wp\/v2\/types\/post"}],"author":[{"embeddable":true,"href":"https:\/\/eltrabajo.cl\/portal\/wp-json\/wp\/v2\/users\/1"}],"replies":[{"embeddable":true,"href":"https:\/\/eltrabajo.cl\/portal\/wp-json\/wp\/v2\/comments?post=68618"}],"version-history":[{"count":0,"href":"https:\/\/eltrabajo.cl\/portal\/wp-json\/wp\/v2\/posts\/68618\/revisions"}],"wp:featuredmedia":[{"embeddable":true,"href":"https:\/\/eltrabajo.cl\/portal\/wp-json\/wp\/v2\/media\/68619"}],"wp:attachment":[{"href":"https:\/\/eltrabajo.cl\/portal\/wp-json\/wp\/v2\/media?parent=68618"}],"wp:term":[{"taxonomy":"category","embeddable":true,"href":"https:\/\/eltrabajo.cl\/portal\/wp-json\/wp\/v2\/categories?post=68618"},{"taxonomy":"post_tag","embeddable":true,"href":"https:\/\/eltrabajo.cl\/portal\/wp-json\/wp\/v2\/tags?post=68618"}],"curies":[{"name":"wp","href":"https:\/\/api.w.org\/{rel}","templated":true}]}}