{"id":68623,"date":"2016-04-12T08:24:03","date_gmt":"2016-04-12T11:24:03","guid":{"rendered":"http:\/\/www.eltrabajo.cl\/portal\/?p=68623"},"modified":"2016-04-12T08:24:03","modified_gmt":"2016-04-12T11:24:03","slug":"benefician-a-mas-de-900-estudiantes-sanfelipenos-con-programa-municipal-de-pasajes","status":"publish","type":"post","link":"https:\/\/eltrabajo.cl\/portal\/benefician-a-mas-de-900-estudiantes-sanfelipenos-con-programa-municipal-de-pasajes\/","title":{"rendered":"Benefician a m\u00e1s de 900 estudiantes sanfelipe\u00f1os con Programa Municipal de Pasajes"},"content":{"rendered":"<figure id=\"attachment_68624\" aria-describedby=\"caption-attachment-68624\" style=\"width: 300px\" class=\"wp-caption alignleft\"><a href=\"http:\/\/www.eltrabajo.cl\/portal\/benefician-a-mas-de-900-estudiantes-sanfelipenos-con-programa-municipal-de-pasajes\/ricardo-carrasco-4\/\" rel=\"attachment wp-att-68624\"><img data-recalc-dims=\"1\" loading=\"lazy\" decoding=\"async\" class=\"size-medium wp-image-68624\" src=\"https:\/\/i0.wp.com\/www.eltrabajo.cl\/portal\/wp-content\/uploads\/2016\/04\/Ricardo-Carrasco-300x197.jpg?resize=300%2C197\" alt=\"Ricardo Carrasco, coordinador del \u00e1rea comunitaria de la Municipalidad de San Felipe.\" width=\"300\" height=\"197\" srcset=\"https:\/\/i0.wp.com\/eltrabajo.cl\/portal\/wp-content\/uploads\/2016\/04\/Ricardo-Carrasco.jpg?resize=300%2C197&amp;ssl=1 300w, https:\/\/i0.wp.com\/eltrabajo.cl\/portal\/wp-content\/uploads\/2016\/04\/Ricardo-Carrasco.jpg?resize=200%2C131&amp;ssl=1 200w, https:\/\/i0.wp.com\/eltrabajo.cl\/portal\/wp-content\/uploads\/2016\/04\/Ricardo-Carrasco.jpg?resize=228%2C150&amp;ssl=1 228w, https:\/\/i0.wp.com\/eltrabajo.cl\/portal\/wp-content\/uploads\/2016\/04\/Ricardo-Carrasco.jpg?resize=400%2C263&amp;ssl=1 400w, https:\/\/i0.wp.com\/eltrabajo.cl\/portal\/wp-content\/uploads\/2016\/04\/Ricardo-Carrasco.jpg?w=530&amp;ssl=1 530w\" sizes=\"auto, (max-width: 300px) 100vw, 300px\" \/><\/a><figcaption id=\"caption-attachment-68624\" class=\"wp-caption-text\">Ricardo Carrasco, coordinador del \u00e1rea comunitaria de la Municipalidad de San Felipe.<\/figcaption><\/figure>\n<p><strong>Concejo Municipal aprob\u00f3 presupuesto de 55 millones de pesos para la entrega a cada estudiante de 8 pasajes (4 de ida y 4 de regreso) para el primer semestre y 10 pasajes (5 de ida y 5 de regreso) para el segundo semestre.<\/strong><br \/>\nUn total de 959 j\u00f3venes de nuestra comuna, resultaron favorecidos con el Programa Municipal de Becas de Pasajes para Estudiantes de la Educaci\u00f3n Superior, que tradicionalmente implementa la municipalidad de San Felipe, con recursos propios.<br \/>\nAs\u00ed lo dio a conocer el coordinador del \u00e1rea comunitaria de la corporaci\u00f3n edilicia, Ricardo Carrasco, quien coment\u00f3 que el programa fue presentado en la \u00faltima sesi\u00f3n del Concejo Municipal, ocasi\u00f3n en la que se aprob\u00f3 el presupuesto de 55 millones de pesos, para financiar la compra de pasajes para los estudiantes.<br \/>\nCada beneficiado recibir\u00e1 8 pasajes durante el primer semestre, ya sea para el recorrido San Felipe \u2013 Santiago o para el recorrido San Felipe \u2013 Valpara\u00edso\/Vi\u00f1a del Mar, adem\u00e1s de otros diez pasajes en el segundo semestre. Tambi\u00e9n hay casos excepcionales de j\u00f3venes que cursan su educaci\u00f3n superior en otros puntos del pa\u00eds y que tambi\u00e9n fueron favorecidos con este programa.<br \/>\n\u201cFueron 964 los j\u00f3venes que postularon, quedando solamente 5 j\u00f3venes fuera del programa, por cuanto no cumpl\u00edan con un requisito b\u00e1sico, como es el de residir en la comuna de San Felipe\u201d, se\u00f1al\u00f3 el profesional.<br \/>\nRicardo Carrasco, se\u00f1al\u00f3 que el s\u00e1bado 30 de abril se realizar\u00e1 la entrega masiva de pasajes a los alumnos favorecidos. Habr\u00e1 una segunda fecha de entrega contemplada para el s\u00e1bado 7 de mayo, aun cuando quienes no puedan acudir en esas fechas, podr\u00e1n retirarlos con posterioridad, ya sea de manera personal o a trav\u00e9s de un familiar que los represente.<br \/>\nEn general, un porcentaje significativo de estudiantes favorecidos, corresponden a alumnos de casas de estudios de Valpara\u00edso y Vi\u00f1a del Mar. El listado de beneficiados se dar\u00e1 a conocer en los pr\u00f3ximos d\u00edas y se publicar\u00e1 en el sitio web de la municipalidad www.munisanfelipe.cl.<br \/>\n\u201cDe total de beneficiarios, 716 j\u00f3venes recibir\u00e1n pasajes para viajar a Valpara\u00edso, mientras que 243 viajan a Santiago. Hay casos extraordinarios que el municipio apoyar\u00e1 y corresponden a estudiantes que estudian en otras casas de estudios de otros puntos del pa\u00eds. Por lo tanto estamos hablando de una inversi\u00f3n municipal que cubre pr\u00e1cticamente toda la demanda que se hizo de pasajes en el proceso de postulaci\u00f3n 2016\u201d, expres\u00f3 Ricardo Carrasco.<br \/>\nSeg\u00fan asever\u00f3 el alcalde Patricio Freire, esta iniciativa demuestra el compromiso del municipio con los j\u00f3venes de la comuna, apostando por su formaci\u00f3n profesional, con la esperanza de que una vez titulados puedan contribuir al desarrollo de la comuna y del pa\u00eds.<br \/>\nA\u00f1adi\u00f3 que el concejo municipal en pleno lo que desea es contribuir y apoyar a los estudiantes y sus familias, comprendiendo que el hecho de estudiar fuera de su ciudad, constituye un gasto significativo de dinero y por ese motivo, muchas veces no pueden viajar a sus casas.<\/p>\n","protected":false},"excerpt":{"rendered":"<p>Concejo Municipal aprob\u00f3 presupuesto de 55 millones de pesos para la entrega a cada estudiante de 8 pasajes (4 de ida y 4 de regreso) para el primer semestre y 10 pasajes&#8230;<\/p>\n","protected":false},"author":1,"featured_media":68624,"comment_status":"open","ping_status":"open","sticky":false,"template":"","format":"standard","meta":{"advanced_seo_description":"","jetpack_seo_html_title":"","jetpack_seo_noindex":false,"_jetpack_memberships_contains_paid_content":false,"footnotes":""},"categories":[1],"tags":[],"class_list":["post-68623","post","type-post","status-publish","format-standard","has-post-thumbnail","hentry","category-cronica"],"jetpack_featured_media_url":"https:\/\/i0.wp.com\/eltrabajo.cl\/portal\/wp-content\/uploads\/2016\/04\/Ricardo-Carrasco.jpg?fit=530%2C348&ssl=1","jetpack_sharing_enabled":true,"jetpack_likes_enabled":true,"jetpack-related-posts":[],"_links":{"self":[{"href":"https:\/\/eltrabajo.cl\/portal\/wp-json\/wp\/v2\/posts\/68623","targetHints":{"allow":["GET"]}}],"collection":[{"href":"https:\/\/eltrabajo.cl\/portal\/wp-json\/wp\/v2\/posts"}],"about":[{"href":"https:\/\/eltrabajo.cl\/portal\/wp-json\/wp\/v2\/types\/post"}],"author":[{"embeddable":true,"href":"https:\/\/eltrabajo.cl\/portal\/wp-json\/wp\/v2\/users\/1"}],"replies":[{"embeddable":true,"href":"https:\/\/eltrabajo.cl\/portal\/wp-json\/wp\/v2\/comments?post=68623"}],"version-history":[{"count":0,"href":"https:\/\/eltrabajo.cl\/portal\/wp-json\/wp\/v2\/posts\/68623\/revisions"}],"wp:featuredmedia":[{"embeddable":true,"href":"https:\/\/eltrabajo.cl\/portal\/wp-json\/wp\/v2\/media\/68624"}],"wp:attachment":[{"href":"https:\/\/eltrabajo.cl\/portal\/wp-json\/wp\/v2\/media?parent=68623"}],"wp:term":[{"taxonomy":"category","embeddable":true,"href":"https:\/\/eltrabajo.cl\/portal\/wp-json\/wp\/v2\/categories?post=68623"},{"taxonomy":"post_tag","embeddable":true,"href":"https:\/\/eltrabajo.cl\/portal\/wp-json\/wp\/v2\/tags?post=68623"}],"curies":[{"name":"wp","href":"https:\/\/api.w.org\/{rel}","templated":true}]}}