{"id":68647,"date":"2016-04-12T08:39:21","date_gmt":"2016-04-12T11:39:21","guid":{"rendered":"http:\/\/www.eltrabajo.cl\/portal\/?p=68647"},"modified":"2016-04-12T08:39:21","modified_gmt":"2016-04-12T11:39:21","slug":"vecinos-de-villa-el-carmen-demandan-mayor-seguridad-vial-en-michimalongo","status":"publish","type":"post","link":"https:\/\/eltrabajo.cl\/portal\/vecinos-de-villa-el-carmen-demandan-mayor-seguridad-vial-en-michimalongo\/","title":{"rendered":"Vecinos de Villa El Carmen demandan mayor seguridad vial en Michimalongo"},"content":{"rendered":"<p><strong>A ra\u00edz del atropello de joven de 15 a\u00f1os:<\/strong><br \/>\nEstable dentro de su gravedad se encuentra el muchacho que, en la transitada arteria, fue arrollado por un conductor sin licencia de conducir apta para el transporte de pasajeros y adem\u00e1s con los documentos del taxi vencidos.<br \/>\nA las 18 horas de ayer, vecinos de la villa El Carmen y sus alrededores, se reunieron en avenida Michimalongo e interrumpieron el tr\u00e1nsito durante varios minutos, para protestar por la poca fiscalizaci\u00f3n que existe en el lugar por parte de Carabineros, a los veh\u00edculos que se desplazan a alta velocidad por el sector, y adem\u00e1s, demandaron la urgencia de contar con resaltos (lomos de toro) en una de las principales avenidas de San Felipe, en donde el viernes pasado, el joven O.S.M.V. de 15 a\u00f1os, fue impactado por un radio taxi, que seg\u00fan testigos, era conducido a unos 100 Km\/hora.<br \/>\nEl accidente se produjo a eso de las 9:20 de la ma\u00f1ana, en circunstancias que el adolescente se dirig\u00eda al colegio (Escuela Agr\u00edcola) en su bicicleta, cuando al momento de intentar cruzar de una pista a otra, fue embestido por el autom\u00f3vil conducido por Franco Vega Lazo, quien se desplazaba a alta velocidad, con los documentos del radio taxi vencidos y adem\u00e1s manejando con Licencia de conducir clase B, un transporte que requiere visa de conductor profesional clase A1, A2 \u00f3 A3.<br \/>\nLuis Ponce Lazcano, conocido comunicador del Valle de Aconcagua, es padrastro de Oscar. Junto con lamentar el duro momento que le est\u00e1 tocando vivir a su familia, afirm\u00f3 que el accidente pudo tener consecuencias menos graves, de no ser por el irresponsable actuar del conductor del m\u00f3vil.<br \/>\n\u00abEl accidente de Oscar se pudo evitar\u2026los gallos creen que Michimalongo es la CH 60, si el conductor hubiese ido a una velocidad de 40 \u00f3 50 como debe ser, quiz\u00e1s le pega un top\u00f3n y lo bota, le quiebra un brazo, pero no lo deja al borde de la muerte, porque el impacto se lo llev\u00f3 en el parabrisas y cay\u00f3 30 mts debajo de la ruedas de un cami\u00f3n que ven\u00eda en sentido contrario\u00bb, relat\u00f3.<br \/>\nLa situaci\u00f3n del muchacho sigue siendo delicada, pues el impacto le provoco una fractura de cr\u00e1neo en la parte posterior, de un extremo a otro, lo que produjo un co\u00e1gulo cerebral que afortunadamente no ha crecido con el transcurso de los d\u00edas. Adem\u00e1s, el joven presenta una luxaci\u00f3n en su pierna derecha, laceraciones y hematomas en todo el cuerpo.<br \/>\nSi bien el muchacho abandon\u00f3 la Unidad de cuidados Intensivos, pas\u00f3 ayer a la Unidad de tratamientos Intermedios del Hospital San Camilo, recinto en el que se le efectu\u00f3 un tercer scanner, el cual evidenci\u00f3 otro coagulo cerebral, que seg\u00fan los m\u00e9dicos, no generar\u00eda consecuencias neurol\u00f3gicas.<\/p>\n<p><strong>Direcci\u00f3n de Tr\u00e1nsito<\/strong><br \/>\nCabe destacar que hasta el lugar de la manifestaci\u00f3n lleg\u00f3 el Director de Tr\u00e1nsito de la Municipalidad, Guillermo Orellana, quien comprometi\u00f3 la instalaci\u00f3n de 3 resaltos en Michimalongo dentro de los pr\u00f3ximos 20 d\u00edas, adem\u00e1s de se\u00f1al\u00e9tica para impedir el estacionamiento de camiones a las afueras de la empresa agr\u00edcola Exser.<br \/>\nAnte la ausencia de representantes de la Junta de Vecinos de Villa El Carmen, se escogi\u00f3 a tres personas que conformar\u00e1n una mesa de trabajo con el municipio y Carabineros para tratar requerimientos viales del sector.<\/p>\n<figure id=\"attachment_68648\" aria-describedby=\"caption-attachment-68648\" style=\"width: 530px\" class=\"wp-caption alignleft\"><a href=\"http:\/\/www.eltrabajo.cl\/portal\/vecinos-de-villa-el-carmen-demandan-mayor-seguridad-vial-en-michimalongo\/porta-foto-2-protesta-villa-el-carmen\/\" rel=\"attachment wp-att-68648\"><img data-recalc-dims=\"1\" loading=\"lazy\" decoding=\"async\" class=\"size-full wp-image-68648\" src=\"https:\/\/i0.wp.com\/www.eltrabajo.cl\/portal\/wp-content\/uploads\/2016\/04\/porta-FOTO-2-Protesta-Villa-El-Carmen.jpg?resize=530%2C350\" alt=\"Vecinos sanfelipe\u00f1os se toman intersecci\u00f3n de avenida Michimalongo con Calle Bombero Juan Mira Avello, en villa El Carmen.\" width=\"530\" height=\"350\" srcset=\"https:\/\/i0.wp.com\/eltrabajo.cl\/portal\/wp-content\/uploads\/2016\/04\/porta-FOTO-2-Protesta-Villa-El-Carmen.jpg?w=530&amp;ssl=1 530w, https:\/\/i0.wp.com\/eltrabajo.cl\/portal\/wp-content\/uploads\/2016\/04\/porta-FOTO-2-Protesta-Villa-El-Carmen.jpg?resize=200%2C132&amp;ssl=1 200w, https:\/\/i0.wp.com\/eltrabajo.cl\/portal\/wp-content\/uploads\/2016\/04\/porta-FOTO-2-Protesta-Villa-El-Carmen.jpg?resize=300%2C198&amp;ssl=1 300w, https:\/\/i0.wp.com\/eltrabajo.cl\/portal\/wp-content\/uploads\/2016\/04\/porta-FOTO-2-Protesta-Villa-El-Carmen.jpg?resize=227%2C150&amp;ssl=1 227w, https:\/\/i0.wp.com\/eltrabajo.cl\/portal\/wp-content\/uploads\/2016\/04\/porta-FOTO-2-Protesta-Villa-El-Carmen.jpg?resize=400%2C264&amp;ssl=1 400w\" sizes=\"auto, (max-width: 530px) 100vw, 530px\" \/><\/a><figcaption id=\"caption-attachment-68648\" class=\"wp-caption-text\">Vecinos sanfelipe\u00f1os se toman intersecci\u00f3n de avenida Michimalongo con Calle Bombero Juan Mira Avello, en villa El Carmen.<\/figcaption><\/figure>\n","protected":false},"excerpt":{"rendered":"<p>A ra\u00edz del atropello de joven de 15 a\u00f1os: Estable dentro de su gravedad se encuentra el muchacho que, en la transitada arteria, fue arrollado por un conductor sin licencia de conducir&#8230;<\/p>\n","protected":false},"author":1,"featured_media":68648,"comment_status":"open","ping_status":"open","sticky":false,"template":"","format":"standard","meta":{"advanced_seo_description":"","jetpack_seo_html_title":"","jetpack_seo_noindex":false,"_jetpack_memberships_contains_paid_content":false,"footnotes":""},"categories":[15],"tags":[],"class_list":["post-68647","post","type-post","status-publish","format-standard","has-post-thumbnail","hentry","category-comunidad"],"jetpack_featured_media_url":"https:\/\/i0.wp.com\/eltrabajo.cl\/portal\/wp-content\/uploads\/2016\/04\/porta-FOTO-2-Protesta-Villa-El-Carmen.jpg?fit=530%2C350&ssl=1","jetpack_sharing_enabled":true,"jetpack_likes_enabled":true,"jetpack-related-posts":[],"_links":{"self":[{"href":"https:\/\/eltrabajo.cl\/portal\/wp-json\/wp\/v2\/posts\/68647","targetHints":{"allow":["GET"]}}],"collection":[{"href":"https:\/\/eltrabajo.cl\/portal\/wp-json\/wp\/v2\/posts"}],"about":[{"href":"https:\/\/eltrabajo.cl\/portal\/wp-json\/wp\/v2\/types\/post"}],"author":[{"embeddable":true,"href":"https:\/\/eltrabajo.cl\/portal\/wp-json\/wp\/v2\/users\/1"}],"replies":[{"embeddable":true,"href":"https:\/\/eltrabajo.cl\/portal\/wp-json\/wp\/v2\/comments?post=68647"}],"version-history":[{"count":0,"href":"https:\/\/eltrabajo.cl\/portal\/wp-json\/wp\/v2\/posts\/68647\/revisions"}],"wp:featuredmedia":[{"embeddable":true,"href":"https:\/\/eltrabajo.cl\/portal\/wp-json\/wp\/v2\/media\/68648"}],"wp:attachment":[{"href":"https:\/\/eltrabajo.cl\/portal\/wp-json\/wp\/v2\/media?parent=68647"}],"wp:term":[{"taxonomy":"category","embeddable":true,"href":"https:\/\/eltrabajo.cl\/portal\/wp-json\/wp\/v2\/categories?post=68647"},{"taxonomy":"post_tag","embeddable":true,"href":"https:\/\/eltrabajo.cl\/portal\/wp-json\/wp\/v2\/tags?post=68647"}],"curies":[{"name":"wp","href":"https:\/\/api.w.org\/{rel}","templated":true}]}}