{"id":68660,"date":"2016-04-12T08:49:32","date_gmt":"2016-04-12T11:49:32","guid":{"rendered":"http:\/\/www.eltrabajo.cl\/portal\/?p=68660"},"modified":"2016-04-12T08:49:32","modified_gmt":"2016-04-12T11:49:32","slug":"quitada-de-drogas-habria-sido-el-movil-de-homicidio-en-quebrada-herrera","status":"publish","type":"post","link":"https:\/\/eltrabajo.cl\/portal\/quitada-de-drogas-habria-sido-el-movil-de-homicidio-en-quebrada-herrera\/","title":{"rendered":"Quitada de drogas habr\u00eda sido el m\u00f3vil de homicidio en Quebrada Herrera"},"content":{"rendered":"<p><strong>PDI eval\u00faa \u2018mexicana\u2019 tras incautaci\u00f3n de marihuana en vivienda de la v\u00edctima:\u00a0<\/strong><strong>Desconocidos habr\u00edan disparado a quemarropa sobre la v\u00edctima de 55 a\u00f1os de edad, quien perdi\u00f3 la vida a los pocos minutos. En tanto, un hermano del fallecido fue apu\u00f1alado en una de sus piernas durante la madrugada de ayer lunes.<\/strong><\/p>\n<p>Una aparente quitada de drogas al estilo \u2018mexicana\u2019 ser\u00eda el m\u00f3vil del homicidio de un hombre de 55 a\u00f1os de edad, identificado como Williams Fernando Godoy Nanjar\u00ed. La v\u00edctima falleci\u00f3 tras recibir un certero impacto de bala en el abdomen, propinado por desconocidos que invadieron la propiedad en el sector de Quebrada Herrera en San Felipe.<br \/>\nLos primeros antecedentes confirmados por la Polic\u00eda de Investigaciones, se\u00f1alan que Godoy Nanjar\u00ed, tras ser herido a bala, fue trasladado por sus familiares hasta el Hospital San Camilo de San Felipe pasadas las tres de la madrugada de ayer lunes, con un paro cardio respiratorio, debiendo ser reanimado por los m\u00e9dicos de turno. Sin embargo, estas maniobras no rindieron resultados y minutos m\u00e1s tarde, el deceso de la v\u00edctima fue confirmado a sus cercanos.<br \/>\nAl mismo tiempo, un hermano de esta v\u00edctima identificado como Juan Godoy habr\u00eda sufrido una herida con un arma blanca, hecho que est\u00e1 siendo investigado por la polic\u00eda para dilucidar si este ataque ocurri\u00f3 dentro del mismo hecho o fue una situaci\u00f3n paralela.<br \/>\nLos antecedentes proporcionados por Carabineros, que adoptaron el procedimiento inicialmente, se\u00f1alan que habr\u00edan irrumpido tres sujetos encapuchados, dos actuaron directamente y un tercero habr\u00eda permanecido en una camioneta en la que se movilizaban.<br \/>\nSeg\u00fan familiares de las v\u00edctimas, los sujetos habr\u00edan llegado al domicilio de Godoy Nanjar\u00ed, el cual grit\u00f3 pidiendo ayuda, acudiendo su hermano Juan Godoy que vive en el mismo predio. El hermano se habr\u00eda encontrado con los antisociales siendo atacado con un arma blanca, resultando herido en el muslo de su pierna derecha. Inmediatamente Juan Godoy fue trasladado al servicio de urgencia del hospital San Camilo donde qued\u00f3 internado.<br \/>\nPosteriormente, cuando cercanos regresaron a la parcela para ver a su t\u00edo William, lo encontraron gravemente herido al interior de su domicilio con un impacto de bala en el abdomen, traslad\u00e1ndolo r\u00e1pidamente hasta el hospital San Camilo.<br \/>\nEl Jefe de la Brigada de Homicidios de la PDI de Los Andes, Comisario Gino Guti\u00e9rrez, indic\u00f3 a Diario El Trabajo que en primera instancia las diligencias policiales establecen que \u201cla v\u00edctima falleci\u00f3 a ra\u00edz de un impacto bal\u00edstico provocado por terceros, en circunstancias que a lo menos un sujeto concurri\u00f3 hasta el inmueble\u201d.<br \/>\n<strong>&#8211; \u00bfCu\u00e1l ser\u00eda el m\u00f3vil del homicidio?<\/strong><br \/>\n&#8211; Aparentemente corresponder\u00eda a drogas, una quitada de drogas al estilo \u2018mexicana\u2019, producto que se encontr\u00f3 sustancias del tipo cannabis sativa en el lugar, lo que llev\u00f3 la concurrencia del personal de la Brigada Antinarc\u00f3ticos de la PDI para el levantamiento de \u00e9stas para la realizaci\u00f3n de las pruebas de campo respectivas. Sobre la cantidad no sabemos a\u00fan porque est\u00e1 en proceso de pesaje y an\u00e1lisis.<br \/>\n<strong>&#8211; \u00bfExisten pistas sobre los autores del crimen?<\/strong><br \/>\n&#8211; Estamos trabajando al respecto sobre c\u00f3mo ocurrieron los hechos, en el lugar se encuentran los peritos del laboratorio de criminal\u00edstica de Valpara\u00edso y manejamos antecedentes respecto de los autores que estamos en este momento dilucidando.<br \/>\n<strong>&#8211; \u00bfQu\u00e9 informaci\u00f3n hay respecto a otra v\u00edctima herida con arma blanca?<\/strong><br \/>\n&#8211; Tenemos conocimiento que el hermano de la v\u00edctima fallecida estar\u00eda lesionado, pero estamos cotejando que si la lesi\u00f3n posiblemente afectada corresponde al mismo hecho o a un hecho paralelo.<br \/>\nHasta el cierre de esta nota, la polic\u00eda civil a\u00fan no logra individualizar a los sujetos que habr\u00edan cometido este crimen.<br \/>\n<strong>Pablo Salinas Sald\u00edas<\/strong><\/p>\n<figure id=\"attachment_68661\" aria-describedby=\"caption-attachment-68661\" style=\"width: 530px\" class=\"wp-caption alignleft\"><a href=\"http:\/\/www.eltrabajo.cl\/portal\/quitada-de-drogas-habria-sido-el-movil-de-homicidio-en-quebrada-herrera\/fallecido-quebrada-herrera\/\" rel=\"attachment wp-att-68661\"><img data-recalc-dims=\"1\" loading=\"lazy\" decoding=\"async\" class=\"size-full wp-image-68661\" src=\"https:\/\/i0.wp.com\/www.eltrabajo.cl\/portal\/wp-content\/uploads\/2016\/04\/Fallecido-Quebrada-Herrera.jpg?resize=530%2C348\" alt=\"El homicidio se produjo en una vivienda del sector de Quebrada Herrera.\" width=\"530\" height=\"348\" srcset=\"https:\/\/i0.wp.com\/eltrabajo.cl\/portal\/wp-content\/uploads\/2016\/04\/Fallecido-Quebrada-Herrera.jpg?w=530&amp;ssl=1 530w, https:\/\/i0.wp.com\/eltrabajo.cl\/portal\/wp-content\/uploads\/2016\/04\/Fallecido-Quebrada-Herrera.jpg?resize=200%2C131&amp;ssl=1 200w, https:\/\/i0.wp.com\/eltrabajo.cl\/portal\/wp-content\/uploads\/2016\/04\/Fallecido-Quebrada-Herrera.jpg?resize=300%2C197&amp;ssl=1 300w, https:\/\/i0.wp.com\/eltrabajo.cl\/portal\/wp-content\/uploads\/2016\/04\/Fallecido-Quebrada-Herrera.jpg?resize=228%2C150&amp;ssl=1 228w, https:\/\/i0.wp.com\/eltrabajo.cl\/portal\/wp-content\/uploads\/2016\/04\/Fallecido-Quebrada-Herrera.jpg?resize=400%2C263&amp;ssl=1 400w\" sizes=\"auto, (max-width: 530px) 100vw, 530px\" \/><\/a><figcaption id=\"caption-attachment-68661\" class=\"wp-caption-text\">El homicidio se produjo en una vivienda del sector de Quebrada Herrera.<\/figcaption><\/figure>\n<figure id=\"attachment_68662\" aria-describedby=\"caption-attachment-68662\" style=\"width: 530px\" class=\"wp-caption alignleft\"><a href=\"http:\/\/www.eltrabajo.cl\/portal\/quitada-de-drogas-habria-sido-el-movil-de-homicidio-en-quebrada-herrera\/quebrada-herrera-2\/\" rel=\"attachment wp-att-68662\"><img data-recalc-dims=\"1\" loading=\"lazy\" decoding=\"async\" class=\"size-full wp-image-68662\" src=\"https:\/\/i0.wp.com\/www.eltrabajo.cl\/portal\/wp-content\/uploads\/2016\/04\/QUEBRADA-HERRERA-2.jpg?resize=530%2C350\" alt=\"Las diligencias se encuentran en manos de la Brigada de Homicidios de Los Andes.\" width=\"530\" height=\"350\" srcset=\"https:\/\/i0.wp.com\/eltrabajo.cl\/portal\/wp-content\/uploads\/2016\/04\/QUEBRADA-HERRERA-2.jpg?w=530&amp;ssl=1 530w, https:\/\/i0.wp.com\/eltrabajo.cl\/portal\/wp-content\/uploads\/2016\/04\/QUEBRADA-HERRERA-2.jpg?resize=200%2C132&amp;ssl=1 200w, https:\/\/i0.wp.com\/eltrabajo.cl\/portal\/wp-content\/uploads\/2016\/04\/QUEBRADA-HERRERA-2.jpg?resize=300%2C198&amp;ssl=1 300w, https:\/\/i0.wp.com\/eltrabajo.cl\/portal\/wp-content\/uploads\/2016\/04\/QUEBRADA-HERRERA-2.jpg?resize=227%2C150&amp;ssl=1 227w, https:\/\/i0.wp.com\/eltrabajo.cl\/portal\/wp-content\/uploads\/2016\/04\/QUEBRADA-HERRERA-2.jpg?resize=400%2C264&amp;ssl=1 400w\" sizes=\"auto, (max-width: 530px) 100vw, 530px\" \/><\/a><figcaption id=\"caption-attachment-68662\" class=\"wp-caption-text\">Las diligencias se encuentran en manos de la Brigada de Homicidios de Los Andes.<\/figcaption><\/figure>\n","protected":false},"excerpt":{"rendered":"<p>PDI eval\u00faa \u2018mexicana\u2019 tras incautaci\u00f3n de marihuana en vivienda de la v\u00edctima:\u00a0Desconocidos habr\u00edan disparado a quemarropa sobre la v\u00edctima de 55 a\u00f1os de edad, quien perdi\u00f3 la vida a los pocos minutos&#8230;.<\/p>\n","protected":false},"author":1,"featured_media":68662,"comment_status":"open","ping_status":"open","sticky":false,"template":"","format":"standard","meta":{"advanced_seo_description":"","jetpack_seo_html_title":"","jetpack_seo_noindex":false,"_jetpack_memberships_contains_paid_content":false,"footnotes":""},"categories":[21],"tags":[],"class_list":["post-68660","post","type-post","status-publish","format-standard","has-post-thumbnail","hentry","category-policial"],"jetpack_featured_media_url":"https:\/\/i0.wp.com\/eltrabajo.cl\/portal\/wp-content\/uploads\/2016\/04\/QUEBRADA-HERRERA-2.jpg?fit=530%2C350&ssl=1","jetpack_sharing_enabled":true,"jetpack_likes_enabled":true,"jetpack-related-posts":[],"_links":{"self":[{"href":"https:\/\/eltrabajo.cl\/portal\/wp-json\/wp\/v2\/posts\/68660","targetHints":{"allow":["GET"]}}],"collection":[{"href":"https:\/\/eltrabajo.cl\/portal\/wp-json\/wp\/v2\/posts"}],"about":[{"href":"https:\/\/eltrabajo.cl\/portal\/wp-json\/wp\/v2\/types\/post"}],"author":[{"embeddable":true,"href":"https:\/\/eltrabajo.cl\/portal\/wp-json\/wp\/v2\/users\/1"}],"replies":[{"embeddable":true,"href":"https:\/\/eltrabajo.cl\/portal\/wp-json\/wp\/v2\/comments?post=68660"}],"version-history":[{"count":0,"href":"https:\/\/eltrabajo.cl\/portal\/wp-json\/wp\/v2\/posts\/68660\/revisions"}],"wp:featuredmedia":[{"embeddable":true,"href":"https:\/\/eltrabajo.cl\/portal\/wp-json\/wp\/v2\/media\/68662"}],"wp:attachment":[{"href":"https:\/\/eltrabajo.cl\/portal\/wp-json\/wp\/v2\/media?parent=68660"}],"wp:term":[{"taxonomy":"category","embeddable":true,"href":"https:\/\/eltrabajo.cl\/portal\/wp-json\/wp\/v2\/categories?post=68660"},{"taxonomy":"post_tag","embeddable":true,"href":"https:\/\/eltrabajo.cl\/portal\/wp-json\/wp\/v2\/tags?post=68660"}],"curies":[{"name":"wp","href":"https:\/\/api.w.org\/{rel}","templated":true}]}}