{"id":68665,"date":"2016-04-13T08:31:42","date_gmt":"2016-04-13T11:31:42","guid":{"rendered":"http:\/\/www.eltrabajo.cl\/portal\/?p=68665"},"modified":"2016-04-13T08:31:42","modified_gmt":"2016-04-13T11:31:42","slug":"hasta-el-viernes-estudiantes-de-san-felipe-podran-fotografiarse-para-adquirir-tne","status":"publish","type":"post","link":"https:\/\/eltrabajo.cl\/portal\/hasta-el-viernes-estudiantes-de-san-felipe-podran-fotografiarse-para-adquirir-tne\/","title":{"rendered":"Hasta el viernes estudiantes de San Felipe podr\u00e1n fotografiarse para adquirir TNE"},"content":{"rendered":"<figure id=\"attachment_68666\" aria-describedby=\"caption-attachment-68666\" style=\"width: 300px\" class=\"wp-caption alignleft\"><a href=\"http:\/\/www.eltrabajo.cl\/portal\/hasta-el-viernes-estudiantes-de-san-felipe-podran-fotografiarse-para-adquirir-tne\/tne-2\/\" rel=\"attachment wp-att-68666\"><img data-recalc-dims=\"1\" loading=\"lazy\" decoding=\"async\" class=\"size-medium wp-image-68666\" src=\"https:\/\/i0.wp.com\/www.eltrabajo.cl\/portal\/wp-content\/uploads\/2016\/04\/TNE-2-300x199.jpg?resize=300%2C199\" alt=\"Hasta este viernes podr\u00e1n fotografiarse los estudiantes rezagados que quieran tener los beneficios de la TNE.\" width=\"300\" height=\"199\" srcset=\"https:\/\/i0.wp.com\/eltrabajo.cl\/portal\/wp-content\/uploads\/2016\/04\/TNE-2.jpg?resize=300%2C199&amp;ssl=1 300w, https:\/\/i0.wp.com\/eltrabajo.cl\/portal\/wp-content\/uploads\/2016\/04\/TNE-2.jpg?resize=200%2C133&amp;ssl=1 200w, https:\/\/i0.wp.com\/eltrabajo.cl\/portal\/wp-content\/uploads\/2016\/04\/TNE-2.jpg?resize=226%2C150&amp;ssl=1 226w, https:\/\/i0.wp.com\/eltrabajo.cl\/portal\/wp-content\/uploads\/2016\/04\/TNE-2.jpg?resize=400%2C265&amp;ssl=1 400w, https:\/\/i0.wp.com\/eltrabajo.cl\/portal\/wp-content\/uploads\/2016\/04\/TNE-2.jpg?w=528&amp;ssl=1 528w\" sizes=\"auto, (max-width: 300px) 100vw, 300px\" \/><\/a><figcaption id=\"caption-attachment-68666\" class=\"wp-caption-text\">Hasta este viernes podr\u00e1n fotografiarse los estudiantes rezagados que quieran tener los beneficios de la TNE.<\/figcaption><\/figure>\n<p><strong>De manera exclusiva la iniciativa buscar\u00e1 fotografiar a los alumnos nuevos que no asistieron al primer per\u00edodo de Captura temprana <\/strong><br \/>\nDurante la primera quincena de abril los estudiantes de Educaci\u00f3n Superior que se tomaron la fotograf\u00eda para su Tarjeta Nacional Estudiantil (TNE) durante el mes de enero, podr\u00e1n retirar el beneficio que entrega Junaeb y que permite acceder a una tarifa rebajada los 365 d\u00edas del a\u00f1o.<br \/>\nAs\u00ed lo inform\u00f3 el Director Regional de Junaeb, Marcelo G\u00f3ngora: \u201cYa se inici\u00f3 la distribuci\u00f3n de m\u00e1s de 123 mil TNE a las Instituciones de Educaci\u00f3n Superior (IES) del pa\u00eds, por lo que dentro de la primera quincena de abril aquellos estudiantes que se tomaron la fotograf\u00eda en enero y que fueron inscritos por su instituci\u00f3n antes del 28 de febrero, pueden consultar en su casa de estudios la fecha exacta en que le entregar\u00e1n su tarjeta\u201d.<br \/>\nLa TNE es un beneficio que permite a los estudiantes de b\u00e1sica, media y superior, acceder a una tarifa reducida en el transporte p\u00fablico las 24 horas del d\u00eda. En el caso de los estudiantes de 5\u00ba b\u00e1sico, 1\u00ba medio y 1\u00ba a\u00f1o de educaci\u00f3n superior, se les entrega una tarjeta nueva, en cambio los alumnos que no cambiaron de ciclo educacional deben revalidar sus tarjetas para este a\u00f1o.<br \/>\nEn este sentido y de manera exclusiva, la comuna de San Felipe estar\u00e1 recibiendo a los \u00faltimos alumnos que no hayan concurrido a dichos procesos de captura fotogr\u00e1fica temprana. Se realizar\u00e1 hasta el viernes 15 de abril desde la 9:00 hasta las 17:00 hrs, en dependencias de la Direcci\u00f3n Provincial de Junaeb ubicada en Salinas 1231, edificio Gobernaci\u00f3n San Felipe, s\u00e9ptimo piso.<\/p>\n<p><strong>REVALIDACI\u00d3N TNE<\/strong><br \/>\nParalelo a este proceso, existe la revalidaci\u00f3n de tarjetas para estudiantes de ense\u00f1anza b\u00e1sica media y superior en sus respectivos centros de estudios. Los alumnos deber\u00e1n pegar el sello hologr\u00e1fico 2016 que \u201ceste a\u00f1o es de mucha calidad y distinguible f\u00e1cilmente, lo que nos permite garantizar a los microbuseros que la Tarjeta es aut\u00e9ntica y que los estudiantes se puedan trasladar en el transporte p\u00fablico sin mayores dificultades\u201d, agreg\u00f3 G\u00f3ngora.<br \/>\nEl proceso de revalidaci\u00f3n de tarjetas termina el 30 de abril. Para m\u00e1s detalle del proceso y lugares a los que pueden acudir para pegar el sello, los estudiantes pueden consultar la p\u00e1gina www.tne.cl y encontrar toda la informaci\u00f3n necesaria.<\/p>\n","protected":false},"excerpt":{"rendered":"<p>De manera exclusiva la iniciativa buscar\u00e1 fotografiar a los alumnos nuevos que no asistieron al primer per\u00edodo de Captura temprana Durante la primera quincena de abril los estudiantes de Educaci\u00f3n Superior que&#8230;<\/p>\n","protected":false},"author":1,"featured_media":68666,"comment_status":"open","ping_status":"open","sticky":false,"template":"","format":"standard","meta":{"advanced_seo_description":"","jetpack_seo_html_title":"","jetpack_seo_noindex":false,"_jetpack_memberships_contains_paid_content":false,"footnotes":""},"categories":[1],"tags":[],"class_list":["post-68665","post","type-post","status-publish","format-standard","has-post-thumbnail","hentry","category-cronica"],"jetpack_featured_media_url":"https:\/\/i0.wp.com\/eltrabajo.cl\/portal\/wp-content\/uploads\/2016\/04\/TNE-2.jpg?fit=528%2C350&ssl=1","jetpack_sharing_enabled":true,"jetpack_likes_enabled":true,"jetpack-related-posts":[],"_links":{"self":[{"href":"https:\/\/eltrabajo.cl\/portal\/wp-json\/wp\/v2\/posts\/68665","targetHints":{"allow":["GET"]}}],"collection":[{"href":"https:\/\/eltrabajo.cl\/portal\/wp-json\/wp\/v2\/posts"}],"about":[{"href":"https:\/\/eltrabajo.cl\/portal\/wp-json\/wp\/v2\/types\/post"}],"author":[{"embeddable":true,"href":"https:\/\/eltrabajo.cl\/portal\/wp-json\/wp\/v2\/users\/1"}],"replies":[{"embeddable":true,"href":"https:\/\/eltrabajo.cl\/portal\/wp-json\/wp\/v2\/comments?post=68665"}],"version-history":[{"count":0,"href":"https:\/\/eltrabajo.cl\/portal\/wp-json\/wp\/v2\/posts\/68665\/revisions"}],"wp:featuredmedia":[{"embeddable":true,"href":"https:\/\/eltrabajo.cl\/portal\/wp-json\/wp\/v2\/media\/68666"}],"wp:attachment":[{"href":"https:\/\/eltrabajo.cl\/portal\/wp-json\/wp\/v2\/media?parent=68665"}],"wp:term":[{"taxonomy":"category","embeddable":true,"href":"https:\/\/eltrabajo.cl\/portal\/wp-json\/wp\/v2\/categories?post=68665"},{"taxonomy":"post_tag","embeddable":true,"href":"https:\/\/eltrabajo.cl\/portal\/wp-json\/wp\/v2\/tags?post=68665"}],"curies":[{"name":"wp","href":"https:\/\/api.w.org\/{rel}","templated":true}]}}