{"id":68678,"date":"2016-04-13T08:37:57","date_gmt":"2016-04-13T11:37:57","guid":{"rendered":"http:\/\/www.eltrabajo.cl\/portal\/?p=68678"},"modified":"2016-04-13T08:37:57","modified_gmt":"2016-04-13T11:37:57","slug":"este-sabado-dona-micaela-saenz-cumple-sus-103-anos-de-vida","status":"publish","type":"post","link":"https:\/\/eltrabajo.cl\/portal\/este-sabado-dona-micaela-saenz-cumple-sus-103-anos-de-vida\/","title":{"rendered":"Este s\u00e1bado do\u00f1a Micaela S\u00e1enz cumple sus 103 a\u00f1os de vida"},"content":{"rendered":"<figure id=\"attachment_68679\" aria-describedby=\"caption-attachment-68679\" style=\"width: 300px\" class=\"wp-caption alignleft\"><a href=\"http:\/\/www.eltrabajo.cl\/portal\/este-sabado-dona-micaela-saenz-cumple-sus-103-anos-de-vida\/micaela-joven\/\" rel=\"attachment wp-att-68679\"><img data-recalc-dims=\"1\" loading=\"lazy\" decoding=\"async\" class=\"size-medium wp-image-68679\" src=\"https:\/\/i0.wp.com\/www.eltrabajo.cl\/portal\/wp-content\/uploads\/2016\/04\/Micaela-Joven-300x197.jpg?resize=300%2C197\" alt=\"As\u00ed luc\u00eda Micaela cuando era joven, foto cortes\u00eda de sus hijas Ana Mar\u00eda y Mar\u00eda Soledad Parmo.\" width=\"300\" height=\"197\" srcset=\"https:\/\/i0.wp.com\/eltrabajo.cl\/portal\/wp-content\/uploads\/2016\/04\/Micaela-Joven.jpg?resize=300%2C197&amp;ssl=1 300w, https:\/\/i0.wp.com\/eltrabajo.cl\/portal\/wp-content\/uploads\/2016\/04\/Micaela-Joven.jpg?resize=200%2C131&amp;ssl=1 200w, https:\/\/i0.wp.com\/eltrabajo.cl\/portal\/wp-content\/uploads\/2016\/04\/Micaela-Joven.jpg?resize=228%2C150&amp;ssl=1 228w, https:\/\/i0.wp.com\/eltrabajo.cl\/portal\/wp-content\/uploads\/2016\/04\/Micaela-Joven.jpg?resize=400%2C263&amp;ssl=1 400w, https:\/\/i0.wp.com\/eltrabajo.cl\/portal\/wp-content\/uploads\/2016\/04\/Micaela-Joven.jpg?w=530&amp;ssl=1 530w\" sizes=\"auto, (max-width: 300px) 100vw, 300px\" \/><\/a><figcaption id=\"caption-attachment-68679\" class=\"wp-caption-text\">As\u00ed luc\u00eda Micaela cuando era joven, foto cortes\u00eda de sus hijas Ana Mar\u00eda y Mar\u00eda Soledad Parmo.<\/figcaption><\/figure>\n<p><strong>Naci\u00f3 en Espa\u00f1a y tiene 67 a\u00f1os de vivir en San Felipe:<\/strong><br \/>\nEl jueves 16 de marzo de 1903 en un pueblito llamado Villa Nueva, en Logro\u00f1o de La Rioja, Espa\u00f1a, naci\u00f3 la ni\u00f1a que dirigir\u00eda a\u00f1os m\u00e1s tarde la desaparecida tienda sanfelipe\u00f1a La Reina, negocio que estaba ubicado en Prat con Coimas. Le dieron por nombre Ana Micaela S\u00e1enz San Juan. \u00bfY por qu\u00e9 la recordamos?, porque esta dama lleg\u00f3 al Valle de Aconcagua en 1949, inici\u00f3 sus actividades comerciales al lado de su esposo don Domingo Parmo, con quien tuvo dos hijas, Ana Mar\u00eda y Mar\u00eda Soledad, y tambi\u00e9n porque en la actualidad ella est\u00e1 viva, este s\u00e1bado cumplir\u00e1 103 a\u00f1os de existencia y vive en Calle Javiera Carrera.<br \/>\nLas dos hijas de do\u00f1a Micaela le dieron cinco nietos, Roc\u00edo Lovera, Natalia Silva, Domingo Lovera, Camila Silva y Pedro Lovera, adem\u00e1s de tres bisnientos, ellos y el resto de familiares est\u00e1n preparando una fiesta especial para la querida Micaela, actividad familiar que realizar\u00e1n el domingo en su casa de habitaci\u00f3n, raz\u00f3n por lo que en Diario El Trabajo hoy estamos saludando cari\u00f1osamente.<\/p>\n<figure id=\"attachment_68680\" aria-describedby=\"caption-attachment-68680\" style=\"width: 530px\" class=\"wp-caption alignleft\"><a href=\"http:\/\/www.eltrabajo.cl\/portal\/este-sabado-dona-micaela-saenz-cumple-sus-103-anos-de-vida\/micaela-saenz\/\" rel=\"attachment wp-att-68680\"><img data-recalc-dims=\"1\" loading=\"lazy\" decoding=\"async\" class=\"size-full wp-image-68680\" src=\"https:\/\/i0.wp.com\/www.eltrabajo.cl\/portal\/wp-content\/uploads\/2016\/04\/Micaela-Saenz.jpg?resize=530%2C349\" alt=\"ANITA DE CUMPLE.- En esta gr\u00e1fica vemos a do\u00f1a Micaela S\u00e1enz, hoy de 102 a\u00f1os, acompa\u00f1ada por sus adorados nietos: Roc\u00edo Lovera, Natalia Silva, Domingo Lovera, Camila Silva y Pedro Lovera.\" width=\"530\" height=\"349\" srcset=\"https:\/\/i0.wp.com\/eltrabajo.cl\/portal\/wp-content\/uploads\/2016\/04\/Micaela-Saenz.jpg?w=530&amp;ssl=1 530w, https:\/\/i0.wp.com\/eltrabajo.cl\/portal\/wp-content\/uploads\/2016\/04\/Micaela-Saenz.jpg?resize=200%2C132&amp;ssl=1 200w, https:\/\/i0.wp.com\/eltrabajo.cl\/portal\/wp-content\/uploads\/2016\/04\/Micaela-Saenz.jpg?resize=300%2C198&amp;ssl=1 300w, https:\/\/i0.wp.com\/eltrabajo.cl\/portal\/wp-content\/uploads\/2016\/04\/Micaela-Saenz.jpg?resize=228%2C150&amp;ssl=1 228w, https:\/\/i0.wp.com\/eltrabajo.cl\/portal\/wp-content\/uploads\/2016\/04\/Micaela-Saenz.jpg?resize=400%2C263&amp;ssl=1 400w\" sizes=\"auto, (max-width: 530px) 100vw, 530px\" \/><\/a><figcaption id=\"caption-attachment-68680\" class=\"wp-caption-text\">ANITA DE CUMPLE.- En esta gr\u00e1fica vemos a do\u00f1a Micaela S\u00e1enz, hoy de 102 a\u00f1os, acompa\u00f1ada por sus adorados nietos: Roc\u00edo Lovera, Natalia Silva, Domingo Lovera, Camila Silva y Pedro Lovera.<\/figcaption><\/figure>\n","protected":false},"excerpt":{"rendered":"<p>Naci\u00f3 en Espa\u00f1a y tiene 67 a\u00f1os de vivir en San Felipe: El jueves 16 de marzo de 1903 en un pueblito llamado Villa Nueva, en Logro\u00f1o de La Rioja, Espa\u00f1a, naci\u00f3&#8230;<\/p>\n","protected":false},"author":1,"featured_media":68680,"comment_status":"open","ping_status":"open","sticky":false,"template":"","format":"standard","meta":{"advanced_seo_description":"","jetpack_seo_html_title":"","jetpack_seo_noindex":false,"_jetpack_memberships_contains_paid_content":false,"footnotes":""},"categories":[15],"tags":[],"class_list":["post-68678","post","type-post","status-publish","format-standard","has-post-thumbnail","hentry","category-comunidad"],"jetpack_featured_media_url":"https:\/\/i0.wp.com\/eltrabajo.cl\/portal\/wp-content\/uploads\/2016\/04\/Micaela-Saenz.jpg?fit=530%2C349&ssl=1","jetpack_sharing_enabled":true,"jetpack_likes_enabled":true,"jetpack-related-posts":[],"_links":{"self":[{"href":"https:\/\/eltrabajo.cl\/portal\/wp-json\/wp\/v2\/posts\/68678","targetHints":{"allow":["GET"]}}],"collection":[{"href":"https:\/\/eltrabajo.cl\/portal\/wp-json\/wp\/v2\/posts"}],"about":[{"href":"https:\/\/eltrabajo.cl\/portal\/wp-json\/wp\/v2\/types\/post"}],"author":[{"embeddable":true,"href":"https:\/\/eltrabajo.cl\/portal\/wp-json\/wp\/v2\/users\/1"}],"replies":[{"embeddable":true,"href":"https:\/\/eltrabajo.cl\/portal\/wp-json\/wp\/v2\/comments?post=68678"}],"version-history":[{"count":0,"href":"https:\/\/eltrabajo.cl\/portal\/wp-json\/wp\/v2\/posts\/68678\/revisions"}],"wp:featuredmedia":[{"embeddable":true,"href":"https:\/\/eltrabajo.cl\/portal\/wp-json\/wp\/v2\/media\/68680"}],"wp:attachment":[{"href":"https:\/\/eltrabajo.cl\/portal\/wp-json\/wp\/v2\/media?parent=68678"}],"wp:term":[{"taxonomy":"category","embeddable":true,"href":"https:\/\/eltrabajo.cl\/portal\/wp-json\/wp\/v2\/categories?post=68678"},{"taxonomy":"post_tag","embeddable":true,"href":"https:\/\/eltrabajo.cl\/portal\/wp-json\/wp\/v2\/tags?post=68678"}],"curies":[{"name":"wp","href":"https:\/\/api.w.org\/{rel}","templated":true}]}}