{"id":68688,"date":"2016-04-13T08:47:25","date_gmt":"2016-04-13T11:47:25","guid":{"rendered":"http:\/\/www.eltrabajo.cl\/portal\/?p=68688"},"modified":"2016-04-13T08:47:25","modified_gmt":"2016-04-13T11:47:25","slug":"activan-protocolos-de-emergencia-por-sistema-frontal-que-ingresara-manana-jueves","status":"publish","type":"post","link":"https:\/\/eltrabajo.cl\/portal\/activan-protocolos-de-emergencia-por-sistema-frontal-que-ingresara-manana-jueves\/","title":{"rendered":"Activan protocolos de emergencia por sistema frontal que ingresar\u00e1 ma\u00f1ana jueves"},"content":{"rendered":"<p>Desde la Direcci\u00f3n de Protecci\u00f3n Civil de la Gobernaci\u00f3n, informaron que se encuentran activados los protocolos de emergencia para dar r\u00e1pida respuesta ante eventuales situaciones de riesgo.<br \/>\nDesde la Direcci\u00f3n Regional de Onemi, informaron la entrada de un sistema frontal que afectar\u00eda a la provincia a partir de este jueves y que se extender\u00eda hasta el domingo, por lo que la Gobernaci\u00f3n de San Felipe inici\u00f3 desde ya los trabajos de coordinaci\u00f3n previos con los equipos de emergencias a nivel provincial, a fin de monitorear las comunas y estar preparados para afrontar cualquier evento relacionado con las lluvias.<br \/>\nEn este sentido, el Director de Protecci\u00f3n Civil, Claudio Mart\u00ednez se\u00f1al\u00f3 que los \u00faltimos informes \u201cestiman que caer\u00e1n entre 40 a 60 mm, tanto en codillera como en valle, por lo que ya hemos activado los protocolos de emergencia, iniciando el monitoreo de las zonas que est\u00e1n dentro del plan de invierno y tambi\u00e9n los puntos cr\u00edticos que han sido identificados con anterioridad para tener una mejor respuesta y estar preparados\u201d, anunci\u00f3.<br \/>\nAsimismo, llam\u00f3 a la comunidad \u201ca realizar acciones preventivas, que se traducen en la simpleza de limpiar las canaletas, corte de \u00e1rboles, entre otras, y la organizaci\u00f3n previa que puedan realizar con familiares y vecinos para estar preparados ante una eventual situaci\u00f3n de riesgo. Adem\u00e1s, invitamos a la gente a acudir a las municipalidades, solicitar los n\u00fameros de emergencias para as\u00ed estar conectados con los equipos de emergencias, ya que los municipios nos nutren de informaci\u00f3n\u201d sostuvo.<\/p>\n<figure id=\"attachment_68689\" aria-describedby=\"caption-attachment-68689\" style=\"width: 530px\" class=\"wp-caption alignleft\"><a href=\"http:\/\/www.eltrabajo.cl\/portal\/activan-protocolos-de-emergencia-por-sistema-frontal-que-ingresara-manana-jueves\/pronostico-de-lluvia\/\" rel=\"attachment wp-att-68689\"><img data-recalc-dims=\"1\" loading=\"lazy\" decoding=\"async\" class=\"size-full wp-image-68689\" src=\"https:\/\/i0.wp.com\/www.eltrabajo.cl\/portal\/wp-content\/uploads\/2016\/04\/Pronostico-de-Lluvia.jpg?resize=530%2C348\" alt=\"Claudio Mart\u00ednez, director de Protecci\u00f3n Civil.\" width=\"530\" height=\"348\" srcset=\"https:\/\/i0.wp.com\/eltrabajo.cl\/portal\/wp-content\/uploads\/2016\/04\/Pronostico-de-Lluvia.jpg?w=530&amp;ssl=1 530w, https:\/\/i0.wp.com\/eltrabajo.cl\/portal\/wp-content\/uploads\/2016\/04\/Pronostico-de-Lluvia.jpg?resize=200%2C131&amp;ssl=1 200w, https:\/\/i0.wp.com\/eltrabajo.cl\/portal\/wp-content\/uploads\/2016\/04\/Pronostico-de-Lluvia.jpg?resize=300%2C197&amp;ssl=1 300w, https:\/\/i0.wp.com\/eltrabajo.cl\/portal\/wp-content\/uploads\/2016\/04\/Pronostico-de-Lluvia.jpg?resize=228%2C150&amp;ssl=1 228w, https:\/\/i0.wp.com\/eltrabajo.cl\/portal\/wp-content\/uploads\/2016\/04\/Pronostico-de-Lluvia.jpg?resize=400%2C263&amp;ssl=1 400w\" sizes=\"auto, (max-width: 530px) 100vw, 530px\" \/><\/a><figcaption id=\"caption-attachment-68689\" class=\"wp-caption-text\">Claudio Mart\u00ednez, director de Protecci\u00f3n Civil.<\/figcaption><\/figure>\n","protected":false},"excerpt":{"rendered":"<p>Desde la Direcci\u00f3n de Protecci\u00f3n Civil de la Gobernaci\u00f3n, informaron que se encuentran activados los protocolos de emergencia para dar r\u00e1pida respuesta ante eventuales situaciones de riesgo. Desde la Direcci\u00f3n Regional de&#8230;<\/p>\n","protected":false},"author":1,"featured_media":68689,"comment_status":"open","ping_status":"open","sticky":false,"template":"","format":"standard","meta":{"advanced_seo_description":"","jetpack_seo_html_title":"","jetpack_seo_noindex":false,"_jetpack_memberships_contains_paid_content":false,"footnotes":""},"categories":[1],"tags":[],"class_list":["post-68688","post","type-post","status-publish","format-standard","has-post-thumbnail","hentry","category-cronica"],"jetpack_featured_media_url":"https:\/\/i0.wp.com\/eltrabajo.cl\/portal\/wp-content\/uploads\/2016\/04\/Pronostico-de-Lluvia.jpg?fit=530%2C348&ssl=1","jetpack_sharing_enabled":true,"jetpack_likes_enabled":true,"jetpack-related-posts":[],"_links":{"self":[{"href":"https:\/\/eltrabajo.cl\/portal\/wp-json\/wp\/v2\/posts\/68688","targetHints":{"allow":["GET"]}}],"collection":[{"href":"https:\/\/eltrabajo.cl\/portal\/wp-json\/wp\/v2\/posts"}],"about":[{"href":"https:\/\/eltrabajo.cl\/portal\/wp-json\/wp\/v2\/types\/post"}],"author":[{"embeddable":true,"href":"https:\/\/eltrabajo.cl\/portal\/wp-json\/wp\/v2\/users\/1"}],"replies":[{"embeddable":true,"href":"https:\/\/eltrabajo.cl\/portal\/wp-json\/wp\/v2\/comments?post=68688"}],"version-history":[{"count":0,"href":"https:\/\/eltrabajo.cl\/portal\/wp-json\/wp\/v2\/posts\/68688\/revisions"}],"wp:featuredmedia":[{"embeddable":true,"href":"https:\/\/eltrabajo.cl\/portal\/wp-json\/wp\/v2\/media\/68689"}],"wp:attachment":[{"href":"https:\/\/eltrabajo.cl\/portal\/wp-json\/wp\/v2\/media?parent=68688"}],"wp:term":[{"taxonomy":"category","embeddable":true,"href":"https:\/\/eltrabajo.cl\/portal\/wp-json\/wp\/v2\/categories?post=68688"},{"taxonomy":"post_tag","embeddable":true,"href":"https:\/\/eltrabajo.cl\/portal\/wp-json\/wp\/v2\/tags?post=68688"}],"curies":[{"name":"wp","href":"https:\/\/api.w.org\/{rel}","templated":true}]}}