{"id":68692,"date":"2016-04-13T08:49:12","date_gmt":"2016-04-13T11:49:12","guid":{"rendered":"http:\/\/www.eltrabajo.cl\/portal\/?p=68692"},"modified":"2016-04-13T08:49:12","modified_gmt":"2016-04-13T11:49:12","slug":"por-dos-anos-certifican-a-escuela-almendral-como-protectora-del-medio-ambiente","status":"publish","type":"post","link":"https:\/\/eltrabajo.cl\/portal\/por-dos-anos-certifican-a-escuela-almendral-como-protectora-del-medio-ambiente\/","title":{"rendered":"Por dos a\u00f1os certifican a escuela Almendral como protectora del medio ambiente"},"content":{"rendered":"<p><strong>Luego de varios a\u00f1os realizando un trabajo integral en materia del cuidado del ecosistema, la escuela Almendral logr\u00f3 ser certificada como protectora del medio ambiente.<\/strong><br \/>\nDurante todo el a\u00f1o 2015 toda la comunidad educativa realiz\u00f3 un trabajo enfocado principalmente en el cuidado del entorno y la actividad f\u00edsica, para as\u00ed postular como escuela protectora del ecosistema, a trav\u00e9s del ministerio de Medio Ambiente.<br \/>\nLa postulaci\u00f3n result\u00f3 exitosa por lo que a fines del mes de diciembre del a\u00f1o 2015 fueron notificados de tal condici\u00f3n, certificaci\u00f3n que se extender\u00e1 por los a\u00f1os 2016-2017 siendo el \u00fanico establecimiento en conseguir esta condici\u00f3n en la comuna.<br \/>\nWilta Berr\u00edos Oyanader, directora del establecimiento destac\u00f3 este importante logro, se\u00f1alando que \u201cnos enfocamos en diferentes materias relacionadas con el cuidado del medio ambiente, lo que debi\u00f3 ser comprobado ante quienes nos certificaron, tanto en nuestro establecimiento como en nuestro entorno, lo que claramente nos motiva a continuar con esta tarea, siendo nuestra idea principal, el poder avanzar al segundo nivel de postulaci\u00f3n, trabajo enfocado fundamentalmente en las comunidades y redes de apoyo\u201d.<br \/>\nLa directora agradeci\u00f3 a quienes participaron en todo este proceso, especialmente a los docentes, a los asistentes de la educaci\u00f3n, los padres y apoderados, pero principalmente a los alumnos del establecimiento, \u201cporque en ellos recae la responsabilidad de un futuro mejor, nuestro planeta lo heredamos de nuestros padres y a las nuevas generaciones les debemos dejar el mismo legado\u201d, sentenci\u00f3 la docente.<br \/>\nEn tanto, Iv\u00e1n Silva Padilla tambi\u00e9n se refiri\u00f3 a este importante acontecimiento, se\u00f1alando que \u201ccuando el trabajo se hace en equipo, los resultados finales son gratificantes, ya que todos valoramos el sacrificio realizado, y este establecimiento educacional ha dado un gran paso en materia del cuidado del medio ambiente, con tes\u00f3n, esfuerzo, perseverancia; por tal motivo, nosotros como Daem, y tal como nos ha instruido nuestro alcalde Patricio Freire, debemos dar garant\u00edas de que las condiciones de desarrollo al interior de las comunidades educativas, sean las \u00f3ptimas, y en eso estamos trabajando\u201d.<\/p>\n<figure id=\"attachment_68693\" aria-describedby=\"caption-attachment-68693\" style=\"width: 530px\" class=\"wp-caption alignleft\"><a href=\"http:\/\/www.eltrabajo.cl\/portal\/por-dos-anos-certifican-a-escuela-almendral-como-protectora-del-medio-ambiente\/certificacion-escuela-2\/\" rel=\"attachment wp-att-68693\"><img data-recalc-dims=\"1\" loading=\"lazy\" decoding=\"async\" class=\"size-full wp-image-68693\" src=\"https:\/\/i0.wp.com\/www.eltrabajo.cl\/portal\/wp-content\/uploads\/2016\/04\/certificacion-escuela-2.jpg?resize=530%2C349\" alt=\"La escuela Almendral fue la \u00fanica instituci\u00f3n de la comuna certificada como protectora del medio ambiente por los a\u00f1os 2016 y 2017. \" width=\"530\" height=\"349\" srcset=\"https:\/\/i0.wp.com\/eltrabajo.cl\/portal\/wp-content\/uploads\/2016\/04\/certificacion-escuela-2.jpg?w=530&amp;ssl=1 530w, https:\/\/i0.wp.com\/eltrabajo.cl\/portal\/wp-content\/uploads\/2016\/04\/certificacion-escuela-2.jpg?resize=200%2C132&amp;ssl=1 200w, https:\/\/i0.wp.com\/eltrabajo.cl\/portal\/wp-content\/uploads\/2016\/04\/certificacion-escuela-2.jpg?resize=300%2C198&amp;ssl=1 300w, https:\/\/i0.wp.com\/eltrabajo.cl\/portal\/wp-content\/uploads\/2016\/04\/certificacion-escuela-2.jpg?resize=228%2C150&amp;ssl=1 228w, https:\/\/i0.wp.com\/eltrabajo.cl\/portal\/wp-content\/uploads\/2016\/04\/certificacion-escuela-2.jpg?resize=400%2C263&amp;ssl=1 400w\" sizes=\"auto, (max-width: 530px) 100vw, 530px\" \/><\/a><figcaption id=\"caption-attachment-68693\" class=\"wp-caption-text\">La escuela Almendral fue la \u00fanica instituci\u00f3n de la comuna certificada como protectora del medio ambiente por los a\u00f1os 2016 y 2017.<\/figcaption><\/figure>\n","protected":false},"excerpt":{"rendered":"<p>Luego de varios a\u00f1os realizando un trabajo integral en materia del cuidado del ecosistema, la escuela Almendral logr\u00f3 ser certificada como protectora del medio ambiente. Durante todo el a\u00f1o 2015 toda la&#8230;<\/p>\n","protected":false},"author":1,"featured_media":68693,"comment_status":"open","ping_status":"open","sticky":false,"template":"","format":"standard","meta":{"advanced_seo_description":"","jetpack_seo_html_title":"","jetpack_seo_noindex":false,"_jetpack_memberships_contains_paid_content":false,"footnotes":""},"categories":[15],"tags":[],"class_list":["post-68692","post","type-post","status-publish","format-standard","has-post-thumbnail","hentry","category-comunidad"],"jetpack_featured_media_url":"https:\/\/i0.wp.com\/eltrabajo.cl\/portal\/wp-content\/uploads\/2016\/04\/certificacion-escuela-2.jpg?fit=530%2C349&ssl=1","jetpack_sharing_enabled":true,"jetpack_likes_enabled":true,"jetpack-related-posts":[],"_links":{"self":[{"href":"https:\/\/eltrabajo.cl\/portal\/wp-json\/wp\/v2\/posts\/68692","targetHints":{"allow":["GET"]}}],"collection":[{"href":"https:\/\/eltrabajo.cl\/portal\/wp-json\/wp\/v2\/posts"}],"about":[{"href":"https:\/\/eltrabajo.cl\/portal\/wp-json\/wp\/v2\/types\/post"}],"author":[{"embeddable":true,"href":"https:\/\/eltrabajo.cl\/portal\/wp-json\/wp\/v2\/users\/1"}],"replies":[{"embeddable":true,"href":"https:\/\/eltrabajo.cl\/portal\/wp-json\/wp\/v2\/comments?post=68692"}],"version-history":[{"count":0,"href":"https:\/\/eltrabajo.cl\/portal\/wp-json\/wp\/v2\/posts\/68692\/revisions"}],"wp:featuredmedia":[{"embeddable":true,"href":"https:\/\/eltrabajo.cl\/portal\/wp-json\/wp\/v2\/media\/68693"}],"wp:attachment":[{"href":"https:\/\/eltrabajo.cl\/portal\/wp-json\/wp\/v2\/media?parent=68692"}],"wp:term":[{"taxonomy":"category","embeddable":true,"href":"https:\/\/eltrabajo.cl\/portal\/wp-json\/wp\/v2\/categories?post=68692"},{"taxonomy":"post_tag","embeddable":true,"href":"https:\/\/eltrabajo.cl\/portal\/wp-json\/wp\/v2\/tags?post=68692"}],"curies":[{"name":"wp","href":"https:\/\/api.w.org\/{rel}","templated":true}]}}