{"id":68696,"date":"2016-04-13T08:52:09","date_gmt":"2016-04-13T11:52:09","guid":{"rendered":"http:\/\/www.eltrabajo.cl\/portal\/?p=68696"},"modified":"2016-04-13T08:52:09","modified_gmt":"2016-04-13T11:52:09","slug":"absuelven-a-excarabinero-acusado-de-trafico-por-usar-marihuana-con-fines-terapeuticos","status":"publish","type":"post","link":"https:\/\/eltrabajo.cl\/portal\/absuelven-a-excarabinero-acusado-de-trafico-por-usar-marihuana-con-fines-terapeuticos\/","title":{"rendered":"Absuelven a excarabinero acusado de tr\u00e1fico por usar marihuana con fines terap\u00e9uticos"},"content":{"rendered":"<figure id=\"attachment_68698\" aria-describedby=\"caption-attachment-68698\" style=\"width: 300px\" class=\"wp-caption alignleft\"><a href=\"http:\/\/www.eltrabajo.cl\/portal\/absuelven-a-excarabinero-acusado-de-trafico-por-usar-marihuana-con-fines-terapeuticos\/araya-franchini-david-hamid\/\" rel=\"attachment wp-att-68698\"><img data-recalc-dims=\"1\" loading=\"lazy\" decoding=\"async\" class=\"size-medium wp-image-68698\" src=\"https:\/\/i0.wp.com\/www.eltrabajo.cl\/portal\/wp-content\/uploads\/2016\/04\/ARAYA-FRANCHINI-DAVID-HAMID-300x197.jpg?resize=300%2C197\" alt=\"David Araya Franchini cay\u00f3 de 20 metros cuando intentaba capturar a un antisocial desde la c\u00fapula de la Catedral de San Felipe.\" width=\"300\" height=\"197\" srcset=\"https:\/\/i0.wp.com\/eltrabajo.cl\/portal\/wp-content\/uploads\/2016\/04\/ARAYA-FRANCHINI-DAVID-HAMID.jpg?resize=300%2C197&amp;ssl=1 300w, https:\/\/i0.wp.com\/eltrabajo.cl\/portal\/wp-content\/uploads\/2016\/04\/ARAYA-FRANCHINI-DAVID-HAMID.jpg?resize=200%2C131&amp;ssl=1 200w, https:\/\/i0.wp.com\/eltrabajo.cl\/portal\/wp-content\/uploads\/2016\/04\/ARAYA-FRANCHINI-DAVID-HAMID.jpg?resize=228%2C150&amp;ssl=1 228w, https:\/\/i0.wp.com\/eltrabajo.cl\/portal\/wp-content\/uploads\/2016\/04\/ARAYA-FRANCHINI-DAVID-HAMID.jpg?resize=400%2C263&amp;ssl=1 400w, https:\/\/i0.wp.com\/eltrabajo.cl\/portal\/wp-content\/uploads\/2016\/04\/ARAYA-FRANCHINI-DAVID-HAMID.jpg?w=530&amp;ssl=1 530w\" sizes=\"auto, (max-width: 300px) 100vw, 300px\" \/><\/a><figcaption id=\"caption-attachment-68698\" class=\"wp-caption-text\">David Araya Franchini cay\u00f3 de 20 metros cuando intentaba capturar a un antisocial desde la c\u00fapula de la Catedral de San Felipe.<\/figcaption><\/figure>\n<p><strong>En 2010, el uniformado cay\u00f3 desde la c\u00fapula de la Catedral:<\/strong><br \/>\n\u201cHoy estamos aqu\u00ed para comunicar un triunfo de la justicia, un triunfo de la salud\u201d, fueron las primeras palabras de la Directora Ejecutiva de Fundaci\u00f3n Daya, Ana Mar\u00eda Gazmuri en la conferencia de prensa que convoc\u00f3 la organizaci\u00f3n, junto a Revista C\u00e1\u00f1amo.<br \/>\nLa actividad tuvo como principal objetivo dar a conocer el caso de David Araya Franchini, excarabinero dado de baja de la instituci\u00f3n por ser acusado por microtr\u00e1fico y cultivo il\u00edcito de cannabis y que fue absuelto de manera un\u00e1nime por el 4\u00b0 Tribunal Oral en lo Penal de Santiago, al acreditar que el porte y cultivo de cannabis estaba destinado a la atenci\u00f3n de un tratamiento m\u00e9dico.<br \/>\n\u201cAqu\u00ed los tribunales hicieron justicia, porque no puede ser que por velar por mi salud me hayan dado de baja por considerarme mala influencia en las filas de la instituci\u00f3n\u201d, coment\u00f3 el exuniformado.<br \/>\nCabe destacar que el afectado sufre de dolores cr\u00f3nicos producto de caer desde m\u00e1s de 20 metros cuando cumpl\u00eda labores de servicio en San Felipe.<br \/>\n\u201cUn uniformado, antes que uniformado es un ciudadano como cualquier otro, y para todos ellos el autocultivo de cannabis para uso medicinal est\u00e1 permitido\u201d, asegur\u00f3 Gazmuri, se\u00f1alando que \u201cel art\u00edculo 14\u00b0 de la Ley 20.000 estipula que los uniformados pueden hacer uso medicinal de cannabis\u201d.<br \/>\nLa Directora T\u00e9cnica de Fundaci\u00f3n Daya, la Qu\u00edmico-Farmac\u00e9utica Alejandra Ahumada, quien actu\u00f3 como perito en el juicio, sostuvo que \u201clo importante es que aqu\u00ed se marca un precedente en un caso no menor y los tribunales se est\u00e1n dando cuenta de la utilidad de esta planta y lo est\u00e1n dejando plasmado en este tipo de fallos\u201d.<br \/>\nFinalmente, el Abogado de Revista C\u00e1\u00f1amo, Pedro Mendoza, quien defendi\u00f3 a David Araya en el juicio, sostuvo que \u201clo importante es que el tribunal reconoci\u00f3 el uso de cannabis en un tratamiento m\u00e9dico\u201d, puntualiz\u00f3 el abogado.<\/p>\n<figure id=\"attachment_68697\" aria-describedby=\"caption-attachment-68697\" style=\"width: 530px\" class=\"wp-caption alignleft\"><a href=\"http:\/\/www.eltrabajo.cl\/portal\/absuelven-a-excarabinero-acusado-de-trafico-por-usar-marihuana-con-fines-terapeuticos\/absolucion-david-araya\/\" rel=\"attachment wp-att-68697\"><img data-recalc-dims=\"1\" loading=\"lazy\" decoding=\"async\" class=\"size-full wp-image-68697\" src=\"https:\/\/i0.wp.com\/www.eltrabajo.cl\/portal\/wp-content\/uploads\/2016\/04\/Absolucion-David-Araya.jpg?resize=530%2C350\" alt=\"En una conferencia, representantes de la Fundaci\u00f3n Daya, junto a David Araya anunciaron la resoluci\u00f3n del 4\u00b0 Tribunal Oral en lo Penal de Santiago.\" width=\"530\" height=\"350\" srcset=\"https:\/\/i0.wp.com\/eltrabajo.cl\/portal\/wp-content\/uploads\/2016\/04\/Absolucion-David-Araya.jpg?w=530&amp;ssl=1 530w, https:\/\/i0.wp.com\/eltrabajo.cl\/portal\/wp-content\/uploads\/2016\/04\/Absolucion-David-Araya.jpg?resize=200%2C132&amp;ssl=1 200w, https:\/\/i0.wp.com\/eltrabajo.cl\/portal\/wp-content\/uploads\/2016\/04\/Absolucion-David-Araya.jpg?resize=300%2C198&amp;ssl=1 300w, https:\/\/i0.wp.com\/eltrabajo.cl\/portal\/wp-content\/uploads\/2016\/04\/Absolucion-David-Araya.jpg?resize=227%2C150&amp;ssl=1 227w, https:\/\/i0.wp.com\/eltrabajo.cl\/portal\/wp-content\/uploads\/2016\/04\/Absolucion-David-Araya.jpg?resize=400%2C264&amp;ssl=1 400w\" sizes=\"auto, (max-width: 530px) 100vw, 530px\" \/><\/a><figcaption id=\"caption-attachment-68697\" class=\"wp-caption-text\">En una conferencia, representantes de la Fundaci\u00f3n Daya, junto a David Araya anunciaron la resoluci\u00f3n del 4\u00b0 Tribunal Oral en lo Penal de Santiago.<\/figcaption><\/figure>\n","protected":false},"excerpt":{"rendered":"<p>En 2010, el uniformado cay\u00f3 desde la c\u00fapula de la Catedral: \u201cHoy estamos aqu\u00ed para comunicar un triunfo de la justicia, un triunfo de la salud\u201d, fueron las primeras palabras de la&#8230;<\/p>\n","protected":false},"author":1,"featured_media":68697,"comment_status":"open","ping_status":"open","sticky":false,"template":"","format":"standard","meta":{"advanced_seo_description":"","jetpack_seo_html_title":"","jetpack_seo_noindex":false,"_jetpack_memberships_contains_paid_content":false,"footnotes":""},"categories":[21],"tags":[],"class_list":["post-68696","post","type-post","status-publish","format-standard","has-post-thumbnail","hentry","category-policial"],"jetpack_featured_media_url":"https:\/\/i0.wp.com\/eltrabajo.cl\/portal\/wp-content\/uploads\/2016\/04\/Absolucion-David-Araya.jpg?fit=530%2C350&ssl=1","jetpack_sharing_enabled":true,"jetpack_likes_enabled":true,"jetpack-related-posts":[],"_links":{"self":[{"href":"https:\/\/eltrabajo.cl\/portal\/wp-json\/wp\/v2\/posts\/68696","targetHints":{"allow":["GET"]}}],"collection":[{"href":"https:\/\/eltrabajo.cl\/portal\/wp-json\/wp\/v2\/posts"}],"about":[{"href":"https:\/\/eltrabajo.cl\/portal\/wp-json\/wp\/v2\/types\/post"}],"author":[{"embeddable":true,"href":"https:\/\/eltrabajo.cl\/portal\/wp-json\/wp\/v2\/users\/1"}],"replies":[{"embeddable":true,"href":"https:\/\/eltrabajo.cl\/portal\/wp-json\/wp\/v2\/comments?post=68696"}],"version-history":[{"count":0,"href":"https:\/\/eltrabajo.cl\/portal\/wp-json\/wp\/v2\/posts\/68696\/revisions"}],"wp:featuredmedia":[{"embeddable":true,"href":"https:\/\/eltrabajo.cl\/portal\/wp-json\/wp\/v2\/media\/68697"}],"wp:attachment":[{"href":"https:\/\/eltrabajo.cl\/portal\/wp-json\/wp\/v2\/media?parent=68696"}],"wp:term":[{"taxonomy":"category","embeddable":true,"href":"https:\/\/eltrabajo.cl\/portal\/wp-json\/wp\/v2\/categories?post=68696"},{"taxonomy":"post_tag","embeddable":true,"href":"https:\/\/eltrabajo.cl\/portal\/wp-json\/wp\/v2\/tags?post=68696"}],"curies":[{"name":"wp","href":"https:\/\/api.w.org\/{rel}","templated":true}]}}