{"id":68706,"date":"2016-04-13T09:17:18","date_gmt":"2016-04-13T12:17:18","guid":{"rendered":"http:\/\/www.eltrabajo.cl\/portal\/?p=68706"},"modified":"2016-04-13T09:17:18","modified_gmt":"2016-04-13T12:17:18","slug":"en-segundo-juicio-aumentan-pena-a-hombre-que-violo-a-sobrina-de-13","status":"publish","type":"post","link":"https:\/\/eltrabajo.cl\/portal\/en-segundo-juicio-aumentan-pena-a-hombre-que-violo-a-sobrina-de-13\/","title":{"rendered":"En segundo juicio aumentan pena a hombre que viol\u00f3 a sobrina de 13"},"content":{"rendered":"<p><strong>Primer juicio lo conden\u00f3 a 11 a\u00f1os y ahora aument\u00f3 a 15 a\u00f1os y un d\u00eda de c\u00e1rcel:<\/strong><br \/>\n<strong>Nueva terna de jueces del Tribunal Oral en Lo Penal de San Felipe acogi\u00f3 la tesis de la Fiscal\u00eda por los cr\u00edmenes cometidos en la localidad de El \u00d1ilhue de Catemu. La menor acus\u00f3 a su t\u00edo de haberla violado y abusado sexualmente de manera reiterada.<\/strong><\/p>\n<p>A una pena de 15 a\u00f1os y un d\u00eda de c\u00e1rcel fue sentenciado Juan Del Carmen Tapia Delgado, por el delito de violaci\u00f3n reiterada y abuso sexual a una menor de 13 a\u00f1os. Ello tras la realizaci\u00f3n de un segundo juicio oral llevado a cabo por una nueva terna de jueces del Tribunal Oral en Lo Penal de San Felipe.<br \/>\nEl caso se remonta al mes de noviembre de 2015, cuando Tapia Delgado fue condenado por la justicia en primera instancia a una pena de 11 a\u00f1os de presidio por estos delitos. Sin embargo, la Ilustr\u00edsima Corte de Apelaciones de Valpara\u00edso orden\u00f3 anular esa sentencia, obligando a la Fiscal\u00eda a practicar un nuevo juicio con nuevos jueces que emitieran un veredicto sobre la causa.<br \/>\nEl entonces imputado se encontraba bajo la cautelar de prisi\u00f3n preventiva, recuperando su libertad a principios de este a\u00f1o tras una audiencia de revisi\u00f3n de medidas cautelares en tribunales, a la espera de materializaci\u00f3n de este juicio que culmin\u00f3 el d\u00eda de ayer martes en el Tribunal Oral en Lo Penal de San Felipe.<br \/>\nLos nuevos jueces, convencidos de la tesis de la Fiscal\u00eda, concluyeron condenar a Tapia Delgado por los hechos ocurridos en la localidad de El \u00d1ilhue de Catemu, donde result\u00f3 como v\u00edctima una ni\u00f1a de 13 a\u00f1os. La menor estaba siendo criada por su padre tras la muerte de la madre, afectada de un c\u00e1ncer mamario. El condenado, en su condici\u00f3n de t\u00edo pol\u00edtico, habr\u00eda cometido las vejaciones cuando la menor quedaba a solas en su casa, durante un lapso de dos a\u00f1os, resultando abusada y violada hasta el mes de noviembre de 2014, cuando los hechos fueron denunciados ante la Polic\u00eda.<br \/>\nAnte este escenario, el n\u00facleo familiar, bastante amplio y que vive en dicha localidad, se dividi\u00f3 entre la v\u00edctima y el victimario, quienes no daban cr\u00e9dito a los relatos de la ni\u00f1a que acusaba directamente a su t\u00edo pol\u00edtico que aparentemente la habr\u00eda amenazado si lo delataba.<br \/>\nTras el veredicto condenatorio, la Fiscal\u00eda y el abogado querellante representando a la familia de la v\u00edctima, requirieron ante el Tribunal la cautelar de prisi\u00f3n preventiva ante un eventual peligro de fuga, medida que fue acogida por los jueces, toda vez que esta sentencia a\u00fan no se encuentra firme y ejecutoriada.<br \/>\nNo obstante el Fiscal de Delitos Sexuales del Ministerio P\u00fablico de San Felipe, Alejandro Bustos destac\u00f3 la sentencia en el sentido que un doble tribunal imparcial emitiera el mismo veredicto condenatorio en contra de este sujeto.<br \/>\n\u201cEl periodo de la acusaci\u00f3n abarc\u00f3 cuando la v\u00edctima era menor de 14 y mayor a esta edad, es decir desde el mes de septiembre de 2013 al mes de noviembre de 2014. Hubo un acceso a ella en esa oportunidad que fue por medio de la fuerza. Esta sentencia nos deja conforme porque se dio por acreditados todos los hechos que est\u00e1bamos invocando, en este caso dos tribunales imparciales llegan al mismo veredicto\u201d, precis\u00f3 el persecutor a Diario El Trabajo.<br \/>\n<strong>Pablo Salinas Sald\u00edas<\/strong><\/p>\n<figure id=\"attachment_68707\" aria-describedby=\"caption-attachment-68707\" style=\"width: 300px\" class=\"wp-caption alignleft\"><a href=\"http:\/\/www.eltrabajo.cl\/portal\/en-segundo-juicio-aumentan-pena-a-hombre-que-violo-a-sobrina-de-13\/fiscal-alejandro-bustos-3\/\" rel=\"attachment wp-att-68707\"><img data-recalc-dims=\"1\" loading=\"lazy\" decoding=\"async\" class=\"size-medium wp-image-68707\" src=\"https:\/\/i0.wp.com\/www.eltrabajo.cl\/portal\/wp-content\/uploads\/2016\/04\/Fiscal-Alejandro-Bustos-300x198.jpg?resize=300%2C198\" alt=\"Fiscal de Delitos Sexuales, Alejandro Bustos.\" width=\"300\" height=\"198\" srcset=\"https:\/\/i0.wp.com\/eltrabajo.cl\/portal\/wp-content\/uploads\/2016\/04\/Fiscal-Alejandro-Bustos.jpg?resize=300%2C198&amp;ssl=1 300w, https:\/\/i0.wp.com\/eltrabajo.cl\/portal\/wp-content\/uploads\/2016\/04\/Fiscal-Alejandro-Bustos.jpg?resize=200%2C132&amp;ssl=1 200w, https:\/\/i0.wp.com\/eltrabajo.cl\/portal\/wp-content\/uploads\/2016\/04\/Fiscal-Alejandro-Bustos.jpg?resize=227%2C150&amp;ssl=1 227w, https:\/\/i0.wp.com\/eltrabajo.cl\/portal\/wp-content\/uploads\/2016\/04\/Fiscal-Alejandro-Bustos.jpg?resize=400%2C264&amp;ssl=1 400w, https:\/\/i0.wp.com\/eltrabajo.cl\/portal\/wp-content\/uploads\/2016\/04\/Fiscal-Alejandro-Bustos.jpg?w=530&amp;ssl=1 530w\" sizes=\"auto, (max-width: 300px) 100vw, 300px\" \/><\/a><figcaption id=\"caption-attachment-68707\" class=\"wp-caption-text\">Fiscal de Delitos Sexuales, Alejandro Bustos.<\/figcaption><\/figure>\n","protected":false},"excerpt":{"rendered":"<p>Primer juicio lo conden\u00f3 a 11 a\u00f1os y ahora aument\u00f3 a 15 a\u00f1os y un d\u00eda de c\u00e1rcel: Nueva terna de jueces del Tribunal Oral en Lo Penal de San Felipe acogi\u00f3&#8230;<\/p>\n","protected":false},"author":1,"featured_media":68707,"comment_status":"open","ping_status":"open","sticky":false,"template":"","format":"standard","meta":{"advanced_seo_description":"","jetpack_seo_html_title":"","jetpack_seo_noindex":false,"_jetpack_memberships_contains_paid_content":false,"footnotes":""},"categories":[21],"tags":[],"class_list":["post-68706","post","type-post","status-publish","format-standard","has-post-thumbnail","hentry","category-policial"],"jetpack_featured_media_url":"https:\/\/i0.wp.com\/eltrabajo.cl\/portal\/wp-content\/uploads\/2016\/04\/Fiscal-Alejandro-Bustos.jpg?fit=530%2C350&ssl=1","jetpack_sharing_enabled":true,"jetpack_likes_enabled":true,"jetpack-related-posts":[],"_links":{"self":[{"href":"https:\/\/eltrabajo.cl\/portal\/wp-json\/wp\/v2\/posts\/68706","targetHints":{"allow":["GET"]}}],"collection":[{"href":"https:\/\/eltrabajo.cl\/portal\/wp-json\/wp\/v2\/posts"}],"about":[{"href":"https:\/\/eltrabajo.cl\/portal\/wp-json\/wp\/v2\/types\/post"}],"author":[{"embeddable":true,"href":"https:\/\/eltrabajo.cl\/portal\/wp-json\/wp\/v2\/users\/1"}],"replies":[{"embeddable":true,"href":"https:\/\/eltrabajo.cl\/portal\/wp-json\/wp\/v2\/comments?post=68706"}],"version-history":[{"count":0,"href":"https:\/\/eltrabajo.cl\/portal\/wp-json\/wp\/v2\/posts\/68706\/revisions"}],"wp:featuredmedia":[{"embeddable":true,"href":"https:\/\/eltrabajo.cl\/portal\/wp-json\/wp\/v2\/media\/68707"}],"wp:attachment":[{"href":"https:\/\/eltrabajo.cl\/portal\/wp-json\/wp\/v2\/media?parent=68706"}],"wp:term":[{"taxonomy":"category","embeddable":true,"href":"https:\/\/eltrabajo.cl\/portal\/wp-json\/wp\/v2\/categories?post=68706"},{"taxonomy":"post_tag","embeddable":true,"href":"https:\/\/eltrabajo.cl\/portal\/wp-json\/wp\/v2\/tags?post=68706"}],"curies":[{"name":"wp","href":"https:\/\/api.w.org\/{rel}","templated":true}]}}