{"id":68710,"date":"2016-04-14T08:31:13","date_gmt":"2016-04-14T11:31:13","guid":{"rendered":"http:\/\/www.eltrabajo.cl\/portal\/?p=68710"},"modified":"2016-04-14T08:31:13","modified_gmt":"2016-04-14T11:31:13","slug":"dirigentes-sociales-y-comerciantes-en-taller-preventivo-de-delitos-informaticos","status":"publish","type":"post","link":"https:\/\/eltrabajo.cl\/portal\/dirigentes-sociales-y-comerciantes-en-taller-preventivo-de-delitos-informaticos\/","title":{"rendered":"Dirigentes sociales y comerciantes en taller preventivo de delitos inform\u00e1ticos"},"content":{"rendered":"<p>A ra\u00edz de la seguidilla de delitos de clonaci\u00f3n de tarjetas en algunos cajeros autom\u00e1ticos de la comuna de San Felipe, es que la Gobernaci\u00f3n, con apoyo de la PDI, desarroll\u00f3 un taller de prevenci\u00f3n de delitos inform\u00e1ticos, destinado a dirigentes sociales y asociaciones de comerciantes con la finalidad de entregarles mayores resguardos a la hora de manipular estas cajas de seguridad y que adem\u00e1s, conocieran los peligros asociados a la vulneraci\u00f3n y estafa que los antisociales realizan a trav\u00e9s de las redes sociales o correos electr\u00f3nicos.<br \/>\nLa charla, que se realiz\u00f3 en dependencias de Prodemu, fue dictada por profesionales de la Brigada Investigadora de Cibercrimen de la PDI de Valpara\u00edso y en ella puntualizaron los errores que la gente comete a trav\u00e9s de redes como Facebook y Twitter, donde entrega detalles de su quehacer diario, d\u00e1ndole al delincuente la posibilidad de establecer los recorridos y los horarios en que no hay moradores en las viviendas.<br \/>\nAs\u00ed tambi\u00e9n, entregaron varias recomendaciones a la hora de utilizar los cajeros autom\u00e1ticos para girar dinero. As\u00ed lo se\u00f1al\u00f3 Luis Carrasco, Asistente T\u00e9cnico de Cibercrimen, quien inform\u00f3 que \u201cjam\u00e1s vaya a retirar dinero en forma desprovista o despreocupada, a pesar de apuro que lleve. Debe ver que el cajero no tenga intervenci\u00f3n y eso se hace mirando el dispositivo, tapar la clave con la mano, ver d\u00f3nde se introduce la tarjeta y con eso, cerciorarse de que el dispositivo no est\u00e9 alterado\u201d, se\u00f1al\u00f3 el oficial.<br \/>\nEn tanto, el Gobernador Eduardo Le\u00f3n sostuvo que \u201cen vista de los \u00faltimos hechos que la PDI investiga en la zona, desarrollamos este taller con los dirigentes y asociaciones de comercio para prevenir estos delitos. La creaci\u00f3n de esta idea fue muy r\u00e1pida y en poco tiempo, pero hemos tomado la decisi\u00f3n de repetirlo, con un seminario m\u00e1s extenso, con la idea de que asistan muchos m\u00e1s dirigentes y comerciantes porque hoy estamos expuestos digitalmente y no nos damos cuenta\u201d, puntualiz\u00f3 la m\u00e1xima autoridad provincial.<br \/>\nEl subprefecto de la Polic\u00eda de Investigaciones de San Felipe, Carlos Rivera, enfatiz\u00f3 que \u201cgracias a la invitaci\u00f3n que nos hizo la Gobernaci\u00f3n, coordinamos este taller, logrando una reuni\u00f3n bastante provechosa para todos. Sabemos que la vulnerabilidad de estos delitos est\u00e1 al alcance de cualquier persona\u201d.<br \/>\nPara los participantes, esta actividad fue de gran ayuda ya que les permite conocer detalles que antes no tomaban en cuenta y que muchas veces, por falta de conocimiento o descuido, comet\u00edan a diario.<\/p>\n<figure id=\"attachment_68711\" aria-describedby=\"caption-attachment-68711\" style=\"width: 530px\" class=\"wp-caption alignleft\"><a href=\"http:\/\/www.eltrabajo.cl\/portal\/dirigentes-sociales-y-comerciantes-en-taller-preventivo-de-delitos-informaticos\/taller-preventivo-pdi\/\" rel=\"attachment wp-att-68711\"><img data-recalc-dims=\"1\" loading=\"lazy\" decoding=\"async\" class=\"size-full wp-image-68711\" src=\"https:\/\/i0.wp.com\/www.eltrabajo.cl\/portal\/wp-content\/uploads\/2016\/04\/Taller-preventivo-PDI.jpg?resize=530%2C349\" alt=\"Profesionales de la Brigada Investigadora de Cibercrimen de la PDI realizaron una charla preventiva a dirigentes sociales y comerciantes sobre delitos inform\u00e1ticos. \" width=\"530\" height=\"349\" srcset=\"https:\/\/i0.wp.com\/eltrabajo.cl\/portal\/wp-content\/uploads\/2016\/04\/Taller-preventivo-PDI.jpg?w=530&amp;ssl=1 530w, https:\/\/i0.wp.com\/eltrabajo.cl\/portal\/wp-content\/uploads\/2016\/04\/Taller-preventivo-PDI.jpg?resize=200%2C132&amp;ssl=1 200w, https:\/\/i0.wp.com\/eltrabajo.cl\/portal\/wp-content\/uploads\/2016\/04\/Taller-preventivo-PDI.jpg?resize=300%2C198&amp;ssl=1 300w, https:\/\/i0.wp.com\/eltrabajo.cl\/portal\/wp-content\/uploads\/2016\/04\/Taller-preventivo-PDI.jpg?resize=228%2C150&amp;ssl=1 228w, https:\/\/i0.wp.com\/eltrabajo.cl\/portal\/wp-content\/uploads\/2016\/04\/Taller-preventivo-PDI.jpg?resize=400%2C263&amp;ssl=1 400w\" sizes=\"auto, (max-width: 530px) 100vw, 530px\" \/><\/a><figcaption id=\"caption-attachment-68711\" class=\"wp-caption-text\">Profesionales de la Brigada Investigadora de Cibercrimen de la PDI realizaron una charla preventiva a dirigentes sociales y comerciantes sobre delitos inform\u00e1ticos.<\/figcaption><\/figure>\n","protected":false},"excerpt":{"rendered":"<p>A ra\u00edz de la seguidilla de delitos de clonaci\u00f3n de tarjetas en algunos cajeros autom\u00e1ticos de la comuna de San Felipe, es que la Gobernaci\u00f3n, con apoyo de la PDI, desarroll\u00f3 un&#8230;<\/p>\n","protected":false},"author":1,"featured_media":68711,"comment_status":"open","ping_status":"open","sticky":false,"template":"","format":"standard","meta":{"advanced_seo_description":"","jetpack_seo_html_title":"","jetpack_seo_noindex":false,"_jetpack_memberships_contains_paid_content":false,"footnotes":""},"categories":[1],"tags":[],"class_list":["post-68710","post","type-post","status-publish","format-standard","has-post-thumbnail","hentry","category-cronica"],"jetpack_featured_media_url":"https:\/\/i0.wp.com\/eltrabajo.cl\/portal\/wp-content\/uploads\/2016\/04\/Taller-preventivo-PDI.jpg?fit=530%2C349&ssl=1","jetpack_sharing_enabled":true,"jetpack_likes_enabled":true,"jetpack-related-posts":[],"_links":{"self":[{"href":"https:\/\/eltrabajo.cl\/portal\/wp-json\/wp\/v2\/posts\/68710","targetHints":{"allow":["GET"]}}],"collection":[{"href":"https:\/\/eltrabajo.cl\/portal\/wp-json\/wp\/v2\/posts"}],"about":[{"href":"https:\/\/eltrabajo.cl\/portal\/wp-json\/wp\/v2\/types\/post"}],"author":[{"embeddable":true,"href":"https:\/\/eltrabajo.cl\/portal\/wp-json\/wp\/v2\/users\/1"}],"replies":[{"embeddable":true,"href":"https:\/\/eltrabajo.cl\/portal\/wp-json\/wp\/v2\/comments?post=68710"}],"version-history":[{"count":0,"href":"https:\/\/eltrabajo.cl\/portal\/wp-json\/wp\/v2\/posts\/68710\/revisions"}],"wp:featuredmedia":[{"embeddable":true,"href":"https:\/\/eltrabajo.cl\/portal\/wp-json\/wp\/v2\/media\/68711"}],"wp:attachment":[{"href":"https:\/\/eltrabajo.cl\/portal\/wp-json\/wp\/v2\/media?parent=68710"}],"wp:term":[{"taxonomy":"category","embeddable":true,"href":"https:\/\/eltrabajo.cl\/portal\/wp-json\/wp\/v2\/categories?post=68710"},{"taxonomy":"post_tag","embeddable":true,"href":"https:\/\/eltrabajo.cl\/portal\/wp-json\/wp\/v2\/tags?post=68710"}],"curies":[{"name":"wp","href":"https:\/\/api.w.org\/{rel}","templated":true}]}}