{"id":68714,"date":"2016-04-14T08:33:10","date_gmt":"2016-04-14T11:33:10","guid":{"rendered":"http:\/\/www.eltrabajo.cl\/portal\/?p=68714"},"modified":"2016-04-14T08:33:10","modified_gmt":"2016-04-14T11:33:10","slug":"mas-de-60-milimetros-de-agua-podrian-caer-durante-sistema-frontal-en-aconcagua","status":"publish","type":"post","link":"https:\/\/eltrabajo.cl\/portal\/mas-de-60-milimetros-de-agua-podrian-caer-durante-sistema-frontal-en-aconcagua\/","title":{"rendered":"M\u00e1s de 60 mil\u00edmetros de agua podr\u00edan caer durante sistema frontal en Aconcagua"},"content":{"rendered":"<p><strong>Onemi Regional decret\u00f3 alerta temprana preventiva.<\/strong><br \/>\nSobre los 60 mil\u00edmetros de agua se espera que caigan durante el sistema frontal pronosticado para este d\u00eda jueves y que seg\u00fan estimaciones meteorol\u00f3gicas, se prolongar\u00eda hasta la noche del domingo.<br \/>\nEl director provincial de emergencias, Carlos \u00c1lamos Guerra, indic\u00f3 que este evento clim\u00e1tico comenzar\u00eda el d\u00eda jueves con precipitaciones moderadas, registr\u00e1ndose la mayor cantidad de lluvias los d\u00edas viernes y domingo.<br \/>\nIndic\u00f3 que para las zonas interiores hay pronosticadas tambi\u00e9n fuertes r\u00e1fagas de viento, ante lo cual la Onemi Regional decret\u00f3 Alerta Temprana Preventiva, \u201clo que implica aumentar los grados de preparaci\u00f3n de los distintos niveles, en este caso provinciales y comunales consistentes en la preparaci\u00f3n de los turnos, alistamiento de veh\u00edculos, maquinarias, albergues, stock cr\u00edticos y otros que sean necesarios para poder afrontar cualquier emergencia derivado de las intensas precipitaciones\u201d.<br \/>\nNo obstante ello, remarc\u00f3 que es importante que los vecinos preparen sus hogares para las lluvias limpiando las canaletas, sumideros y bajadas de agua, \u201cadem\u00e1s de mantener en buenas condiciones los sistemas el\u00e9ctricos de las viviendas y as\u00ed evitar los incendios\u201d.<br \/>\nAgreg\u00f3 que posterior a este fen\u00f3meno tambi\u00e9n se puede avizorar otro de caracter\u00edsticas similares en un par de semanas m\u00e1s y es por esta raz\u00f3n que conforme a las orientaciones dadas por la gobernadora provincial se est\u00e1 trabajando muy fuertemente en la parte preventiva con la limpieza de los cursos de agua y canales.<br \/>\n\u201cAdem\u00e1s contamos con buenos escurridores de agua en sistema de cordillera, tanto en el r\u00edo Aconcagua como en la desembocadura del estero Riecillos que hab\u00edan presentado algunos fen\u00f3menos de aluviones en a\u00f1os anteriores\u201d.<br \/>\nPrecis\u00f3 que las lluvias se producir\u00e1n en cotas muy altas sobre los 3 mil metros, lo que pueden incidir en el aumento de los caudales.<\/p>\n<p><strong>ESVAL REFUERZA SERVICIOS<\/strong><br \/>\nPor su parte, la empresa Esval dispuso el reforzamiento de su plan preventivo frente a situaciones de emergencia.<br \/>\n\u201cLos pron\u00f3sticos indican precipitaciones moderadas a fuertes, a partir de la tarde de este jueves, lo que por supuesto es una buena noticia considerando el delicado escenario de sequ\u00eda que a\u00fan se mantiene en nuestra regi\u00f3n. Sin embargo, tambi\u00e9n nos obliga a disponer una serie de acciones con el objetivo de responder adecuadamente a la contingencia y garantizar un \u00f3ptimo servicio a nuestros usuarios\u201d, inform\u00f3 el gerente de Clientes, Cristian Vergara.<br \/>\nEl ejecutivo detall\u00f3 que \u201chemos dispuesto el reforzamiento de nuestro sistema productivo en caso de cortes de energ\u00eda el\u00e9ctrica, con la presencia de generadores de apoyo. Adem\u00e1s, efectuaremos revisiones constantes de los niveles de turbiedad y caudal en las fuentes superficiales, como tambi\u00e9n el monitoreo de las zonas costeras. Para ello, dispondremos de camiones especiales para la continuidad del servicio de recolecci\u00f3n de aguas servidas, en diversos puntos de la regi\u00f3n\u201d.<br \/>\nVergara reiter\u00f3 el llamado a dar un buen uso a las redes de alcantarillado, ya que \u201cel sistema est\u00e1 dise\u00f1ado s\u00f3lo para conducir aguas servidas domiciliarias. Por consiguiente, se debe evitar el vertimiento de elementos extra\u00f1os, como aceites, trapos, palos, piedras y otros desechos que podr\u00edan provocar obstrucciones y rebases en estos ductos\u201d.<\/p>\n<figure id=\"attachment_68715\" aria-describedby=\"caption-attachment-68715\" style=\"width: 530px\" class=\"wp-caption alignleft\"><a href=\"http:\/\/www.eltrabajo.cl\/portal\/mas-de-60-milimetros-de-agua-podrian-caer-durante-sistema-frontal-en-aconcagua\/lluvias-monitoreo\/\" rel=\"attachment wp-att-68715\"><img data-recalc-dims=\"1\" loading=\"lazy\" decoding=\"async\" class=\"size-full wp-image-68715\" src=\"https:\/\/i0.wp.com\/www.eltrabajo.cl\/portal\/wp-content\/uploads\/2016\/04\/lluvias-monitoreo.jpg?resize=530%2C348\" alt=\"Se esperan m\u00e1s de 60 mil\u00edmetros de agua del sistema frontal que comenzar\u00e1 hoy jueves en Aconcagua. \" width=\"530\" height=\"348\" srcset=\"https:\/\/i0.wp.com\/eltrabajo.cl\/portal\/wp-content\/uploads\/2016\/04\/lluvias-monitoreo.jpg?w=530&amp;ssl=1 530w, https:\/\/i0.wp.com\/eltrabajo.cl\/portal\/wp-content\/uploads\/2016\/04\/lluvias-monitoreo.jpg?resize=200%2C131&amp;ssl=1 200w, https:\/\/i0.wp.com\/eltrabajo.cl\/portal\/wp-content\/uploads\/2016\/04\/lluvias-monitoreo.jpg?resize=300%2C197&amp;ssl=1 300w, https:\/\/i0.wp.com\/eltrabajo.cl\/portal\/wp-content\/uploads\/2016\/04\/lluvias-monitoreo.jpg?resize=228%2C150&amp;ssl=1 228w, https:\/\/i0.wp.com\/eltrabajo.cl\/portal\/wp-content\/uploads\/2016\/04\/lluvias-monitoreo.jpg?resize=400%2C263&amp;ssl=1 400w\" sizes=\"auto, (max-width: 530px) 100vw, 530px\" \/><\/a><figcaption id=\"caption-attachment-68715\" class=\"wp-caption-text\">Se esperan m\u00e1s de 60 mil\u00edmetros de agua del sistema frontal que comenzar\u00e1 hoy jueves en Aconcagua.<\/figcaption><\/figure>\n","protected":false},"excerpt":{"rendered":"<p>Onemi Regional decret\u00f3 alerta temprana preventiva. Sobre los 60 mil\u00edmetros de agua se espera que caigan durante el sistema frontal pronosticado para este d\u00eda jueves y que seg\u00fan estimaciones meteorol\u00f3gicas, se prolongar\u00eda&#8230;<\/p>\n","protected":false},"author":1,"featured_media":68715,"comment_status":"open","ping_status":"open","sticky":false,"template":"","format":"standard","meta":{"advanced_seo_description":"","jetpack_seo_html_title":"","jetpack_seo_noindex":false,"_jetpack_memberships_contains_paid_content":false,"footnotes":""},"categories":[1],"tags":[],"class_list":["post-68714","post","type-post","status-publish","format-standard","has-post-thumbnail","hentry","category-cronica"],"jetpack_featured_media_url":"https:\/\/i0.wp.com\/eltrabajo.cl\/portal\/wp-content\/uploads\/2016\/04\/lluvias-monitoreo.jpg?fit=530%2C348&ssl=1","jetpack_sharing_enabled":true,"jetpack_likes_enabled":true,"jetpack-related-posts":[],"_links":{"self":[{"href":"https:\/\/eltrabajo.cl\/portal\/wp-json\/wp\/v2\/posts\/68714","targetHints":{"allow":["GET"]}}],"collection":[{"href":"https:\/\/eltrabajo.cl\/portal\/wp-json\/wp\/v2\/posts"}],"about":[{"href":"https:\/\/eltrabajo.cl\/portal\/wp-json\/wp\/v2\/types\/post"}],"author":[{"embeddable":true,"href":"https:\/\/eltrabajo.cl\/portal\/wp-json\/wp\/v2\/users\/1"}],"replies":[{"embeddable":true,"href":"https:\/\/eltrabajo.cl\/portal\/wp-json\/wp\/v2\/comments?post=68714"}],"version-history":[{"count":0,"href":"https:\/\/eltrabajo.cl\/portal\/wp-json\/wp\/v2\/posts\/68714\/revisions"}],"wp:featuredmedia":[{"embeddable":true,"href":"https:\/\/eltrabajo.cl\/portal\/wp-json\/wp\/v2\/media\/68715"}],"wp:attachment":[{"href":"https:\/\/eltrabajo.cl\/portal\/wp-json\/wp\/v2\/media?parent=68714"}],"wp:term":[{"taxonomy":"category","embeddable":true,"href":"https:\/\/eltrabajo.cl\/portal\/wp-json\/wp\/v2\/categories?post=68714"},{"taxonomy":"post_tag","embeddable":true,"href":"https:\/\/eltrabajo.cl\/portal\/wp-json\/wp\/v2\/tags?post=68714"}],"curies":[{"name":"wp","href":"https:\/\/api.w.org\/{rel}","templated":true}]}}