{"id":68718,"date":"2016-04-14T08:38:11","date_gmt":"2016-04-14T11:38:11","guid":{"rendered":"http:\/\/www.eltrabajo.cl\/portal\/?p=68718"},"modified":"2016-04-14T08:38:11","modified_gmt":"2016-04-14T11:38:11","slug":"vecinos-de-el-asiento-se-preparan-para-la-fiesta-de-san-isidro-labrador","status":"publish","type":"post","link":"https:\/\/eltrabajo.cl\/portal\/vecinos-de-el-asiento-se-preparan-para-la-fiesta-de-san-isidro-labrador\/","title":{"rendered":"Vecinos de El Asiento se preparan para la Fiesta de San Isidro Labrador"},"content":{"rendered":"<p><strong>Bailes chinos de toda la regi\u00f3n visitar\u00e1n nuestra comuna:<\/strong><br \/>\nCon la entusiasta participaci\u00f3n de la comunidad de El Asiento, la Escuela Jos\u00e9 Bernardo Su\u00e1rez dio inicio a las actividades de preparaci\u00f3n de la Fiesta de San Isidro Labrador 2016, la que se inscribe en el calendario nacional de celebraciones del D\u00eda Nacional del Patrimonio Cultural, que este a\u00f1o se realizar\u00e1 el domingo 29 de mayo.<br \/>\nDiario El Trabajo habl\u00f3 con la directora del establecimiento, Sandra Lucero Mur\u00faa, quien se\u00f1al\u00f3 que \u00abtal como en el a\u00f1o anterior, esta multitudinaria manifestaci\u00f3n de religiosidad popular, surge del trabajo conjunto del establecimiento a trav\u00e9s de su \u00e1rea de arte y patrimonio cultural, junto a la comunidad cristiana San Isidro de El Asiento y el centro de padres de nuestra escuela. A esto se suma la participaci\u00f3n y aporte de las organizaciones y toda la localidad, tales como la junta de vecinos y Comit\u00e9 de Vivienda El Cipr\u00e9s, el llamado es para que este a\u00f1o nuevamente nos acompa\u00f1en las diferentes organizaciones, Cuerpo de Bomberos de 21 de Mayo; adultos mayores; grupos femeninos; club deportivo, etc.\u00bb, dijo Lucero.<\/p>\n<p><strong>FERVOR REGIONAL<\/strong><br \/>\nPor su parte la coordinadora de la actividad, Lorena V\u00e9liz Flores, quien es licenciada en Artes de la U. de Chile y diplomada en Gesti\u00f3n Cultural y Gesti\u00f3n Social, coment\u00f3 que \u00absentimos adem\u00e1s el eterno agradecimiento al carisma y entusiasmo del Padre Ricardo G\u00f3mez de la parroquia de Rinconada de Silva, quien con su inter\u00e9s y acogida hacia los bailes religiosos que participan, hace posible la realizaci\u00f3n de esta alianza que educa, cultiva y fortalece la devoci\u00f3n, el patrimonio y los lazos de la comunidad\u00bb.<br \/>\nV\u00e9liz indic\u00f3 adem\u00e1s, que \u00abse espera en esta ocasi\u00f3n la masiva presencia de los Bailes Chinos de Aconcagua y de la V Regi\u00f3n, mismos que en 2014 la Unesco declar\u00f3 Patrimonio Cultural de la Humanidad, as\u00ed como de bailes danzantes, que ya empezar\u00e1n a ser invitados, para engalanar la festividad del patrono de la lluvia y la labranza\u00bb, dijo la profesional.<br \/>\n<strong>Roberto Gonz\u00e1lez Short<\/strong><br \/>\n<strong>rgonzalez@eltrabajo.cl<\/strong><\/p>\n<div class=\"tiled-gallery type-rectangular tiled-gallery-unresized\" data-original-width=\"640\" data-carousel-extra='null' itemscope itemtype=\"http:\/\/schema.org\/ImageGallery\" > <div class=\"gallery-row\" style=\"width: 640px; height: 284px;\" data-original-width=\"640\" data-original-height=\"284\" > <div class=\"gallery-group images-1\" style=\"width: 427px; height: 284px;\" data-original-width=\"427\" data-original-height=\"284\" > <div class=\"tiled-gallery-item tiled-gallery-item-large\" itemprop=\"associatedMedia\" itemscope itemtype=\"http:\/\/schema.org\/ImageObject\"> <a href=\"https:\/\/eltrabajo.cl\/portal\/vecinos-de-el-asiento-se-preparan-para-la-fiesta-de-san-isidro-labrador\/chinos33\/\" border=\"0\" itemprop=\"url\"> <meta itemprop=\"width\" content=\"423\"> <meta itemprop=\"height\" content=\"280\"> <img decoding=\"async\" class=\"\" data-attachment-id=\"68719\" data-orig-file=\"https:\/\/eltrabajo.cl\/portal\/wp-content\/uploads\/2016\/04\/Chinos33.jpg\" data-orig-size=\"530,350\" data-comments-opened=\"1\" data-image-meta=\"{&quot;aperture&quot;:&quot;0&quot;,&quot;credit&quot;:&quot;&quot;,&quot;camera&quot;:&quot;&quot;,&quot;caption&quot;:&quot;&quot;,&quot;created_timestamp&quot;:&quot;0&quot;,&quot;copyright&quot;:&quot;&quot;,&quot;focal_length&quot;:&quot;0&quot;,&quot;iso&quot;:&quot;0&quot;,&quot;shutter_speed&quot;:&quot;0&quot;,&quot;title&quot;:&quot;&quot;,&quot;orientation&quot;:&quot;0&quot;}\" data-image-title=\"MASCARADAS.- Las mejores mascaradas de la V Regi\u00f3n desfilar\u00e1n por las calles de El Asiento pr\u00f3ximamente.\" data-image-description=\"&lt;p&gt;MASCARADAS.- Las mejores mascaradas de la V Regi\u00f3n desfilar\u00e1n por las calles de El Asiento pr\u00f3ximamente.&lt;\/p&gt; \" data-medium-file=\"https:\/\/i0.wp.com\/eltrabajo.cl\/portal\/wp-content\/uploads\/2016\/04\/Chinos33.jpg?fit=300%2C198&#038;ssl=1\" data-large-file=\"https:\/\/i0.wp.com\/eltrabajo.cl\/portal\/wp-content\/uploads\/2016\/04\/Chinos33.jpg?fit=530%2C350&#038;ssl=1\" src=\"https:\/\/i0.wp.com\/eltrabajo.cl\/portal\/wp-content\/uploads\/2016\/04\/Chinos33.jpg?w=423&#038;h=280&#038;ssl=1\" srcset=\"https:\/\/i0.wp.com\/eltrabajo.cl\/portal\/wp-content\/uploads\/2016\/04\/Chinos33.jpg?w=530&amp;ssl=1 530w, https:\/\/i0.wp.com\/eltrabajo.cl\/portal\/wp-content\/uploads\/2016\/04\/Chinos33.jpg?resize=200%2C132&amp;ssl=1 200w, https:\/\/i0.wp.com\/eltrabajo.cl\/portal\/wp-content\/uploads\/2016\/04\/Chinos33.jpg?resize=300%2C198&amp;ssl=1 300w, https:\/\/i0.wp.com\/eltrabajo.cl\/portal\/wp-content\/uploads\/2016\/04\/Chinos33.jpg?resize=227%2C150&amp;ssl=1 227w, https:\/\/i0.wp.com\/eltrabajo.cl\/portal\/wp-content\/uploads\/2016\/04\/Chinos33.jpg?resize=400%2C264&amp;ssl=1 400w\" width=\"423\" height=\"280\" loading=\"lazy\" data-original-width=\"423\" data-original-height=\"280\" itemprop=\"http:\/\/schema.org\/image\" title=\"MASCARADAS.- Las mejores mascaradas de la V Regi\u00f3n desfilar\u00e1n por las calles de El Asiento pr\u00f3ximamente.\" alt=\"MASCARADAS.- Las mejores mascaradas de la V Regi\u00f3n desfilar\u00e1n por las calles de El Asiento pr\u00f3ximamente.\" style=\"width: 423px; height: 280px;\" \/> <\/a> <div class=\"tiled-gallery-caption\" itemprop=\"caption description\"> MASCARADAS.- Las mejores mascaradas de la V Regi\u00f3n desfilar\u00e1n por las calles de El Asiento pr\u00f3ximamente. <\/div> <\/div> <\/div> <!-- close group --> <div class=\"gallery-group images-2\" style=\"width: 213px; height: 284px;\" data-original-width=\"213\" data-original-height=\"284\" > <div class=\"tiled-gallery-item tiled-gallery-item-small\" itemprop=\"associatedMedia\" itemscope itemtype=\"http:\/\/schema.org\/ImageObject\"> <a href=\"https:\/\/eltrabajo.cl\/portal\/vecinos-de-el-asiento-se-preparan-para-la-fiesta-de-san-isidro-labrador\/lorena-veliz\/\" border=\"0\" itemprop=\"url\"> <meta itemprop=\"width\" content=\"209\"> <meta itemprop=\"height\" content=\"138\"> <img decoding=\"async\" class=\"\" data-attachment-id=\"68720\" data-orig-file=\"https:\/\/eltrabajo.cl\/portal\/wp-content\/uploads\/2016\/04\/Lorena-Veliz.jpg\" data-orig-size=\"530,350\" data-comments-opened=\"1\" data-image-meta=\"{&quot;aperture&quot;:&quot;0&quot;,&quot;credit&quot;:&quot;&quot;,&quot;camera&quot;:&quot;&quot;,&quot;caption&quot;:&quot;&quot;,&quot;created_timestamp&quot;:&quot;0&quot;,&quot;copyright&quot;:&quot;&quot;,&quot;focal_length&quot;:&quot;0&quot;,&quot;iso&quot;:&quot;0&quot;,&quot;shutter_speed&quot;:&quot;0&quot;,&quot;title&quot;:&quot;&quot;,&quot;orientation&quot;:&quot;0&quot;}\" data-image-title=\"Lorena V\u00e9liz Flores, encargada de Arte y Cultura de esta escuela sanfelipe\u00f1a.\" data-image-description=\"&lt;p&gt;Lorena V\u00e9liz Flores, encargada de Arte y Cultura de esta escuela sanfelipe\u00f1a.&lt;\/p&gt; \" data-medium-file=\"https:\/\/i0.wp.com\/eltrabajo.cl\/portal\/wp-content\/uploads\/2016\/04\/Lorena-Veliz.jpg?fit=300%2C198&#038;ssl=1\" data-large-file=\"https:\/\/i0.wp.com\/eltrabajo.cl\/portal\/wp-content\/uploads\/2016\/04\/Lorena-Veliz.jpg?fit=530%2C350&#038;ssl=1\" src=\"https:\/\/i0.wp.com\/eltrabajo.cl\/portal\/wp-content\/uploads\/2016\/04\/Lorena-Veliz.jpg?w=209&#038;h=138&#038;ssl=1\" srcset=\"https:\/\/i0.wp.com\/eltrabajo.cl\/portal\/wp-content\/uploads\/2016\/04\/Lorena-Veliz.jpg?w=530&amp;ssl=1 530w, https:\/\/i0.wp.com\/eltrabajo.cl\/portal\/wp-content\/uploads\/2016\/04\/Lorena-Veliz.jpg?resize=200%2C132&amp;ssl=1 200w, https:\/\/i0.wp.com\/eltrabajo.cl\/portal\/wp-content\/uploads\/2016\/04\/Lorena-Veliz.jpg?resize=300%2C198&amp;ssl=1 300w, https:\/\/i0.wp.com\/eltrabajo.cl\/portal\/wp-content\/uploads\/2016\/04\/Lorena-Veliz.jpg?resize=227%2C150&amp;ssl=1 227w, https:\/\/i0.wp.com\/eltrabajo.cl\/portal\/wp-content\/uploads\/2016\/04\/Lorena-Veliz.jpg?resize=400%2C264&amp;ssl=1 400w\" width=\"209\" height=\"138\" loading=\"lazy\" data-original-width=\"209\" data-original-height=\"138\" itemprop=\"http:\/\/schema.org\/image\" title=\"Lorena V\u00e9liz Flores, encargada de Arte y Cultura de esta escuela sanfelipe\u00f1a.\" alt=\"Lorena V\u00e9liz Flores, encargada de Arte y Cultura de esta escuela sanfelipe\u00f1a.\" style=\"width: 209px; height: 138px;\" \/> <\/a> <div class=\"tiled-gallery-caption\" itemprop=\"caption description\"> Lorena V\u00e9liz Flores, encargada de Arte y Cultura de esta escuela sanfelipe\u00f1a. <\/div> <\/div> <div class=\"tiled-gallery-item tiled-gallery-item-small\" itemprop=\"associatedMedia\" itemscope itemtype=\"http:\/\/schema.org\/ImageObject\"> <a href=\"https:\/\/eltrabajo.cl\/portal\/vecinos-de-el-asiento-se-preparan-para-la-fiesta-de-san-isidro-labrador\/reunion33\/\" border=\"0\" itemprop=\"url\"> <meta itemprop=\"width\" content=\"209\"> <meta itemprop=\"height\" content=\"138\"> <img decoding=\"async\" class=\"\" data-attachment-id=\"68721\" data-orig-file=\"https:\/\/eltrabajo.cl\/portal\/wp-content\/uploads\/2016\/04\/Reunion33.jpg\" data-orig-size=\"530,350\" data-comments-opened=\"1\" data-image-meta=\"{&quot;aperture&quot;:&quot;0&quot;,&quot;credit&quot;:&quot;&quot;,&quot;camera&quot;:&quot;&quot;,&quot;caption&quot;:&quot;&quot;,&quot;created_timestamp&quot;:&quot;0&quot;,&quot;copyright&quot;:&quot;&quot;,&quot;focal_length&quot;:&quot;0&quot;,&quot;iso&quot;:&quot;0&quot;,&quot;shutter_speed&quot;:&quot;0&quot;,&quot;title&quot;:&quot;&quot;,&quot;orientation&quot;:&quot;0&quot;}\" data-image-title=\"EL DIRECTORIO.- En la foto que acompa\u00f1a est\u00e1n en la primera reuni\u00f3n del Comit\u00e9 Ampliado 2016: Sandra Lucero, directora escuela de El Asiento; Luis Ortiz, presidente de la junta de vecinos; Ingrid G\u00e1rate, presidente del Centro de Padres; Oscar Torres, del Centro de Padres y la profesora Lorena V\u00e9liz, encargada Arte y Patrimonio, entre otros.\" data-image-description=\"&lt;p&gt;EL DIRECTORIO.- En la foto que acompa\u00f1a est\u00e1n en la primera reuni\u00f3n del Comit\u00e9 Ampliado 2016: Sandra Lucero, directora escuela de El Asiento; Luis Ortiz, presidente de la junta de vecinos; Ingrid G\u00e1rate, presidente del Centro de Padres; Oscar Torres, del Centro de Padres y la profesora Lorena V\u00e9liz, encargada Arte y Patrimonio, entre otros.&lt;\/p&gt; \" data-medium-file=\"https:\/\/i0.wp.com\/eltrabajo.cl\/portal\/wp-content\/uploads\/2016\/04\/Reunion33.jpg?fit=300%2C198&#038;ssl=1\" data-large-file=\"https:\/\/i0.wp.com\/eltrabajo.cl\/portal\/wp-content\/uploads\/2016\/04\/Reunion33.jpg?fit=530%2C350&#038;ssl=1\" src=\"https:\/\/i0.wp.com\/eltrabajo.cl\/portal\/wp-content\/uploads\/2016\/04\/Reunion33.jpg?w=209&#038;h=138&#038;ssl=1\" srcset=\"https:\/\/i0.wp.com\/eltrabajo.cl\/portal\/wp-content\/uploads\/2016\/04\/Reunion33.jpg?w=530&amp;ssl=1 530w, https:\/\/i0.wp.com\/eltrabajo.cl\/portal\/wp-content\/uploads\/2016\/04\/Reunion33.jpg?resize=200%2C132&amp;ssl=1 200w, https:\/\/i0.wp.com\/eltrabajo.cl\/portal\/wp-content\/uploads\/2016\/04\/Reunion33.jpg?resize=300%2C198&amp;ssl=1 300w, https:\/\/i0.wp.com\/eltrabajo.cl\/portal\/wp-content\/uploads\/2016\/04\/Reunion33.jpg?resize=227%2C150&amp;ssl=1 227w, https:\/\/i0.wp.com\/eltrabajo.cl\/portal\/wp-content\/uploads\/2016\/04\/Reunion33.jpg?resize=400%2C264&amp;ssl=1 400w\" width=\"209\" height=\"138\" loading=\"lazy\" data-original-width=\"209\" data-original-height=\"138\" itemprop=\"http:\/\/schema.org\/image\" title=\"EL DIRECTORIO.- En la foto que acompa\u00f1a est\u00e1n en la primera reuni\u00f3n del Comit\u00e9 Ampliado 2016: Sandra Lucero, directora escuela de El Asiento; Luis Ortiz, presidente de la junta de vecinos; Ingrid G\u00e1rate, presidente del Centro de Padres; Oscar Torres, del Centro de Padres y la profesora Lorena V\u00e9liz, encargada Arte y Patrimonio, entre otros.\" alt=\"EL DIRECTORIO.- En la foto que acompa\u00f1a est\u00e1n en la primera reuni\u00f3n del Comit\u00e9 Ampliado 2016: Sandra Lucero, directora escuela de El Asiento; Luis Ortiz, presidente de la junta de vecinos; Ingrid G\u00e1rate, presidente del Centro de Padres; Oscar Torres, del Centro de Padres y la profesora Lorena V\u00e9liz, encargada Arte y Patrimonio, entre otros.\" style=\"width: 209px; height: 138px;\" \/> <\/a> <div class=\"tiled-gallery-caption\" itemprop=\"caption description\"> EL DIRECTORIO.- En la foto que acompa\u00f1a est\u00e1n en la primera reuni\u00f3n del Comit\u00e9 Ampliado 2016: Sandra Lucero, directora escuela de El Asiento; Luis Ortiz, presidente de la junta de vecinos; Ingrid G\u00e1rate, presidente del Centro de Padres; Oscar Torres, del Centro de Padres y la profesora Lorena V\u00e9liz, encargada Arte y Patrimonio, entre otros. <\/div> <\/div> <\/div> <!-- close group --> <\/div> <!-- close row --> <\/div>\n","protected":false},"excerpt":{"rendered":"<p>Bailes chinos de toda la regi\u00f3n visitar\u00e1n nuestra comuna: Con la entusiasta participaci\u00f3n de la comunidad de El Asiento, la Escuela Jos\u00e9 Bernardo Su\u00e1rez dio inicio a las actividades de preparaci\u00f3n de&#8230;<\/p>\n","protected":false},"author":1,"featured_media":68719,"comment_status":"open","ping_status":"open","sticky":false,"template":"","format":"standard","meta":{"advanced_seo_description":"","jetpack_seo_html_title":"","jetpack_seo_noindex":false,"_jetpack_memberships_contains_paid_content":false,"footnotes":""},"categories":[15],"tags":[],"class_list":["post-68718","post","type-post","status-publish","format-standard","has-post-thumbnail","hentry","category-comunidad"],"jetpack_featured_media_url":"https:\/\/i0.wp.com\/eltrabajo.cl\/portal\/wp-content\/uploads\/2016\/04\/Chinos33.jpg?fit=530%2C350&ssl=1","jetpack_sharing_enabled":true,"jetpack_likes_enabled":true,"jetpack-related-posts":[],"_links":{"self":[{"href":"https:\/\/eltrabajo.cl\/portal\/wp-json\/wp\/v2\/posts\/68718","targetHints":{"allow":["GET"]}}],"collection":[{"href":"https:\/\/eltrabajo.cl\/portal\/wp-json\/wp\/v2\/posts"}],"about":[{"href":"https:\/\/eltrabajo.cl\/portal\/wp-json\/wp\/v2\/types\/post"}],"author":[{"embeddable":true,"href":"https:\/\/eltrabajo.cl\/portal\/wp-json\/wp\/v2\/users\/1"}],"replies":[{"embeddable":true,"href":"https:\/\/eltrabajo.cl\/portal\/wp-json\/wp\/v2\/comments?post=68718"}],"version-history":[{"count":0,"href":"https:\/\/eltrabajo.cl\/portal\/wp-json\/wp\/v2\/posts\/68718\/revisions"}],"wp:featuredmedia":[{"embeddable":true,"href":"https:\/\/eltrabajo.cl\/portal\/wp-json\/wp\/v2\/media\/68719"}],"wp:attachment":[{"href":"https:\/\/eltrabajo.cl\/portal\/wp-json\/wp\/v2\/media?parent=68718"}],"wp:term":[{"taxonomy":"category","embeddable":true,"href":"https:\/\/eltrabajo.cl\/portal\/wp-json\/wp\/v2\/categories?post=68718"},{"taxonomy":"post_tag","embeddable":true,"href":"https:\/\/eltrabajo.cl\/portal\/wp-json\/wp\/v2\/tags?post=68718"}],"curies":[{"name":"wp","href":"https:\/\/api.w.org\/{rel}","templated":true}]}}