{"id":68723,"date":"2016-04-14T08:39:30","date_gmt":"2016-04-14T11:39:30","guid":{"rendered":"http:\/\/www.eltrabajo.cl\/portal\/?p=68723"},"modified":"2016-04-14T08:39:30","modified_gmt":"2016-04-14T11:39:30","slug":"familias-sanestebinas-se-beneficiaran-con-servicio-de-internet-gratuito","status":"publish","type":"post","link":"https:\/\/eltrabajo.cl\/portal\/familias-sanestebinas-se-beneficiaran-con-servicio-de-internet-gratuito\/","title":{"rendered":"Familias sanestebinas se beneficiar\u00e1n con servicio de internet gratuito"},"content":{"rendered":"<p><strong>En cuatro puntos de la comuna se instalar\u00e1n antenas de Red wifi P\u00fablica, iniciativa que permitir\u00e1 sesiones individuales de 30 minutos.<\/strong><br \/>\n<strong>SAN ESTEBAN.-<\/strong> M\u00e1s de dos mil familias de la comuna de San Esteban podr\u00e1n acceder a servicio de internet gratuita gracias a una iniciativa denominada \u2018Primera red wifi P\u00fablica ChileGob\u2019, donde la Subsecretaria de Telecomunicaciones, junto a los Gobiernos Regionales, ponen a disposici\u00f3n puntos de acceso para tablets, tel\u00e9fono m\u00f3vil o computador personal, en sesiones que duran 30 minutos, sin que esto impida conectarse las veces que quiera.<br \/>\nAl respecto, el alcalde Ren\u00e9 Mardones inform\u00f3 que los sectores donde estar\u00e1n las antenas ser\u00e1n las Villas Pintores Chilenos, El Dorado, Los Nogales y la Plaza de Armas de la Comuna.<br \/>\nExplic\u00f3 que las antenas tendr\u00e1n un radio de 100 metros y permitir\u00e1 que 25 usuarios puedan estar conectados a la vez. Adem\u00e1s ser\u00e1 un apoyo para los alumnos que recibieron computadores gracias a programas de gobierno.<br \/>\n\u201cAquellos computadores ten\u00edan internet durante un a\u00f1o y ya est\u00e1 por vencer, y justamente en mayo estar\u00e1 operativo la internet\u201d, sostuvo el alcalde Mardones.<br \/>\nEn ese contexto, la Encargada de Inform\u00e1tica del municipio, Ecla Herrera destac\u00f3 que, \u201ccada antena estar\u00e1 ubicada en las plazas de los sectores informados, y ser\u00e1n 25 personas a la vez que podr\u00e1n conectarse durante 30 minutos. Una vez que se acabe este tiempo, otra persona podr\u00e1 acceder y de no haberlo podr\u00e1 volver a ingresar\u201d.<br \/>\nFinalmente, el alcalde dijo que, \u201ces un avance y progreso para la comuna. No todos tienen acceso a internet gratuito, por lo mismo hago un llamado a las familias a que hagan un buen uso de esta red para que no hayan situaciones indeseables. Habr\u00e1 un acceso gratuito para temas educativos y productivos\u201d, concluy\u00f3.<\/p>\n<figure id=\"attachment_68724\" aria-describedby=\"caption-attachment-68724\" style=\"width: 528px\" class=\"wp-caption alignleft\"><a href=\"http:\/\/www.eltrabajo.cl\/portal\/familias-sanestebinas-se-beneficiaran-con-servicio-de-internet-gratuito\/antenas_wi\/\" rel=\"attachment wp-att-68724\"><img data-recalc-dims=\"1\" loading=\"lazy\" decoding=\"async\" class=\"size-full wp-image-68724\" src=\"https:\/\/i0.wp.com\/www.eltrabajo.cl\/portal\/wp-content\/uploads\/2016\/04\/antenas_wi.jpg?resize=528%2C350\" alt=\"En 4 puntos de la ciudad se instalar\u00e1n antenas de wifi, iniciativa que permitir\u00e1 que los vecinos de San Esteban puedan acceder a sesiones individuales de 30 minutos de manera gratuita.\" width=\"528\" height=\"350\" srcset=\"https:\/\/i0.wp.com\/eltrabajo.cl\/portal\/wp-content\/uploads\/2016\/04\/antenas_wi.jpg?w=528&amp;ssl=1 528w, https:\/\/i0.wp.com\/eltrabajo.cl\/portal\/wp-content\/uploads\/2016\/04\/antenas_wi.jpg?resize=200%2C133&amp;ssl=1 200w, https:\/\/i0.wp.com\/eltrabajo.cl\/portal\/wp-content\/uploads\/2016\/04\/antenas_wi.jpg?resize=300%2C199&amp;ssl=1 300w, https:\/\/i0.wp.com\/eltrabajo.cl\/portal\/wp-content\/uploads\/2016\/04\/antenas_wi.jpg?resize=226%2C150&amp;ssl=1 226w, https:\/\/i0.wp.com\/eltrabajo.cl\/portal\/wp-content\/uploads\/2016\/04\/antenas_wi.jpg?resize=400%2C265&amp;ssl=1 400w\" sizes=\"auto, (max-width: 528px) 100vw, 528px\" \/><\/a><figcaption id=\"caption-attachment-68724\" class=\"wp-caption-text\">En 4 puntos de la ciudad se instalar\u00e1n antenas de wifi, iniciativa que permitir\u00e1 que los vecinos de San Esteban puedan acceder a sesiones individuales de 30 minutos de manera gratuita.<\/figcaption><\/figure>\n","protected":false},"excerpt":{"rendered":"<p>En cuatro puntos de la comuna se instalar\u00e1n antenas de Red wifi P\u00fablica, iniciativa que permitir\u00e1 sesiones individuales de 30 minutos. SAN ESTEBAN.- M\u00e1s de dos mil familias de la comuna de&#8230;<\/p>\n","protected":false},"author":1,"featured_media":68724,"comment_status":"open","ping_status":"open","sticky":false,"template":"","format":"standard","meta":{"advanced_seo_description":"","jetpack_seo_html_title":"","jetpack_seo_noindex":false,"_jetpack_memberships_contains_paid_content":false,"footnotes":""},"categories":[1],"tags":[],"class_list":["post-68723","post","type-post","status-publish","format-standard","has-post-thumbnail","hentry","category-cronica"],"jetpack_featured_media_url":"https:\/\/i0.wp.com\/eltrabajo.cl\/portal\/wp-content\/uploads\/2016\/04\/antenas_wi.jpg?fit=528%2C350&ssl=1","jetpack_sharing_enabled":true,"jetpack_likes_enabled":true,"jetpack-related-posts":[],"_links":{"self":[{"href":"https:\/\/eltrabajo.cl\/portal\/wp-json\/wp\/v2\/posts\/68723","targetHints":{"allow":["GET"]}}],"collection":[{"href":"https:\/\/eltrabajo.cl\/portal\/wp-json\/wp\/v2\/posts"}],"about":[{"href":"https:\/\/eltrabajo.cl\/portal\/wp-json\/wp\/v2\/types\/post"}],"author":[{"embeddable":true,"href":"https:\/\/eltrabajo.cl\/portal\/wp-json\/wp\/v2\/users\/1"}],"replies":[{"embeddable":true,"href":"https:\/\/eltrabajo.cl\/portal\/wp-json\/wp\/v2\/comments?post=68723"}],"version-history":[{"count":0,"href":"https:\/\/eltrabajo.cl\/portal\/wp-json\/wp\/v2\/posts\/68723\/revisions"}],"wp:featuredmedia":[{"embeddable":true,"href":"https:\/\/eltrabajo.cl\/portal\/wp-json\/wp\/v2\/media\/68724"}],"wp:attachment":[{"href":"https:\/\/eltrabajo.cl\/portal\/wp-json\/wp\/v2\/media?parent=68723"}],"wp:term":[{"taxonomy":"category","embeddable":true,"href":"https:\/\/eltrabajo.cl\/portal\/wp-json\/wp\/v2\/categories?post=68723"},{"taxonomy":"post_tag","embeddable":true,"href":"https:\/\/eltrabajo.cl\/portal\/wp-json\/wp\/v2\/tags?post=68723"}],"curies":[{"name":"wp","href":"https:\/\/api.w.org\/{rel}","templated":true}]}}