{"id":68727,"date":"2016-04-14T08:41:40","date_gmt":"2016-04-14T11:41:40","guid":{"rendered":"http:\/\/www.eltrabajo.cl\/portal\/?p=68727"},"modified":"2016-04-14T08:41:40","modified_gmt":"2016-04-14T11:41:40","slug":"grupo-social-damas-de-lila-cumple-17-anos-este-22-de-abril","status":"publish","type":"post","link":"https:\/\/eltrabajo.cl\/portal\/grupo-social-damas-de-lila-cumple-17-anos-este-22-de-abril\/","title":{"rendered":"Grupo Social Damas de Lila cumple 17 a\u00f1os este 22 de abril"},"content":{"rendered":"<figure id=\"attachment_68729\" aria-describedby=\"caption-attachment-68729\" style=\"width: 300px\" class=\"wp-caption alignleft\"><a href=\"http:\/\/www.eltrabajo.cl\/portal\/grupo-social-damas-de-lila-cumple-17-anos-este-22-de-abril\/silvia-rosende-2\/\" rel=\"attachment wp-att-68729\"><img data-recalc-dims=\"1\" loading=\"lazy\" decoding=\"async\" class=\"size-medium wp-image-68729\" src=\"https:\/\/i0.wp.com\/www.eltrabajo.cl\/portal\/wp-content\/uploads\/2016\/04\/Silvia-Rosende-300x198.jpg?resize=300%2C198\" alt=\"Presidente de Damas de Lila, la se\u00f1ora Silvia Rosende.\" width=\"300\" height=\"198\" srcset=\"https:\/\/i0.wp.com\/eltrabajo.cl\/portal\/wp-content\/uploads\/2016\/04\/Silvia-Rosende.jpg?resize=300%2C198&amp;ssl=1 300w, https:\/\/i0.wp.com\/eltrabajo.cl\/portal\/wp-content\/uploads\/2016\/04\/Silvia-Rosende.jpg?resize=200%2C132&amp;ssl=1 200w, https:\/\/i0.wp.com\/eltrabajo.cl\/portal\/wp-content\/uploads\/2016\/04\/Silvia-Rosende.jpg?resize=228%2C150&amp;ssl=1 228w, https:\/\/i0.wp.com\/eltrabajo.cl\/portal\/wp-content\/uploads\/2016\/04\/Silvia-Rosende.jpg?resize=400%2C263&amp;ssl=1 400w, https:\/\/i0.wp.com\/eltrabajo.cl\/portal\/wp-content\/uploads\/2016\/04\/Silvia-Rosende.jpg?w=530&amp;ssl=1 530w\" sizes=\"auto, (max-width: 300px) 100vw, 300px\" \/><\/a><figcaption id=\"caption-attachment-68729\" class=\"wp-caption-text\">Presidente de Damas de Lila, la se\u00f1ora Silvia Rosende.<\/figcaption><\/figure>\n<p><strong>Misa el viernes a las 17:30 en Parroquia La Merced:<\/strong><br \/>\nSon conocidas como esos \u2018\u00e1ngeles\u2019 en tiempo de aflicci\u00f3n y amargura. Oficialmente se llaman \u2018Voluntariado Luz, Amor y Caridad Damas de Lila\u2019, organizaci\u00f3n sanfelipe\u00f1a que naci\u00f3 oficialmente el 23 de abril de 1999 y que cuenta con 25 voluntarias activas. Diario El Trabajo habl\u00f3 este mi\u00e9rcoles con la presidente de Damas de Lila, la se\u00f1ora Silvia Rosende, quien dirige este grupo de mujeres desde hace tres a\u00f1os, aunque ya ha sido en otras ocasiones su presidente.<br \/>\n\u00abNosotras trabajamos con enfermos que sufren de c\u00e1ncer ya en su etapa terminal y pertenecemos al Programa del Dolor en el Hospital San Camilo. Hoy queremos invitar a todos los sanfelipe\u00f1os para que asistan a una Misa de Aniversario que se celebrar\u00e1 en la parroquia Merced, esta actividad se realizar\u00e1 el viernes 22 de abril a las 19:30 horas\u00bb, inform\u00f3 a Diario El Trabajo la directora de Damas de Lila.<br \/>\nEste grupo se re\u00fane desde las 16:00 horas todos los jueves en la sede vecinal que arriendan al municipio, ubicada en Poblaci\u00f3n San Felipe, Regalado Hern\u00e1ndez 51. Los interesados en contactarlas para apoyar o hacer alg\u00fan donativo, pueden llamar al fono 99532 524.<\/p>\n<figure id=\"attachment_68728\" aria-describedby=\"caption-attachment-68728\" style=\"width: 530px\" class=\"wp-caption alignleft\"><a href=\"http:\/\/www.eltrabajo.cl\/portal\/grupo-social-damas-de-lila-cumple-17-anos-este-22-de-abril\/damas33-2\/\" rel=\"attachment wp-att-68728\"><img data-recalc-dims=\"1\" loading=\"lazy\" decoding=\"async\" class=\"size-full wp-image-68728\" src=\"https:\/\/i0.wp.com\/www.eltrabajo.cl\/portal\/wp-content\/uploads\/2016\/04\/Damas33.jpg?resize=530%2C350\" alt=\"SIEMPRE DE LILA.- Ellas son las Damas de Lila de San Felipe, un ejemplo de entrega y solidaridad para enfermos de c\u00e1ncer terminal.\" width=\"530\" height=\"350\" srcset=\"https:\/\/i0.wp.com\/eltrabajo.cl\/portal\/wp-content\/uploads\/2016\/04\/Damas33.jpg?w=530&amp;ssl=1 530w, https:\/\/i0.wp.com\/eltrabajo.cl\/portal\/wp-content\/uploads\/2016\/04\/Damas33.jpg?resize=200%2C132&amp;ssl=1 200w, https:\/\/i0.wp.com\/eltrabajo.cl\/portal\/wp-content\/uploads\/2016\/04\/Damas33.jpg?resize=300%2C198&amp;ssl=1 300w, https:\/\/i0.wp.com\/eltrabajo.cl\/portal\/wp-content\/uploads\/2016\/04\/Damas33.jpg?resize=227%2C150&amp;ssl=1 227w, https:\/\/i0.wp.com\/eltrabajo.cl\/portal\/wp-content\/uploads\/2016\/04\/Damas33.jpg?resize=400%2C264&amp;ssl=1 400w\" sizes=\"auto, (max-width: 530px) 100vw, 530px\" \/><\/a><figcaption id=\"caption-attachment-68728\" class=\"wp-caption-text\">SIEMPRE DE LILA.- Ellas son las Damas de Lila de San Felipe, un ejemplo de entrega y solidaridad para enfermos de c\u00e1ncer terminal.<\/figcaption><\/figure>\n","protected":false},"excerpt":{"rendered":"<p>Misa el viernes a las 17:30 en Parroquia La Merced: Son conocidas como esos \u2018\u00e1ngeles\u2019 en tiempo de aflicci\u00f3n y amargura. Oficialmente se llaman \u2018Voluntariado Luz, Amor y Caridad Damas de Lila\u2019,&#8230;<\/p>\n","protected":false},"author":1,"featured_media":68728,"comment_status":"open","ping_status":"open","sticky":false,"template":"","format":"standard","meta":{"advanced_seo_description":"","jetpack_seo_html_title":"","jetpack_seo_noindex":false,"_jetpack_memberships_contains_paid_content":false,"footnotes":""},"categories":[15],"tags":[],"class_list":["post-68727","post","type-post","status-publish","format-standard","has-post-thumbnail","hentry","category-comunidad"],"jetpack_featured_media_url":"https:\/\/i0.wp.com\/eltrabajo.cl\/portal\/wp-content\/uploads\/2016\/04\/Damas33.jpg?fit=530%2C350&ssl=1","jetpack_sharing_enabled":true,"jetpack_likes_enabled":true,"jetpack-related-posts":[],"_links":{"self":[{"href":"https:\/\/eltrabajo.cl\/portal\/wp-json\/wp\/v2\/posts\/68727","targetHints":{"allow":["GET"]}}],"collection":[{"href":"https:\/\/eltrabajo.cl\/portal\/wp-json\/wp\/v2\/posts"}],"about":[{"href":"https:\/\/eltrabajo.cl\/portal\/wp-json\/wp\/v2\/types\/post"}],"author":[{"embeddable":true,"href":"https:\/\/eltrabajo.cl\/portal\/wp-json\/wp\/v2\/users\/1"}],"replies":[{"embeddable":true,"href":"https:\/\/eltrabajo.cl\/portal\/wp-json\/wp\/v2\/comments?post=68727"}],"version-history":[{"count":0,"href":"https:\/\/eltrabajo.cl\/portal\/wp-json\/wp\/v2\/posts\/68727\/revisions"}],"wp:featuredmedia":[{"embeddable":true,"href":"https:\/\/eltrabajo.cl\/portal\/wp-json\/wp\/v2\/media\/68728"}],"wp:attachment":[{"href":"https:\/\/eltrabajo.cl\/portal\/wp-json\/wp\/v2\/media?parent=68727"}],"wp:term":[{"taxonomy":"category","embeddable":true,"href":"https:\/\/eltrabajo.cl\/portal\/wp-json\/wp\/v2\/categories?post=68727"},{"taxonomy":"post_tag","embeddable":true,"href":"https:\/\/eltrabajo.cl\/portal\/wp-json\/wp\/v2\/tags?post=68727"}],"curies":[{"name":"wp","href":"https:\/\/api.w.org\/{rel}","templated":true}]}}