{"id":68732,"date":"2016-04-14T08:43:42","date_gmt":"2016-04-14T11:43:42","guid":{"rendered":"http:\/\/www.eltrabajo.cl\/portal\/?p=68732"},"modified":"2016-04-14T08:43:42","modified_gmt":"2016-04-14T11:43:42","slug":"tres-adultos-lesionados-en-choque-de-vehiculos-en-puente-encon","status":"publish","type":"post","link":"https:\/\/eltrabajo.cl\/portal\/tres-adultos-lesionados-en-choque-de-vehiculos-en-puente-encon\/","title":{"rendered":"Tres adultos lesionados en choque de veh\u00edculos en Puente Enc\u00f3n"},"content":{"rendered":"<p><strong>Pasadas las 15:30 horas de ayer mi\u00e9rcoles:<\/strong><br \/>\nUn violento accidente automovil\u00edstico se origin\u00f3 pasadas las 15:30 horas de ayer mi\u00e9rcoles en el puente Enc\u00f3n de San Felipe, dejando como consecuencia tres personas adultas lesionadas tras el impacto frontal de dos veh\u00edculos menores.<br \/>\nAl accidente concurrieron personal de Carabineros, la Unidad de Rescate de Bomberos de la Tercera Compa\u00f1\u00eda de Bomberos y personal del Samu para asistir a los lesionados que fueron derivados hasta el servicio de urgencias del Hospital San Camilo de San Felipe.<br \/>\nAsimismo se registraron desv\u00edos de tr\u00e1nsito que fueron controlados por Carabineros adoptando el procedimiento de rigor para determinar las causas basales del accidente.<br \/>\n\u201cResultaron tres personas lesionadas, las cuales dos de ellos adultos mayores. En primera instancia se vieron de car\u00e1cter leve que fueron trasladadas por el Samu, uno de los lesionados presentaba cortes en la cabeza\u201d, inform\u00f3 el Segundo Comandante de Bomberos, Patricio Lobos.<\/p>\n<figure id=\"attachment_68733\" aria-describedby=\"caption-attachment-68733\" style=\"width: 530px\" class=\"wp-caption alignleft\"><a href=\"http:\/\/www.eltrabajo.cl\/portal\/tres-adultos-lesionados-en-choque-de-vehiculos-en-puente-encon\/accidente-encon\/\" rel=\"attachment wp-att-68733\"><img data-recalc-dims=\"1\" loading=\"lazy\" decoding=\"async\" class=\"size-full wp-image-68733\" src=\"https:\/\/i0.wp.com\/www.eltrabajo.cl\/portal\/wp-content\/uploads\/2016\/04\/accidente-encon.jpg?resize=530%2C349\" alt=\"El accidente se produjo a eso de las 15:30 en el Puente Enc\u00f3n de San Felipe, involucrando a dos veh\u00edculos menores que habr\u00edan impactado frontalmente resultando tres personas lesionadas.\" width=\"530\" height=\"349\" srcset=\"https:\/\/i0.wp.com\/eltrabajo.cl\/portal\/wp-content\/uploads\/2016\/04\/accidente-encon.jpg?w=530&amp;ssl=1 530w, https:\/\/i0.wp.com\/eltrabajo.cl\/portal\/wp-content\/uploads\/2016\/04\/accidente-encon.jpg?resize=200%2C132&amp;ssl=1 200w, https:\/\/i0.wp.com\/eltrabajo.cl\/portal\/wp-content\/uploads\/2016\/04\/accidente-encon.jpg?resize=300%2C198&amp;ssl=1 300w, https:\/\/i0.wp.com\/eltrabajo.cl\/portal\/wp-content\/uploads\/2016\/04\/accidente-encon.jpg?resize=228%2C150&amp;ssl=1 228w, https:\/\/i0.wp.com\/eltrabajo.cl\/portal\/wp-content\/uploads\/2016\/04\/accidente-encon.jpg?resize=400%2C263&amp;ssl=1 400w\" sizes=\"auto, (max-width: 530px) 100vw, 530px\" \/><\/a><figcaption id=\"caption-attachment-68733\" class=\"wp-caption-text\">El accidente se produjo a eso de las 15:30 en el Puente Enc\u00f3n de San Felipe, involucrando a dos veh\u00edculos menores que habr\u00edan impactado frontalmente resultando tres personas lesionadas.<\/figcaption><\/figure>\n","protected":false},"excerpt":{"rendered":"<p>Pasadas las 15:30 horas de ayer mi\u00e9rcoles: Un violento accidente automovil\u00edstico se origin\u00f3 pasadas las 15:30 horas de ayer mi\u00e9rcoles en el puente Enc\u00f3n de San Felipe, dejando como consecuencia tres personas&#8230;<\/p>\n","protected":false},"author":1,"featured_media":68733,"comment_status":"open","ping_status":"open","sticky":false,"template":"","format":"standard","meta":{"advanced_seo_description":"","jetpack_seo_html_title":"","jetpack_seo_noindex":false,"_jetpack_memberships_contains_paid_content":false,"footnotes":""},"categories":[21],"tags":[],"class_list":["post-68732","post","type-post","status-publish","format-standard","has-post-thumbnail","hentry","category-policial"],"jetpack_featured_media_url":"https:\/\/i0.wp.com\/eltrabajo.cl\/portal\/wp-content\/uploads\/2016\/04\/accidente-encon.jpg?fit=530%2C349&ssl=1","jetpack_sharing_enabled":true,"jetpack_likes_enabled":true,"jetpack-related-posts":[],"_links":{"self":[{"href":"https:\/\/eltrabajo.cl\/portal\/wp-json\/wp\/v2\/posts\/68732","targetHints":{"allow":["GET"]}}],"collection":[{"href":"https:\/\/eltrabajo.cl\/portal\/wp-json\/wp\/v2\/posts"}],"about":[{"href":"https:\/\/eltrabajo.cl\/portal\/wp-json\/wp\/v2\/types\/post"}],"author":[{"embeddable":true,"href":"https:\/\/eltrabajo.cl\/portal\/wp-json\/wp\/v2\/users\/1"}],"replies":[{"embeddable":true,"href":"https:\/\/eltrabajo.cl\/portal\/wp-json\/wp\/v2\/comments?post=68732"}],"version-history":[{"count":0,"href":"https:\/\/eltrabajo.cl\/portal\/wp-json\/wp\/v2\/posts\/68732\/revisions"}],"wp:featuredmedia":[{"embeddable":true,"href":"https:\/\/eltrabajo.cl\/portal\/wp-json\/wp\/v2\/media\/68733"}],"wp:attachment":[{"href":"https:\/\/eltrabajo.cl\/portal\/wp-json\/wp\/v2\/media?parent=68732"}],"wp:term":[{"taxonomy":"category","embeddable":true,"href":"https:\/\/eltrabajo.cl\/portal\/wp-json\/wp\/v2\/categories?post=68732"},{"taxonomy":"post_tag","embeddable":true,"href":"https:\/\/eltrabajo.cl\/portal\/wp-json\/wp\/v2\/tags?post=68732"}],"curies":[{"name":"wp","href":"https:\/\/api.w.org\/{rel}","templated":true}]}}