{"id":68736,"date":"2016-04-14T08:48:02","date_gmt":"2016-04-14T11:48:02","guid":{"rendered":"http:\/\/www.eltrabajo.cl\/portal\/?p=68736"},"modified":"2016-04-14T08:48:02","modified_gmt":"2016-04-14T11:48:02","slug":"vehiculo-envuelto-por-las-llamas-en-villa-santa-teresita-de-curimon","status":"publish","type":"post","link":"https:\/\/eltrabajo.cl\/portal\/vehiculo-envuelto-por-las-llamas-en-villa-santa-teresita-de-curimon\/","title":{"rendered":"Veh\u00edculo envuelto por las llamas en villa Santa Teresita de Curim\u00f3n"},"content":{"rendered":"<p><strong>Fue controlado por Bomberos:<\/strong><br \/>\nA eso de las 09:00 horas de ayer mi\u00e9rcoles, personal de la Quinta Compa\u00f1\u00eda de Bomberos control\u00f3 un incendio que se origin\u00f3 al interior de un veh\u00edculo que se encontraba estacionado frente a un domicilio particular de la villa Santa Teresita de Curim\u00f3n, sin que se registraran personas lesionadas.<br \/>\nEl Capit\u00e1n de Bomberos Freddy P\u00e9rez, se\u00f1al\u00f3 que al concurrir a la emergencia, Carabineros ya se encontraba en el sitio del suceso arrojando agua al veh\u00edculo \u201cy al trabajar nos dimos cuenta que el incendio se estaba produciendo en el motor del auto, por lo que tuvimos que trabajar con una l\u00ednea r\u00e1pidamente y amagar el incendio lo m\u00e1s que se pudo\u201d.<br \/>\nP\u00e9rez agreg\u00f3 que luego de varios minutos el fuego fue totalmente reducido, evitando que se propagara hacia las viviendas debido a las enormes llamas que florec\u00edan desde el autom\u00f3vil.<br \/>\n\u201cS\u00ed, hab\u00eda bastantes llamas y la verdad es que nos complicaba en un momento porque las llamas estaban saliendo para el costado de la casa, as\u00ed que se atac\u00f3 lo m\u00e1s r\u00e1pido posible para que no se propagara\u201d.<\/p>\n<figure id=\"attachment_68737\" aria-describedby=\"caption-attachment-68737\" style=\"width: 530px\" class=\"wp-caption alignleft\"><a href=\"http:\/\/www.eltrabajo.cl\/portal\/vehiculo-envuelto-por-las-llamas-en-villa-santa-teresita-de-curimon\/img-20160413-wa0000\/\" rel=\"attachment wp-att-68737\"><img data-recalc-dims=\"1\" loading=\"lazy\" decoding=\"async\" class=\"size-full wp-image-68737\" src=\"https:\/\/i0.wp.com\/www.eltrabajo.cl\/portal\/wp-content\/uploads\/2016\/04\/IMG-20160413-WA0000.jpg?resize=530%2C349\" alt=\" Bomberos control\u00f3 el incendio de un veh\u00edculo envuelto en llamas desde las afueras de un domicilio en la villa Santa Teresita de Curim\u00f3n.\" width=\"530\" height=\"349\" srcset=\"https:\/\/i0.wp.com\/eltrabajo.cl\/portal\/wp-content\/uploads\/2016\/04\/IMG-20160413-WA0000.jpg?w=530&amp;ssl=1 530w, https:\/\/i0.wp.com\/eltrabajo.cl\/portal\/wp-content\/uploads\/2016\/04\/IMG-20160413-WA0000.jpg?resize=200%2C132&amp;ssl=1 200w, https:\/\/i0.wp.com\/eltrabajo.cl\/portal\/wp-content\/uploads\/2016\/04\/IMG-20160413-WA0000.jpg?resize=300%2C198&amp;ssl=1 300w, https:\/\/i0.wp.com\/eltrabajo.cl\/portal\/wp-content\/uploads\/2016\/04\/IMG-20160413-WA0000.jpg?resize=228%2C150&amp;ssl=1 228w, https:\/\/i0.wp.com\/eltrabajo.cl\/portal\/wp-content\/uploads\/2016\/04\/IMG-20160413-WA0000.jpg?resize=400%2C263&amp;ssl=1 400w\" sizes=\"auto, (max-width: 530px) 100vw, 530px\" \/><\/a><figcaption id=\"caption-attachment-68737\" class=\"wp-caption-text\">Bomberos control\u00f3 el incendio de un veh\u00edculo envuelto en llamas desde las afueras de un domicilio en la villa Santa Teresita de Curim\u00f3n.<\/figcaption><\/figure>\n<figure id=\"attachment_68738\" aria-describedby=\"caption-attachment-68738\" style=\"width: 530px\" class=\"wp-caption alignleft\"><a href=\"http:\/\/www.eltrabajo.cl\/portal\/vehiculo-envuelto-por-las-llamas-en-villa-santa-teresita-de-curimon\/img-20160413-wa0001\/\" rel=\"attachment wp-att-68738\"><img data-recalc-dims=\"1\" loading=\"lazy\" decoding=\"async\" class=\"size-full wp-image-68738\" src=\"https:\/\/i0.wp.com\/www.eltrabajo.cl\/portal\/wp-content\/uploads\/2016\/04\/IMG-20160413-WA0001.jpg?resize=530%2C349\" alt=\" Bomberos control\u00f3 el incendio de un veh\u00edculo envuelto en llamas desde las afueras de un domicilio en la villa Santa Teresita de Curim\u00f3n.\" width=\"530\" height=\"349\" srcset=\"https:\/\/i0.wp.com\/eltrabajo.cl\/portal\/wp-content\/uploads\/2016\/04\/IMG-20160413-WA0001.jpg?w=530&amp;ssl=1 530w, https:\/\/i0.wp.com\/eltrabajo.cl\/portal\/wp-content\/uploads\/2016\/04\/IMG-20160413-WA0001.jpg?resize=200%2C132&amp;ssl=1 200w, https:\/\/i0.wp.com\/eltrabajo.cl\/portal\/wp-content\/uploads\/2016\/04\/IMG-20160413-WA0001.jpg?resize=300%2C198&amp;ssl=1 300w, https:\/\/i0.wp.com\/eltrabajo.cl\/portal\/wp-content\/uploads\/2016\/04\/IMG-20160413-WA0001.jpg?resize=228%2C150&amp;ssl=1 228w, https:\/\/i0.wp.com\/eltrabajo.cl\/portal\/wp-content\/uploads\/2016\/04\/IMG-20160413-WA0001.jpg?resize=400%2C263&amp;ssl=1 400w\" sizes=\"auto, (max-width: 530px) 100vw, 530px\" \/><\/a><figcaption id=\"caption-attachment-68738\" class=\"wp-caption-text\">Bomberos control\u00f3 el incendio de un veh\u00edculo envuelto en llamas desde las afueras de un domicilio en la villa Santa Teresita de Curim\u00f3n.<\/figcaption><\/figure>\n<figure id=\"attachment_68739\" aria-describedby=\"caption-attachment-68739\" style=\"width: 530px\" class=\"wp-caption alignleft\"><a href=\"http:\/\/www.eltrabajo.cl\/portal\/vehiculo-envuelto-por-las-llamas-en-villa-santa-teresita-de-curimon\/incendio-automovil\/\" rel=\"attachment wp-att-68739\"><img data-recalc-dims=\"1\" loading=\"lazy\" decoding=\"async\" class=\"size-full wp-image-68739\" src=\"https:\/\/i0.wp.com\/www.eltrabajo.cl\/portal\/wp-content\/uploads\/2016\/04\/incendio-automovil.jpg?resize=530%2C349\" alt=\" Bomberos control\u00f3 el incendio de un veh\u00edculo envuelto en llamas desde las afueras de un domicilio en la villa Santa Teresita de Curim\u00f3n.\" width=\"530\" height=\"349\" srcset=\"https:\/\/i0.wp.com\/eltrabajo.cl\/portal\/wp-content\/uploads\/2016\/04\/incendio-automovil.jpg?w=530&amp;ssl=1 530w, https:\/\/i0.wp.com\/eltrabajo.cl\/portal\/wp-content\/uploads\/2016\/04\/incendio-automovil.jpg?resize=200%2C132&amp;ssl=1 200w, https:\/\/i0.wp.com\/eltrabajo.cl\/portal\/wp-content\/uploads\/2016\/04\/incendio-automovil.jpg?resize=300%2C198&amp;ssl=1 300w, https:\/\/i0.wp.com\/eltrabajo.cl\/portal\/wp-content\/uploads\/2016\/04\/incendio-automovil.jpg?resize=228%2C150&amp;ssl=1 228w, https:\/\/i0.wp.com\/eltrabajo.cl\/portal\/wp-content\/uploads\/2016\/04\/incendio-automovil.jpg?resize=400%2C263&amp;ssl=1 400w\" sizes=\"auto, (max-width: 530px) 100vw, 530px\" \/><\/a><figcaption id=\"caption-attachment-68739\" class=\"wp-caption-text\">Bomberos control\u00f3 el incendio de un veh\u00edculo envuelto en llamas desde las afueras de un domicilio en la villa Santa Teresita de Curim\u00f3n.<\/figcaption><\/figure>\n","protected":false},"excerpt":{"rendered":"<p>Fue controlado por Bomberos: A eso de las 09:00 horas de ayer mi\u00e9rcoles, personal de la Quinta Compa\u00f1\u00eda de Bomberos control\u00f3 un incendio que se origin\u00f3 al interior de un veh\u00edculo que&#8230;<\/p>\n","protected":false},"author":1,"featured_media":68737,"comment_status":"open","ping_status":"open","sticky":false,"template":"","format":"standard","meta":{"advanced_seo_description":"","jetpack_seo_html_title":"","jetpack_seo_noindex":false,"_jetpack_memberships_contains_paid_content":false,"footnotes":""},"categories":[21],"tags":[],"class_list":["post-68736","post","type-post","status-publish","format-standard","has-post-thumbnail","hentry","category-policial"],"jetpack_featured_media_url":"https:\/\/i0.wp.com\/eltrabajo.cl\/portal\/wp-content\/uploads\/2016\/04\/IMG-20160413-WA0000.jpg?fit=530%2C349&ssl=1","jetpack_sharing_enabled":true,"jetpack_likes_enabled":true,"jetpack-related-posts":[],"_links":{"self":[{"href":"https:\/\/eltrabajo.cl\/portal\/wp-json\/wp\/v2\/posts\/68736","targetHints":{"allow":["GET"]}}],"collection":[{"href":"https:\/\/eltrabajo.cl\/portal\/wp-json\/wp\/v2\/posts"}],"about":[{"href":"https:\/\/eltrabajo.cl\/portal\/wp-json\/wp\/v2\/types\/post"}],"author":[{"embeddable":true,"href":"https:\/\/eltrabajo.cl\/portal\/wp-json\/wp\/v2\/users\/1"}],"replies":[{"embeddable":true,"href":"https:\/\/eltrabajo.cl\/portal\/wp-json\/wp\/v2\/comments?post=68736"}],"version-history":[{"count":0,"href":"https:\/\/eltrabajo.cl\/portal\/wp-json\/wp\/v2\/posts\/68736\/revisions"}],"wp:featuredmedia":[{"embeddable":true,"href":"https:\/\/eltrabajo.cl\/portal\/wp-json\/wp\/v2\/media\/68737"}],"wp:attachment":[{"href":"https:\/\/eltrabajo.cl\/portal\/wp-json\/wp\/v2\/media?parent=68736"}],"wp:term":[{"taxonomy":"category","embeddable":true,"href":"https:\/\/eltrabajo.cl\/portal\/wp-json\/wp\/v2\/categories?post=68736"},{"taxonomy":"post_tag","embeddable":true,"href":"https:\/\/eltrabajo.cl\/portal\/wp-json\/wp\/v2\/tags?post=68736"}],"curies":[{"name":"wp","href":"https:\/\/api.w.org\/{rel}","templated":true}]}}