{"id":68742,"date":"2016-04-14T08:50:49","date_gmt":"2016-04-14T11:50:49","guid":{"rendered":"http:\/\/www.eltrabajo.cl\/portal\/?p=68742"},"modified":"2016-04-14T08:50:49","modified_gmt":"2016-04-14T11:50:49","slug":"cliente-asegura-ser-forzado-a-mantener-cuenta-en-banco-falabella","status":"publish","type":"post","link":"https:\/\/eltrabajo.cl\/portal\/cliente-asegura-ser-forzado-a-mantener-cuenta-en-banco-falabella\/","title":{"rendered":"Cliente asegura \u2018ser forzado\u2019 a mantener cuenta en Banco Falabella"},"content":{"rendered":"<p><strong>Empresa bancaria guarda silencio:<\/strong><br \/>\nEl se\u00f1or Juan D\u00edaz Mora, quien asegura ser funcionario bancario de Banco Santander de San Felipe, indic\u00f3 a nuestro medio que \u00e9l est\u00e1 siendo \u2018forzado\u2019 por empleados de una firma bancaria competencia de la empresa para la que trabaja, pues aunque \u00e9l ya ha pagado todas sus deudas e impuestos para que le cierren una cuenta corriente que ten\u00eda activa con ese banco, actualmente esa firma bancaria se niega a proceder al cierre.<br \/>\n\u00abYo ten\u00eda una cuenta corriente en Banco Falabella, yo pagu\u00e9 todo el dinero que les deb\u00eda, cuando fui a cerrar mi cuenta, pero no pude, ya que ellos tienen como pol\u00edtica hacer todo lo posible para no perder sus clientes, as\u00ed, la ejecutiva Fabiola Navarro no me cierra la cuenta, pues argumenta que yo debo $13.470, esta ejecutiva me asegur\u00f3 que ahora no deb\u00eda esa suma, sino que deb\u00eda $159.312, me insisti\u00f3 que no cerrara mi cuenta pero creo que est\u00e1n usando artima\u00f1as para no cerrar mi cuenta, denunciar\u00e9 este abuso en Sernac Financiero y si es el caso, me convertir\u00e9 en \u2018La Voz de los Sin Voz\u2019, me siento chantajeado por estas personas y por esta empresa bancaria\u00bb, asegur\u00f3 D\u00edaz a Diario El Trabajo.<br \/>\nNuestro medio hizo contacto con Banco Falabella de San Felipe, a fin de conocer la veracidad de esta denuncia ciudadana, pero se negaron a dar informaci\u00f3n sobre el caso denunciado.<\/p>\n<figure id=\"attachment_68743\" aria-describedby=\"caption-attachment-68743\" style=\"width: 530px\" class=\"wp-caption alignleft\"><a href=\"http:\/\/www.eltrabajo.cl\/portal\/cliente-asegura-ser-forzado-a-mantener-cuenta-en-banco-falabella\/juan-diaz\/\" rel=\"attachment wp-att-68743\"><img data-recalc-dims=\"1\" loading=\"lazy\" decoding=\"async\" class=\"size-full wp-image-68743\" src=\"https:\/\/i0.wp.com\/www.eltrabajo.cl\/portal\/wp-content\/uploads\/2016\/04\/Juan-Diaz.jpg?resize=530%2C350\" alt=\"Juan D\u00edaz muestra a Diario El Trabajo la documentaci\u00f3n que lo libera, seg\u00fan sus dichos, de cualquier deuda con Banco Falabella.\" width=\"530\" height=\"350\" srcset=\"https:\/\/i0.wp.com\/eltrabajo.cl\/portal\/wp-content\/uploads\/2016\/04\/Juan-Diaz.jpg?w=530&amp;ssl=1 530w, https:\/\/i0.wp.com\/eltrabajo.cl\/portal\/wp-content\/uploads\/2016\/04\/Juan-Diaz.jpg?resize=200%2C132&amp;ssl=1 200w, https:\/\/i0.wp.com\/eltrabajo.cl\/portal\/wp-content\/uploads\/2016\/04\/Juan-Diaz.jpg?resize=300%2C198&amp;ssl=1 300w, https:\/\/i0.wp.com\/eltrabajo.cl\/portal\/wp-content\/uploads\/2016\/04\/Juan-Diaz.jpg?resize=227%2C150&amp;ssl=1 227w, https:\/\/i0.wp.com\/eltrabajo.cl\/portal\/wp-content\/uploads\/2016\/04\/Juan-Diaz.jpg?resize=400%2C264&amp;ssl=1 400w\" sizes=\"auto, (max-width: 530px) 100vw, 530px\" \/><\/a><figcaption id=\"caption-attachment-68743\" class=\"wp-caption-text\">Juan D\u00edaz muestra a Diario El Trabajo la documentaci\u00f3n que lo libera, seg\u00fan sus dichos, de cualquier deuda con Banco Falabella.<\/figcaption><\/figure>\n","protected":false},"excerpt":{"rendered":"<p>Empresa bancaria guarda silencio: El se\u00f1or Juan D\u00edaz Mora, quien asegura ser funcionario bancario de Banco Santander de San Felipe, indic\u00f3 a nuestro medio que \u00e9l est\u00e1 siendo \u2018forzado\u2019 por empleados de&#8230;<\/p>\n","protected":false},"author":1,"featured_media":68743,"comment_status":"open","ping_status":"open","sticky":false,"template":"","format":"standard","meta":{"advanced_seo_description":"","jetpack_seo_html_title":"","jetpack_seo_noindex":false,"_jetpack_memberships_contains_paid_content":false,"footnotes":""},"categories":[15],"tags":[],"class_list":["post-68742","post","type-post","status-publish","format-standard","has-post-thumbnail","hentry","category-comunidad"],"jetpack_featured_media_url":"https:\/\/i0.wp.com\/eltrabajo.cl\/portal\/wp-content\/uploads\/2016\/04\/Juan-Diaz.jpg?fit=530%2C350&ssl=1","jetpack_sharing_enabled":true,"jetpack_likes_enabled":true,"jetpack-related-posts":[],"_links":{"self":[{"href":"https:\/\/eltrabajo.cl\/portal\/wp-json\/wp\/v2\/posts\/68742","targetHints":{"allow":["GET"]}}],"collection":[{"href":"https:\/\/eltrabajo.cl\/portal\/wp-json\/wp\/v2\/posts"}],"about":[{"href":"https:\/\/eltrabajo.cl\/portal\/wp-json\/wp\/v2\/types\/post"}],"author":[{"embeddable":true,"href":"https:\/\/eltrabajo.cl\/portal\/wp-json\/wp\/v2\/users\/1"}],"replies":[{"embeddable":true,"href":"https:\/\/eltrabajo.cl\/portal\/wp-json\/wp\/v2\/comments?post=68742"}],"version-history":[{"count":0,"href":"https:\/\/eltrabajo.cl\/portal\/wp-json\/wp\/v2\/posts\/68742\/revisions"}],"wp:featuredmedia":[{"embeddable":true,"href":"https:\/\/eltrabajo.cl\/portal\/wp-json\/wp\/v2\/media\/68743"}],"wp:attachment":[{"href":"https:\/\/eltrabajo.cl\/portal\/wp-json\/wp\/v2\/media?parent=68742"}],"wp:term":[{"taxonomy":"category","embeddable":true,"href":"https:\/\/eltrabajo.cl\/portal\/wp-json\/wp\/v2\/categories?post=68742"},{"taxonomy":"post_tag","embeddable":true,"href":"https:\/\/eltrabajo.cl\/portal\/wp-json\/wp\/v2\/tags?post=68742"}],"curies":[{"name":"wp","href":"https:\/\/api.w.org\/{rel}","templated":true}]}}