{"id":68746,"date":"2016-04-14T08:52:32","date_gmt":"2016-04-14T11:52:32","guid":{"rendered":"http:\/\/www.eltrabajo.cl\/portal\/?p=68746"},"modified":"2016-04-14T08:52:32","modified_gmt":"2016-04-14T11:52:32","slug":"condenan-a-sujeto-por-abusar-sexualmente-de-nina-de-5-anos","status":"publish","type":"post","link":"https:\/\/eltrabajo.cl\/portal\/condenan-a-sujeto-por-abusar-sexualmente-de-nina-de-5-anos\/","title":{"rendered":"Condenan a sujeto por abusar sexualmente de ni\u00f1a de 5 a\u00f1os"},"content":{"rendered":"<p><strong>Menor delat\u00f3 a su agresor sexual justo en d\u00eda de navidad:<\/strong><br \/>\nSeg\u00fan el relato de la menor, las vejaciones ocurrieron en la comuna de Catemu, acusando a la ex pareja de su madre que habr\u00eda abusado de ella durante dos a\u00f1os consecutivos.<br \/>\nUna cruda y escabrosa confesi\u00f3n realiz\u00f3 una peque\u00f1a ni\u00f1a de 7 a\u00f1os quien devel\u00f3 haber sido abusada sexualmente por la entonces pareja de su madre en reiteradas oportunidades al interior de una vivienda en la comuna de Catemu.<br \/>\nLos delitos quedaron al descubierto luego que la menor confidenciara los hechos a su abuela justo un 24 de diciembre del a\u00f1o 2013.<br \/>\nEste importante testimonio junto a otras pruebas exhibidas por la Fiscal\u00eda que investig\u00f3 la causa, permiti\u00f3 a los jueces del Tribunal Oral en Lo Penal de San Felipe, condenar a Alejandro Hern\u00e1n C\u00e1rdenas Araya a la pena de seis a\u00f1os de c\u00e1rcel por el delito de abuso sexual reiterado en contra de una menor de edad.<br \/>\nLos hechos habr\u00edan ocurrido cuando el sentenciado manten\u00eda una relaci\u00f3n sentimental con la madre de la ni\u00f1a, conviviendo en el mismo domicilio durante un lapso de dos a\u00f1os, a partir de 2011. Durante este tiempo, la ni\u00f1a de tan s\u00f3lo cinco a\u00f1os asegura que este sujeto habr\u00eda abusado sexualmente de ella en reiteradas oportunidades.<br \/>\nAnte el evidente da\u00f1o psicol\u00f3gico, la v\u00edctima, a los 7 a\u00f1os de edad, cuando el condenado ya no viv\u00eda en casa, devel\u00f3 a su abuela paterna los escabrosos actos a los que era sometida, pero con el temor de contar los hechos a su madre, seg\u00fan afirma el Fiscal de Delitos Sexuales, Alejandro Bustos a Diario El Trabajo.<br \/>\n\u00abEsta denuncia se inicia con la develaci\u00f3n que efect\u00faa esta menor a la abuela paterna en navidad; le revela que habr\u00eda sido agredida sexualmente por la expareja de la madre y ah\u00ed comienza la investigaci\u00f3n en Carabineros. Al momento de la develaci\u00f3n el acusado ya no viv\u00eda junto a la madre de la ni\u00f1a\u00bb.<br \/>\nEl testimonio de la menor, actualmente de 10 a\u00f1os de edad, permiti\u00f3 que la justicia condenara al acusado por estos delitos. Pese a que la Fiscal\u00eda persegu\u00eda una sentencia de diez a\u00f1os de c\u00e1rcel, los jueces resolvieron aplicar una pena de seis a\u00f1os de presidio.<br \/>\n\u00abSe condena por delito sexual reiterado por los hechos cometidos por una expareja de la madre de la menor, nosotros est\u00e1bamos solicitando que se agravara la pena considerando que el acusado estaba al cuidado de la ni\u00f1a, pero el tribunal la rechaz\u00f3. Pero si se dio por acreditado los abusos sexuales reiterados cometidos entre el a\u00f1o 2011 y 2012 cuando ella ten\u00eda 5 a\u00f1os\u00bb, agreg\u00f3 el representante del Ministerio P\u00fablico de San Felipe.<br \/>\nEl Fiscal Bustos se mostr\u00f3 conforme con la sentencia impuesta por este tribunal, se\u00f1alando que se ajustaba a derecho. No obstante la defensa del sentenciado mantiene diez d\u00edas para elevar eventualmente un recurso de nulidad de este juicio.<br \/>\n<strong>Pablo Salinas Sald\u00edas<\/strong><\/p>\n<figure id=\"attachment_68747\" aria-describedby=\"caption-attachment-68747\" style=\"width: 530px\" class=\"wp-caption alignleft\"><a href=\"http:\/\/www.eltrabajo.cl\/portal\/condenan-a-sujeto-por-abusar-sexualmente-de-nina-de-5-anos\/nina-abusada-4\/\" rel=\"attachment wp-att-68747\"><img data-recalc-dims=\"1\" loading=\"lazy\" decoding=\"async\" class=\"size-full wp-image-68747\" src=\"https:\/\/i0.wp.com\/www.eltrabajo.cl\/portal\/wp-content\/uploads\/2016\/04\/nina-abusada.jpg?resize=530%2C349\" alt=\"La menor revel\u00f3 haber sido abusada por la ex pareja de su madre en un domicilio de la comuna de Catemu. (Foto Referencial).\" width=\"530\" height=\"349\" srcset=\"https:\/\/i0.wp.com\/eltrabajo.cl\/portal\/wp-content\/uploads\/2016\/04\/nina-abusada.jpg?w=530&amp;ssl=1 530w, https:\/\/i0.wp.com\/eltrabajo.cl\/portal\/wp-content\/uploads\/2016\/04\/nina-abusada.jpg?resize=200%2C132&amp;ssl=1 200w, https:\/\/i0.wp.com\/eltrabajo.cl\/portal\/wp-content\/uploads\/2016\/04\/nina-abusada.jpg?resize=300%2C198&amp;ssl=1 300w, https:\/\/i0.wp.com\/eltrabajo.cl\/portal\/wp-content\/uploads\/2016\/04\/nina-abusada.jpg?resize=228%2C150&amp;ssl=1 228w, https:\/\/i0.wp.com\/eltrabajo.cl\/portal\/wp-content\/uploads\/2016\/04\/nina-abusada.jpg?resize=400%2C263&amp;ssl=1 400w\" sizes=\"auto, (max-width: 530px) 100vw, 530px\" \/><\/a><figcaption id=\"caption-attachment-68747\" class=\"wp-caption-text\">La menor revel\u00f3 haber sido abusada por la ex pareja de su madre en un domicilio de la comuna de Catemu. (Foto Referencial).<\/figcaption><\/figure>\n","protected":false},"excerpt":{"rendered":"<p>Menor delat\u00f3 a su agresor sexual justo en d\u00eda de navidad: Seg\u00fan el relato de la menor, las vejaciones ocurrieron en la comuna de Catemu, acusando a la ex pareja de su&#8230;<\/p>\n","protected":false},"author":1,"featured_media":68747,"comment_status":"open","ping_status":"open","sticky":false,"template":"","format":"standard","meta":{"advanced_seo_description":"","jetpack_seo_html_title":"","jetpack_seo_noindex":false,"_jetpack_memberships_contains_paid_content":false,"footnotes":""},"categories":[21],"tags":[],"class_list":["post-68746","post","type-post","status-publish","format-standard","has-post-thumbnail","hentry","category-policial"],"jetpack_featured_media_url":"https:\/\/i0.wp.com\/eltrabajo.cl\/portal\/wp-content\/uploads\/2016\/04\/nina-abusada.jpg?fit=530%2C349&ssl=1","jetpack_sharing_enabled":true,"jetpack_likes_enabled":true,"jetpack-related-posts":[],"_links":{"self":[{"href":"https:\/\/eltrabajo.cl\/portal\/wp-json\/wp\/v2\/posts\/68746","targetHints":{"allow":["GET"]}}],"collection":[{"href":"https:\/\/eltrabajo.cl\/portal\/wp-json\/wp\/v2\/posts"}],"about":[{"href":"https:\/\/eltrabajo.cl\/portal\/wp-json\/wp\/v2\/types\/post"}],"author":[{"embeddable":true,"href":"https:\/\/eltrabajo.cl\/portal\/wp-json\/wp\/v2\/users\/1"}],"replies":[{"embeddable":true,"href":"https:\/\/eltrabajo.cl\/portal\/wp-json\/wp\/v2\/comments?post=68746"}],"version-history":[{"count":0,"href":"https:\/\/eltrabajo.cl\/portal\/wp-json\/wp\/v2\/posts\/68746\/revisions"}],"wp:featuredmedia":[{"embeddable":true,"href":"https:\/\/eltrabajo.cl\/portal\/wp-json\/wp\/v2\/media\/68747"}],"wp:attachment":[{"href":"https:\/\/eltrabajo.cl\/portal\/wp-json\/wp\/v2\/media?parent=68746"}],"wp:term":[{"taxonomy":"category","embeddable":true,"href":"https:\/\/eltrabajo.cl\/portal\/wp-json\/wp\/v2\/categories?post=68746"},{"taxonomy":"post_tag","embeddable":true,"href":"https:\/\/eltrabajo.cl\/portal\/wp-json\/wp\/v2\/tags?post=68746"}],"curies":[{"name":"wp","href":"https:\/\/api.w.org\/{rel}","templated":true}]}}