{"id":6875,"date":"2011-11-30T08:47:40","date_gmt":"2011-11-30T12:47:40","guid":{"rendered":"http:\/\/www.eltrabajo.cl\/portal\/?p=6875"},"modified":"2011-11-30T08:47:40","modified_gmt":"2011-11-30T12:47:40","slug":"miles-de-ninos-disfrutaron-de-show-de-navidad-que-trajo-a-personajes-de-la-tv","status":"publish","type":"post","link":"https:\/\/eltrabajo.cl\/portal\/miles-de-ninos-disfrutaron-de-show-de-navidad-que-trajo-a-personajes-de-la-tv\/","title":{"rendered":"Miles de ni\u00f1os disfrutaron de show de Navidad que trajo a personajes de la TV"},"content":{"rendered":"<figure id=\"attachment_6876\" aria-describedby=\"caption-attachment-6876\" style=\"width: 600px\" class=\"wp-caption alignnone\"><a href=\"http:\/\/www.eltrabajo.cl\/portal\/archives\/6875\/celebracion-navidad-46\" rel=\"attachment wp-att-6876\"><img data-recalc-dims=\"1\" loading=\"lazy\" decoding=\"async\" class=\"size-full wp-image-6876\" title=\"celebracion navidad (46)\" src=\"https:\/\/i0.wp.com\/www.eltrabajo.cl\/portal\/wp-content\/uploads\/2011\/11\/celebracion-navidad-46.jpg?resize=600%2C450\" alt=\"\" width=\"600\" height=\"450\" srcset=\"https:\/\/i0.wp.com\/eltrabajo.cl\/portal\/wp-content\/uploads\/2011\/11\/celebracion-navidad-46.jpg?w=600&amp;ssl=1 600w, https:\/\/i0.wp.com\/eltrabajo.cl\/portal\/wp-content\/uploads\/2011\/11\/celebracion-navidad-46.jpg?resize=200%2C150&amp;ssl=1 200w, https:\/\/i0.wp.com\/eltrabajo.cl\/portal\/wp-content\/uploads\/2011\/11\/celebracion-navidad-46.jpg?resize=300%2C225&amp;ssl=1 300w, https:\/\/i0.wp.com\/eltrabajo.cl\/portal\/wp-content\/uploads\/2011\/11\/celebracion-navidad-46.jpg?resize=150%2C112&amp;ssl=1 150w, https:\/\/i0.wp.com\/eltrabajo.cl\/portal\/wp-content\/uploads\/2011\/11\/celebracion-navidad-46.jpg?resize=400%2C300&amp;ssl=1 400w\" sizes=\"auto, (max-width: 600px) 100vw, 600px\" \/><\/a><figcaption id=\"caption-attachment-6876\" class=\"wp-caption-text\">Los ni\u00f1os de la comuna pudieron disfrutar de un entretenido espect\u00e1culo con los personajes de la televisi\u00f3n.<\/figcaption><\/figure>\n<ul>\n<li><strong>Muchos de los peque\u00f1os quedaron detr\u00e1s de las rejas de protecci\u00f3n y alejados del escenario, en una actividad que no estuvo exenta de cr\u00edticas por el d\u00eda, hora y lugar escogido para realizarse.<\/strong><\/li>\n<\/ul>\n<p>Los ni\u00f1os de la comuna se \u201ctomaron\u201d este martes la plaza de Armas de San Felipe para participar en la fiesta Unidos por la Navidad. Miles de peque\u00f1os, muchos de ellos acompa\u00f1ados por sus profesoras y otros por sus padres, llegaron hasta el sector c\u00e9ntrico de la comuna para participar del show que present\u00f3 a los personajes infantiles m\u00e1s famosos de la televisi\u00f3n.<\/p>\n<p>La actividad fue organizada por el Gabinete de la Primera Dama, Cecilia Morel, quien estuvo acompa\u00f1ada por el ministro del Interior, Rodrigo Hinzpeter; la Gobernadora Patricia Boffa; la Senadora Lily P\u00e9rez y el alcalde Jaime Amar.<\/p>\n<p>Aunque la actividad se realiza de manera bastante adelantada a la navidad, la idea es llevar el show a distintas ciudades de nuestro pa\u00eds, especialmente aquellas donde los ni\u00f1os no tienen la oportunidad de participar de una presentaci\u00f3n de estas caracter\u00edsticas.<\/p>\n<p>Seg\u00fan palabras de la Primera Dama, tambi\u00e9n se buscaba entregar un mensaje de unidad para toda la comunidad.<\/p>\n<p>\u00abEs el mensaje que en esta navidad queremos tener en nuestros corazones, junto a la esperanza y el amor que son palabras fundamentales en esta navidad. Ac\u00e1 no hay colores pol\u00edticos, ac\u00e1 lo que hay son ni\u00f1os, abuelitos tambi\u00e9n y queremos que la familia se una en torno a esta fecha tan importante\u00bb, dijo Morel.<\/p>\n<p>Durante la calurosa ma\u00f1ana que se sinti\u00f3 este martes, los ni\u00f1os disfrutaron de la narraci\u00f3n de una historia de navidad, la que fue matizada por la presentaci\u00f3n de los personajes de la televisi\u00f3n, especialmente de las canciones de Frutillita, los Backyardigans y los Padrinos M\u00e1gicos, para terminar con la llegada del Viejito Pascuero.<\/p>\n<p>El espect\u00e1culo dur\u00f3 aproximadamente una hora y media, tiempo durante el cual los peque\u00f1os, algunos no muy c\u00f3modamente instalados, pudieron disfrutar de un show de color y m\u00fasica, especialmente instalado en un cami\u00f3n espect\u00e1culo que recorre el pa\u00eds con la presentaci\u00f3n de la obra.<\/p>\n<p>El ministro del Interior tambi\u00e9n destac\u00f3 la participaci\u00f3n de los peque\u00f1os, quienes se volvieron protagonistas del espect\u00e1culo.<\/p>\n<p>\u00abAl final del d\u00eda, el futuro de nuestro pa\u00eds, que es lo que m\u00e1s nos importa, se construye a partir de ni\u00f1os que han recibido cari\u00f1o, ni\u00f1os sanos, ni\u00f1os que tienen buenas oportunidades para educarse y vivir en familia, por eso es tan importante lo que ocurri\u00f3 ayer en el Congreso, se aprob\u00f3 un presupuesto que va a aumentar significativamente los recursos para sala cuna, para ni\u00f1os de jardines infantiles, kinder y prekinder, porque no todo es la educaci\u00f3n universitaria, es muy importante, pero las mam\u00e1s nos entienden mejor que nadie, los ni\u00f1os chicos necesitan cari\u00f1o desde chicos y hoy d\u00eda la Primera Dama les ha dado una muestra de cari\u00f1o\u00bb.<\/p>\n<p>Sin embargo no todos los peque\u00f1os pudieron disfrutar de la misma forma el espect\u00e1culo, ya que muchos quedaron detr\u00e1s de las rejas de protecci\u00f3n, parados y bastante apretados por sus compa\u00f1eros, quienes hac\u00edan lo imposible para poder ver la presentaci\u00f3n. A ello se sum\u00f3 el intenso calor que se sent\u00eda a esa hora del d\u00eda, en un lugar que pareciera no ser el m\u00e1s adecuado para este tipo de presentaciones, sobre todo tomando en cuenta la masiva presencia de ni\u00f1os peque\u00f1os y los altos \u00edndices de radiaci\u00f3n UV.<\/p>\n","protected":false},"excerpt":{"rendered":"<p>Muchos de los peque\u00f1os quedaron detr\u00e1s de las rejas de protecci\u00f3n y alejados del escenario, en una actividad que no estuvo exenta de cr\u00edticas por el d\u00eda, hora y lugar escogido para&#8230;<\/p>\n","protected":false},"author":482,"featured_media":6876,"comment_status":"open","ping_status":"open","sticky":false,"template":"","format":"standard","meta":{"advanced_seo_description":"","jetpack_seo_html_title":"","jetpack_seo_noindex":false,"_jetpack_memberships_contains_paid_content":false,"footnotes":""},"categories":[1],"tags":[],"class_list":["post-6875","post","type-post","status-publish","format-standard","has-post-thumbnail","hentry","category-cronica"],"jetpack_featured_media_url":"https:\/\/i0.wp.com\/eltrabajo.cl\/portal\/wp-content\/uploads\/2011\/11\/celebracion-navidad-46.jpg?fit=600%2C450&ssl=1","jetpack_sharing_enabled":true,"jetpack_likes_enabled":true,"jetpack-related-posts":[],"_links":{"self":[{"href":"https:\/\/eltrabajo.cl\/portal\/wp-json\/wp\/v2\/posts\/6875","targetHints":{"allow":["GET"]}}],"collection":[{"href":"https:\/\/eltrabajo.cl\/portal\/wp-json\/wp\/v2\/posts"}],"about":[{"href":"https:\/\/eltrabajo.cl\/portal\/wp-json\/wp\/v2\/types\/post"}],"author":[{"embeddable":true,"href":"https:\/\/eltrabajo.cl\/portal\/wp-json\/wp\/v2\/users\/482"}],"replies":[{"embeddable":true,"href":"https:\/\/eltrabajo.cl\/portal\/wp-json\/wp\/v2\/comments?post=6875"}],"version-history":[{"count":0,"href":"https:\/\/eltrabajo.cl\/portal\/wp-json\/wp\/v2\/posts\/6875\/revisions"}],"wp:featuredmedia":[{"embeddable":true,"href":"https:\/\/eltrabajo.cl\/portal\/wp-json\/wp\/v2\/media\/6876"}],"wp:attachment":[{"href":"https:\/\/eltrabajo.cl\/portal\/wp-json\/wp\/v2\/media?parent=6875"}],"wp:term":[{"taxonomy":"category","embeddable":true,"href":"https:\/\/eltrabajo.cl\/portal\/wp-json\/wp\/v2\/categories?post=6875"},{"taxonomy":"post_tag","embeddable":true,"href":"https:\/\/eltrabajo.cl\/portal\/wp-json\/wp\/v2\/tags?post=6875"}],"curies":[{"name":"wp","href":"https:\/\/api.w.org\/{rel}","templated":true}]}}