{"id":68750,"date":"2016-04-14T08:55:24","date_gmt":"2016-04-14T11:55:24","guid":{"rendered":"http:\/\/www.eltrabajo.cl\/portal\/?p=68750"},"modified":"2016-04-14T08:55:24","modified_gmt":"2016-04-14T11:55:24","slug":"a-fines-de-julio-comenzaria-construccion-primera-etapa-ciclovias-en-san-felipe","status":"publish","type":"post","link":"https:\/\/eltrabajo.cl\/portal\/a-fines-de-julio-comenzaria-construccion-primera-etapa-ciclovias-en-san-felipe\/","title":{"rendered":"A fines de julio comenzar\u00eda construcci\u00f3n primera etapa ciclov\u00edas en San Felipe"},"content":{"rendered":"<p><strong>Fase inicial considera 9.7 km de trazado con una inversi\u00f3n de $ 5 mil 300 millones:<\/strong><br \/>\nLas cuatro alamedas ser\u00e1n las primeras en contar con un espacio exclusivo para los ciclistas. Obras que debieran estar terminadas el a\u00f1o 2018.<br \/>\nDespu\u00e9s de mucho tiempo, el anhelo de los amantes del ciclismo y de los vecinos que utilizan la bicicleta como medio de transporte, est\u00e1 muy cerca de concretarse. Y es que el proyecto de ciclov\u00edas en la comuna de San Felipe comenzar\u00eda a ejecutarse, en su primera etapa de 9,7 km de extensi\u00f3n, a fines del mes de julio.<br \/>\nAs\u00ed lo confirm\u00f3 el Secretario de Planificaci\u00f3n Comunal, Secplac, de la Municipalidad de San Felipe, Claudio Paredes, quien dio a conocer algunos detalles t\u00e9cnicos y econ\u00f3micos que conlleva la construcci\u00f3n de la primera etapa de esta obra, la cual -seg\u00fan dijo- se enmarca en un requerimiento presidencial, que en un principio s\u00f3lo beneficiar\u00e1 a dos comunas de la regi\u00f3n de Valpara\u00edso: San Felipe y La Calera y cuyo proceso licitatorio se encuentra en desarrollo a cargo de Serviu Regi\u00f3n de Valpara\u00edso, organismo que aportar\u00e1 los recursos para la concreci\u00f3n de este mejoramiento vial.<br \/>\nDe acuerdo a lo expresado por Paredes, este emblem\u00e1tico proyecto de la gesti\u00f3n administrativa del alcalde Patricio Freire, en su primera etapa tiene asignado un presupuesto de 5 mil 300 millones de pesos y considera la implementaci\u00f3n del circuito de ciclov\u00edas por las alamedas. \u201cVamos a partir por Yungay y all\u00ed se va a generar el proceso de obras para posteriormente ingresar al centro de la ciudad\u201d, detall\u00f3 el profesional.<br \/>\nSe presume que el ancho de la ciclov\u00eda debiera ser de unos 2 m debidamente demarcados para el tr\u00e1nsito exclusivo de bicicletas y su ubicaci\u00f3n espec\u00edfica en las alamedas Chacabuco, Yungay, O\u2019Higgins y Maip\u00fa, se definir\u00e1 una vez que se conozca la empresa que estar\u00e1 a cargo de las obras.<br \/>\nSin embargo, antecedentes previos indicar\u00edan que se descarta la utilizaci\u00f3n de la parte central de los bandejones, en los cuales se privilegia el tr\u00e1nsito peatonal. En un principio se pensar\u00eda en usar, por ejemplo, en el caso de la alameda Yungay, el extremo poniente del bandej\u00f3n central.<br \/>\nDe acuerdo a la calendarizaci\u00f3n del Serviu, el plazo de ejecuci\u00f3n de las obras, en la construcci\u00f3n de esta primera etapa del circuito de ciclov\u00edas, tendr\u00eda una duraci\u00f3n de 18 meses, es decir, el trazado de las 4 alamedas debiera estar terminado a principio del 2018.<br \/>\nCabe destacar que el proyecto general de Ciclov\u00edas, considera un presupuesto de m\u00e1s de 7 mil millones de pesos, en el cual est\u00e1 incluido el trazo de calle Prat, desde Avenida Yungay hasta Benigno Caldera. Arteria central que eliminar\u00eda el estacionamiento de veh\u00edculos entre ambas alamedas.<\/p>\n<figure id=\"attachment_68751\" aria-describedby=\"caption-attachment-68751\" style=\"width: 300px\" class=\"wp-caption alignleft\"><a href=\"http:\/\/www.eltrabajo.cl\/portal\/a-fines-de-julio-comenzaria-construccion-primera-etapa-ciclovias-en-san-felipe\/foto-1-claudio-paredes-2\/\" rel=\"attachment wp-att-68751\"><img data-recalc-dims=\"1\" loading=\"lazy\" decoding=\"async\" class=\"size-medium wp-image-68751\" src=\"https:\/\/i0.wp.com\/www.eltrabajo.cl\/portal\/wp-content\/uploads\/2016\/04\/FOTO-1-Claudio-Paredes-300x197.jpg?resize=300%2C197\" alt=\"Claudio Paredes, secretario de planificaci\u00f3n comunal de la Municipalidad de San Felipe.\" width=\"300\" height=\"197\" srcset=\"https:\/\/i0.wp.com\/eltrabajo.cl\/portal\/wp-content\/uploads\/2016\/04\/FOTO-1-Claudio-Paredes.jpg?resize=300%2C197&amp;ssl=1 300w, https:\/\/i0.wp.com\/eltrabajo.cl\/portal\/wp-content\/uploads\/2016\/04\/FOTO-1-Claudio-Paredes.jpg?resize=200%2C131&amp;ssl=1 200w, https:\/\/i0.wp.com\/eltrabajo.cl\/portal\/wp-content\/uploads\/2016\/04\/FOTO-1-Claudio-Paredes.jpg?resize=228%2C150&amp;ssl=1 228w, https:\/\/i0.wp.com\/eltrabajo.cl\/portal\/wp-content\/uploads\/2016\/04\/FOTO-1-Claudio-Paredes.jpg?resize=400%2C263&amp;ssl=1 400w, https:\/\/i0.wp.com\/eltrabajo.cl\/portal\/wp-content\/uploads\/2016\/04\/FOTO-1-Claudio-Paredes.jpg?w=530&amp;ssl=1 530w\" sizes=\"auto, (max-width: 300px) 100vw, 300px\" \/><\/a><figcaption id=\"caption-attachment-68751\" class=\"wp-caption-text\">Claudio Paredes, secretario de planificaci\u00f3n comunal de la Municipalidad de San Felipe.<\/figcaption><\/figure>\n","protected":false},"excerpt":{"rendered":"<p>Fase inicial considera 9.7 km de trazado con una inversi\u00f3n de $ 5 mil 300 millones: Las cuatro alamedas ser\u00e1n las primeras en contar con un espacio exclusivo para los ciclistas. Obras&#8230;<\/p>\n","protected":false},"author":1,"featured_media":68751,"comment_status":"open","ping_status":"open","sticky":false,"template":"","format":"standard","meta":{"advanced_seo_description":"","jetpack_seo_html_title":"","jetpack_seo_noindex":false,"_jetpack_memberships_contains_paid_content":false,"footnotes":""},"categories":[1],"tags":[],"class_list":["post-68750","post","type-post","status-publish","format-standard","has-post-thumbnail","hentry","category-cronica"],"jetpack_featured_media_url":"https:\/\/i0.wp.com\/eltrabajo.cl\/portal\/wp-content\/uploads\/2016\/04\/FOTO-1-Claudio-Paredes.jpg?fit=530%2C348&ssl=1","jetpack_sharing_enabled":true,"jetpack_likes_enabled":true,"jetpack-related-posts":[],"_links":{"self":[{"href":"https:\/\/eltrabajo.cl\/portal\/wp-json\/wp\/v2\/posts\/68750","targetHints":{"allow":["GET"]}}],"collection":[{"href":"https:\/\/eltrabajo.cl\/portal\/wp-json\/wp\/v2\/posts"}],"about":[{"href":"https:\/\/eltrabajo.cl\/portal\/wp-json\/wp\/v2\/types\/post"}],"author":[{"embeddable":true,"href":"https:\/\/eltrabajo.cl\/portal\/wp-json\/wp\/v2\/users\/1"}],"replies":[{"embeddable":true,"href":"https:\/\/eltrabajo.cl\/portal\/wp-json\/wp\/v2\/comments?post=68750"}],"version-history":[{"count":0,"href":"https:\/\/eltrabajo.cl\/portal\/wp-json\/wp\/v2\/posts\/68750\/revisions"}],"wp:featuredmedia":[{"embeddable":true,"href":"https:\/\/eltrabajo.cl\/portal\/wp-json\/wp\/v2\/media\/68751"}],"wp:attachment":[{"href":"https:\/\/eltrabajo.cl\/portal\/wp-json\/wp\/v2\/media?parent=68750"}],"wp:term":[{"taxonomy":"category","embeddable":true,"href":"https:\/\/eltrabajo.cl\/portal\/wp-json\/wp\/v2\/categories?post=68750"},{"taxonomy":"post_tag","embeddable":true,"href":"https:\/\/eltrabajo.cl\/portal\/wp-json\/wp\/v2\/tags?post=68750"}],"curies":[{"name":"wp","href":"https:\/\/api.w.org\/{rel}","templated":true}]}}